{"id":1160,"date":"2020-11-04T18:21:45","date_gmt":"2020-11-04T15:21:45","guid":{"rendered":"http:\/\/mersinekonomipolitikagazetesi.com\/?p=1160"},"modified":"2020-11-04T18:21:45","modified_gmt":"2020-11-04T15:21:45","slug":"engelliler-ve-aileleri-farkindalik-icin-yurudu","status":"publish","type":"post","link":"https:\/\/akdenizolaygazetesi.com\/?p=1160","title":{"rendered":"Engelliler ve aileleri fark\u0131ndal\u0131k i\u00e7in y\u00fcr\u00fcd\u00fc"},"content":{"rendered":"<p>Mersin\u2019in Erdemli il\u00e7esinde Engelliler Haftas\u0131 dolay\u0131s\u0131yla \u00f6zel e\u011fitim uygulama merkezi \u00f6nc\u00fcl\u00fc\u011f\u00fcnde, engelli \u00f6\u011frenciler ve ailelerinin de kat\u0131l\u0131m\u0131yla fark\u0131ndal\u0131k y\u00fcr\u00fcy\u00fc\u015f\u00fc d\u00fczenlendi.<\/p>\n<p>Y\u00fcr\u00fcy\u00fc\u015fe yakla\u015f\u0131k 150 ki\u015fi kat\u0131ld\u0131.<br \/>\n\u0130l\u00e7e merkezinde Atat\u00fcrk Caddesi&#8217;nden ba\u015flayan y\u00fcr\u00fcy\u00fc\u015f g\u00fczergah\u0131 Cumhuriyet Meydan\u0131, Saim G\u00f6k\u00fc\u015f Park\u0131&#8217;ndan Erdemli K\u00fclt\u00fcr Merkezi&#8217;ne kadar devam etti.<br \/>\nY\u00fcr\u00fcy\u00fc\u015f esnas\u0131nda &#8216;Deste\u011finiz yerini bulur&#8217;, &#8216;Engelsiz ya\u015fam el ele olur&#8217; yaz\u0131l\u0131 pankartlar\u0131n yan\u0131 s\u0131ra neler yapabildiklerini anlatan engelliler, &#8216;Art\u0131k tost yapabiliyorum&#8217;, &#8216;Harfleri tan\u0131yorum&#8217;, &#8216;Di\u015flerimi f\u0131r\u00e7alayabiliyorum&#8217;, &#8216;Art\u0131k daha \u00e7ok kelime s\u00f6yl\u00fcyorum&#8217; gibi d\u00f6vizlerle etkinli\u011fi renklendirdi.<br \/>\nY\u00fcr\u00fcy\u00fc\u015fe kat\u0131lan Rahime Co\u015fkun, engellilerin hayat\u0131n\u0131 kolayla\u015ft\u0131rmak gerekti\u011fini ifade ederek, &#8220;Toplumun bizi b\u00f6yle kabul etmesini, d\u0131\u015flamamas\u0131n\u0131 istiyoruz&#8221; dedi.<br \/>\nEngellilere yard\u0131mc\u0131 olmak gerekti\u011fini hat\u0131rlatan vatanda\u015flardan Erg\u00fcn Tay da, &#8220;Engellilere her konuda, al\u0131\u015fveri\u015fte olsun, \u00e7ar\u015f\u0131da, pazarda, sokakta olusun, okulda olsun her yerde yard\u0131mc\u0131 olmam\u0131z gerekiyor. Onlar\u0131n bizden hi\u00e7bir fark\u0131 yok. Onlar sadece g\u00f6r\u00fcnt\u00fc itibariyle belki farkl\u0131l\u0131k g\u00f6sterebilirler ama onlar da her \u015feyi anl\u0131yor, biliyor, g\u00f6r\u00fcyor, izliyor&#8221; diye konu\u015ftu.<br \/>\nErdemli \u0130l\u00e7e Milli E\u011fitim M\u00fcd\u00fcr\u00fc Mehmet Metin ise Engelliler Haftas\u0131 dolay\u0131s\u0131yla il\u00e7ede \u00e7e\u015fitli etkinlikler ger\u00e7ekle\u015ftirildi\u011fini belirtti. Metin, &#8220;\u0130l\u00e7emizde ya\u015fayan di\u011fer insanlar\u0131n engellilere dikkatini \u00e7ekmek, onlarla birlikte ya\u015fad\u0131\u011f\u0131m\u0131z\u0131, ayn\u0131 ortamlar\u0131, ayn\u0131 sosyal ortamlar\u0131, ayn\u0131 k\u00fclt\u00fcrel ortamlar\u0131 payla\u015ft\u0131\u011f\u0131m\u0131z\u0131 fark ettirebilmek i\u00e7in bir etkinlik d\u00fczenledik. Etkinliklerden bir tanesi de engelli \u00f6\u011frencilerimizle birlikte y\u00fcr\u00fcy\u00fc\u015ft\u00fc. \u015eimdi de k\u00fclt\u00fcr merkezinde tamam\u0131n\u0131 engelli \u00f6\u011frencilerimizin olu\u015fturdu\u011fu sosyal etkinlikleri ger\u00e7ekle\u015ftirece\u011fiz. Burada da yine amac\u0131m\u0131z birlikte ya\u015fad\u0131\u011f\u0131m\u0131z engellilerin sosyal ve k\u00fclt\u00fcrel ortamda hayatlar\u0131n\u0131 devam ettirebilmeleri, onlar\u0131n da bir birey olarak ki\u015filik kazanmalar\u0131n\u0131 sa\u011flamakt\u0131r&#8221; \u015feklinde konu\u015ftu.<br \/>\nY\u00fcr\u00fcy\u00fc\u015f sonunda Erdemli K\u00fclt\u00fcr Merkezi&#8217;nde engelli \u00f6\u011frenciler haz\u0131rlad\u0131klar\u0131 g\u00f6sterileri sundu. \u0130l\u00e7e protokol\u00fcn\u00fcn de kat\u0131ld\u0131\u011f\u0131 g\u00f6sterilerde engelli \u00f6\u011frenciler h\u00fcnerleriyle b\u00fcy\u00fck be\u011feni toplay\u0131p, alk\u0131\u015f ald\u0131.<\/p>\n","protected":false},"excerpt":{"rendered":"<p>Mersin\u2019in Erdemli il\u00e7esinde Engelliler Haftas\u0131 dolay\u0131s\u0131yla \u00f6zel e\u011fitim uygulama merkezi \u00f6nc\u00fcl\u00fc\u011f\u00fcnde, engelli \u00f6\u011frenciler ve ailelerinin de kat\u0131l\u0131m\u0131yla fark\u0131ndal\u0131k y\u00fcr\u00fcy\u00fc\u015f\u00fc d\u00fczenlendi. Y\u00fcr\u00fcy\u00fc\u015fe yakla\u015f\u0131k 150 ki\u015fi kat\u0131ld\u0131. \u0130l\u00e7e merkezinde Atat\u00fcrk Caddesi&#8217;nden ba\u015flayan &hellip; <a href=\"https:\/\/akdenizolaygazetesi.com\/?p=1160\" class=\"more-link\">Devam\u0131n\u0131 Oku&#8230;<\/a><\/p>\n","protected":false},"author":1,"featured_media":0,"comment_status":"open","ping_status":"open","sticky":false,"template":"","format":"standard","meta":[],"categories":[],"tags":[],"_links":{"self":[{"href":"https:\/\/akdenizolaygazetesi.com\/index.php?rest_route=\/wp\/v2\/posts\/1160"}],"collection":[{"href":"https:\/\/akdenizolaygazetesi.com\/index.php?rest_route=\/wp\/v2\/posts"}],"about":[{"href":"https:\/\/akdenizolaygazetesi.com\/index.php?rest_route=\/wp\/v2\/types\/post"}],"author":[{"embeddable":true,"href":"https:\/\/akdenizolaygazetesi.com\/index.php?rest_route=\/wp\/v2\/users\/1"}],"replies":[{"embeddable":true,"href":"https:\/\/akdenizolaygazetesi.com\/index.php?rest_route=%2Fwp%2Fv2%2Fcomments&post=1160"}],"version-history":[{"count":0,"href":"https:\/\/akdenizolaygazetesi.com\/index.php?rest_route=\/wp\/v2\/posts\/1160\/revisions"}],"wp:attachment":[{"href":"https:\/\/akdenizolaygazetesi.com\/index.php?rest_route=%2Fwp%2Fv2%2Fmedia&parent=1160"}],"wp:term":[{"taxonomy":"category","embeddable":true,"href":"https:\/\/akdenizolaygazetesi.com\/index.php?rest_route=%2Fwp%2Fv2%2Fcategories&post=1160"},{"taxonomy":"post_tag","embeddable":true,"href":"https:\/\/akdenizolaygazetesi.com\/index.php?rest_route=%2Fwp%2Fv2%2Ftags&post=1160"}],"curies":[{"name":"wp","href":"https:\/\/api.w.org\/{rel}","templated":true}]}}