{"id":11603,"date":"2021-03-31T11:52:44","date_gmt":"2021-03-31T08:52:44","guid":{"rendered":"http:\/\/akdenizolaygazetesi.com\/?p=11603"},"modified":"2021-03-31T11:56:38","modified_gmt":"2021-03-31T08:56:38","slug":"kisisel-verilerin-kotuye-kullanimi-kisilik-haklarina-saldiridir","status":"publish","type":"post","link":"https:\/\/akdenizolaygazetesi.com\/?p=11603","title":{"rendered":"\u201cKi\u015fisel verilerin k\u00f6t\u00fcye kullan\u0131m\u0131 ki\u015filik haklar\u0131na sald\u0131r\u0131d\u0131r\u201d"},"content":{"rendered":"<p>Akdeniz Belediyesi\u2019nin birim sorumlular\u0131na; \u2018Ki\u015fisel Verilerin Korunmas\u0131 Kanunu\u2019 kapsam\u0131nda, \u00f6zel hayat\u0131n gizlili\u011fi, ki\u015fisel veriler ile hak ve \u00f6zg\u00fcrl\u00fcklerin korunmas\u0131 konular\u0131nda, uzmanlar taraf\u0131ndan e\u011fitim verildi.<br \/>\nT\u00fcrkiye Belediyeler Birli\u011fi ve Do\u011fu Akdeniz Belediyeler Birli\u011fi Katk\u0131lar\u0131 ile Akdeniz Belediyesi birim sorumlular\u0131 ve birim m\u00fcd\u00fcrlerine; 6698 Say\u0131l\u0131 Ki\u015fisel Verilerin Korunmas\u0131 Kanunu (KVKK) kapsam\u0131nda; Avukat S\u00fcleyman \u00dc\u00e7el ve Bilgisayar M\u00fchendisi H\u00fcseyin Y\u0131ld\u0131r\u0131m taraf\u0131ndan e\u011fitim verildi.<br \/>\nAkdeniz Belediyesi Konferans Salonu\u2019nda iki oturum halinde sunulan e\u011fitimde, ki\u015fisel verilerin i\u015flenme \u015fartlar\u0131n\u0131, ki\u015fisel verilerin i\u015flenmesinde ba\u015fta \u00f6zel hayat\u0131n gizlili\u011fi olmak \u00fczere ki\u015filerin temel hak ve \u00f6zg\u00fcrl\u00fcklerin korunmas\u0131 ile ki\u015fisel verileri i\u015fleyen ger\u00e7ek ve t\u00fczel ki\u015filerin y\u00fck\u00fcml\u00fcl\u00fckleri, ayr\u0131ca uyacaklar\u0131 usul ve esaslar\u0131n \u00f6nemine dikkat \u00e7ekildi. Kanun, ki\u015fisel veri i\u015fleyen t\u00fcm ger\u00e7ek ve t\u00fczel ki\u015filere ciddi y\u00fck\u00fcml\u00fcl\u00fckler getirdi\u011finden, ki\u015fisel verilerin korunmas\u0131 mevzuat\u0131na uyum sa\u011flanmas\u0131 i\u00e7in detayl\u0131 ve titiz \u00e7al\u0131\u015fma y\u00fcr\u00fct\u00fclmesi gerekti\u011fi vurgulan\u0131rken, e\u011fitimde; kat\u0131l\u0131mc\u0131lar\u0131n sorular\u0131 da yan\u0131tland\u0131.<br \/>\n\u201cKi\u015fisel verilerin k\u00f6t\u00fcye kullan\u0131m\u0131 ki\u015filik haklar\u0131na sald\u0131r\u0131d\u0131r\u201d<br \/>\nE\u011fitim hakk\u0131nda bir de\u011ferlendirme yapan Akdeniz Belediye Ba\u015fkan\u0131 M. Mustafa G\u00fcltak, \u201c\u00d6zel ve ki\u015fisel verilerin s\u0131n\u0131rs\u0131z bi\u00e7imde ve geli\u015fig\u00fczel toplanmas\u0131, yetkisiz ki\u015filerin eri\u015fimine a\u00e7\u0131lmas\u0131, if\u015fas\u0131 veya ama\u00e7 d\u0131\u015f\u0131 ya da k\u00f6t\u00fcye kullan\u0131m\u0131 sonucu ki\u015filik haklar\u0131n\u0131n ihlal edilebilmektedir. Kanun kapsam\u0131nda personelimize verdi\u011fimiz bu e\u011fitim, bu t\u00fcr risklerin \u00f6n\u00fcne ge\u00e7ilmesi a\u00e7\u0131s\u0131ndan b\u00fcy\u00fck \u00f6nem ta\u015f\u0131yor. Bu e\u011fitimle beraber, vatanda\u015flar\u0131m\u0131za sundu\u011fumuz hizmetlerde de ilgili kanuna dair usullerin eksiksiz uygulanmas\u0131n\u0131 ama\u00e7l\u0131yoruz. E\u011fitim veren T\u00fcrkiye Belediyeler Birli\u011fi ve Do\u011fu Akdeniz Belediyeler Birli\u011fi\u2019ne te\u015fekk\u00fcr ediyorum\u201d dedi.<\/p>\n","protected":false},"excerpt":{"rendered":"<p>Akdeniz Belediyesi\u2019nin birim sorumlular\u0131na; \u2018Ki\u015fisel Verilerin Korunmas\u0131 Kanunu\u2019 kapsam\u0131nda, \u00f6zel hayat\u0131n gizlili\u011fi, ki\u015fisel veriler ile hak ve \u00f6zg\u00fcrl\u00fcklerin korunmas\u0131 konular\u0131nda, uzmanlar taraf\u0131ndan e\u011fitim verildi. T\u00fcrkiye Belediyeler Birli\u011fi ve Do\u011fu Akdeniz &hellip; <a href=\"https:\/\/akdenizolaygazetesi.com\/?p=11603\" class=\"more-link\">Devam\u0131n\u0131 Oku&#8230;<\/a><\/p>\n","protected":false},"author":2,"featured_media":11607,"comment_status":"open","ping_status":"open","sticky":false,"template":"","format":"standard","meta":[],"categories":[34,1,2,3,5],"tags":[],"_links":{"self":[{"href":"https:\/\/akdenizolaygazetesi.com\/index.php?rest_route=\/wp\/v2\/posts\/11603"}],"collection":[{"href":"https:\/\/akdenizolaygazetesi.com\/index.php?rest_route=\/wp\/v2\/posts"}],"about":[{"href":"https:\/\/akdenizolaygazetesi.com\/index.php?rest_route=\/wp\/v2\/types\/post"}],"author":[{"embeddable":true,"href":"https:\/\/akdenizolaygazetesi.com\/index.php?rest_route=\/wp\/v2\/users\/2"}],"replies":[{"embeddable":true,"href":"https:\/\/akdenizolaygazetesi.com\/index.php?rest_route=%2Fwp%2Fv2%2Fcomments&post=11603"}],"version-history":[{"count":2,"href":"https:\/\/akdenizolaygazetesi.com\/index.php?rest_route=\/wp\/v2\/posts\/11603\/revisions"}],"predecessor-version":[{"id":11608,"href":"https:\/\/akdenizolaygazetesi.com\/index.php?rest_route=\/wp\/v2\/posts\/11603\/revisions\/11608"}],"wp:featuredmedia":[{"embeddable":true,"href":"https:\/\/akdenizolaygazetesi.com\/index.php?rest_route=\/wp\/v2\/media\/11607"}],"wp:attachment":[{"href":"https:\/\/akdenizolaygazetesi.com\/index.php?rest_route=%2Fwp%2Fv2%2Fmedia&parent=11603"}],"wp:term":[{"taxonomy":"category","embeddable":true,"href":"https:\/\/akdenizolaygazetesi.com\/index.php?rest_route=%2Fwp%2Fv2%2Fcategories&post=11603"},{"taxonomy":"post_tag","embeddable":true,"href":"https:\/\/akdenizolaygazetesi.com\/index.php?rest_route=%2Fwp%2Fv2%2Ftags&post=11603"}],"curies":[{"name":"wp","href":"https:\/\/api.w.org\/{rel}","templated":true}]}}