{"id":11610,"date":"2021-04-01T11:51:41","date_gmt":"2021-04-01T08:51:41","guid":{"rendered":"http:\/\/akdenizolaygazetesi.com\/?p=11610"},"modified":"2021-04-01T11:52:22","modified_gmt":"2021-04-01T08:52:22","slug":"hemsehrilerimiz-gonul-rahatligiyla-ibadet-edebilir","status":"publish","type":"post","link":"https:\/\/akdenizolaygazetesi.com\/?p=11610","title":{"rendered":"&#8220;Hem\u015fehrilerimiz G\u00f6n\u00fcl Rahatl\u0131\u011f\u0131yla \u0130badet Edebilir&#8221;"},"content":{"rendered":"<p>Toroslar Belediyesi, il\u00e7e genelindeki ibadethanelerde devam ettirdi\u011fi temizlik ve dezenfekte \u00e7al\u0131\u015fmalar\u0131n\u0131 yo\u011funla\u015ft\u0131rarak, Ramazan ay\u0131na haz\u0131rl\u0131yor.<\/p>\n<p>Pandemi s\u00fcrecinin g\u00fcvenilir ve kontrol alt\u0131nda tutulabilir olmas\u0131 i\u00e7in yapt\u0131\u011f\u0131 \u00e7al\u0131\u015fmalarla takdir toplayan belediye, vaka art\u0131\u015flar\u0131n\u0131n \u00f6n\u00fcne ge\u00e7ebilmek ad\u0131na ald\u0131\u011f\u0131 tedbirleri daha da s\u0131kla\u015ft\u0131rd\u0131.<\/p>\n<p>Temizlik \u0130\u015fleri M\u00fcd\u00fcrl\u00fc\u011f\u00fc ekipleri taraf\u0131ndan; ibadethanelerdeki hal\u0131lar, hal\u0131 y\u0131kama makinesiyle yerinde y\u0131kanarak hijyenik hale getirilirken, Covid-19&#8217;a kar\u015f\u0131 avlu, tuvalet, kap\u0131 kollar\u0131 ve ayakkab\u0131l\u0131k gibi temas\u0131n olabilece\u011fi t\u00fcm y\u00fczeyler dezenfekte ediliyor. Koordineli bir \u015fekilde \u00e7al\u0131\u015fan ekipler, ibadethanelerin \u00e7evresinde genel bak\u0131m \u00e7al\u0131\u015fmas\u0131 da yap\u0131yor.<\/p>\n<p>&#8220;Hem\u015fehrilerimiz G\u00f6n\u00fcl Rahatl\u0131\u011f\u0131yla \u0130badet Edebilir&#8221;<\/p>\n<p>Toroslar Belediye Ba\u015fkan\u0131 Ats\u0131z Af\u015f\u0131n Y\u0131lmaz, vatanda\u015flar\u0131n daha sa\u011fl\u0131kl\u0131 ko\u015fullarda ibadetlerini yerine getirebilmeleri i\u00e7in il\u00e7edeki t\u00fcm ibadethanelerde temizlik ve dezenfekte \u00e7al\u0131\u015fmas\u0131 yapt\u0131klar\u0131n\u0131 s\u00f6yledi.<\/p>\n<p>&#8220;Vir\u00fcse kar\u015f\u0131 m\u00fccadeleyi hep birlikte vermemiz gerekiyor&#8221; diyen Ba\u015fkan Y\u0131lmaz; &#8220;Pandemi s\u00fcresince ortak kullan\u0131m alanlar\u0131ndan biri olan ibadethanelerde kesintisiz s\u00fcrd\u00fcrd\u00fc\u011f\u00fcm\u00fcz temizlik ve dezenfekte \u00e7al\u0131\u015fmalar\u0131m\u0131z\u0131 m\u00fcbarek Ramazan ay\u0131n\u0131n yakla\u015fmas\u0131yla birlikte yo\u011funla\u015ft\u0131rd\u0131k. Hem\u015fehrilerimizin huzurlu ve g\u00fcvenli bir \u015fekilde ibadetlerini eda edebilmeleri i\u00e7in elimizden gelen gayreti g\u00f6stermeye \u00e7al\u0131\u015f\u0131yoruz. Amac\u0131m\u0131z, vir\u00fcs\u00fcn bula\u015fma riskini ortadan kald\u0131rmak. Hem\u015fehrilerimizden de iste\u011fimiz sosyal mesafe kural\u0131na uymalar\u0131 ve maske takmalar\u0131d\u0131r. \u0130n\u015fallah bu salg\u0131n\u0131 el birli\u011fiyle atlataca\u011f\u0131z&#8221; diye konu\u015ftu.<\/p>\n","protected":false},"excerpt":{"rendered":"<p>Toroslar Belediyesi, il\u00e7e genelindeki ibadethanelerde devam ettirdi\u011fi temizlik ve dezenfekte \u00e7al\u0131\u015fmalar\u0131n\u0131 yo\u011funla\u015ft\u0131rarak, Ramazan ay\u0131na haz\u0131rl\u0131yor. Pandemi s\u00fcrecinin g\u00fcvenilir ve kontrol alt\u0131nda tutulabilir olmas\u0131 i\u00e7in yapt\u0131\u011f\u0131 \u00e7al\u0131\u015fmalarla takdir toplayan belediye, vaka &hellip; <a href=\"https:\/\/akdenizolaygazetesi.com\/?p=11610\" class=\"more-link\">Devam\u0131n\u0131 Oku&#8230;<\/a><\/p>\n","protected":false},"author":2,"featured_media":11612,"comment_status":"open","ping_status":"open","sticky":false,"template":"","format":"standard","meta":[],"categories":[1,5],"tags":[],"_links":{"self":[{"href":"https:\/\/akdenizolaygazetesi.com\/index.php?rest_route=\/wp\/v2\/posts\/11610"}],"collection":[{"href":"https:\/\/akdenizolaygazetesi.com\/index.php?rest_route=\/wp\/v2\/posts"}],"about":[{"href":"https:\/\/akdenizolaygazetesi.com\/index.php?rest_route=\/wp\/v2\/types\/post"}],"author":[{"embeddable":true,"href":"https:\/\/akdenizolaygazetesi.com\/index.php?rest_route=\/wp\/v2\/users\/2"}],"replies":[{"embeddable":true,"href":"https:\/\/akdenizolaygazetesi.com\/index.php?rest_route=%2Fwp%2Fv2%2Fcomments&post=11610"}],"version-history":[{"count":2,"href":"https:\/\/akdenizolaygazetesi.com\/index.php?rest_route=\/wp\/v2\/posts\/11610\/revisions"}],"predecessor-version":[{"id":11613,"href":"https:\/\/akdenizolaygazetesi.com\/index.php?rest_route=\/wp\/v2\/posts\/11610\/revisions\/11613"}],"wp:featuredmedia":[{"embeddable":true,"href":"https:\/\/akdenizolaygazetesi.com\/index.php?rest_route=\/wp\/v2\/media\/11612"}],"wp:attachment":[{"href":"https:\/\/akdenizolaygazetesi.com\/index.php?rest_route=%2Fwp%2Fv2%2Fmedia&parent=11610"}],"wp:term":[{"taxonomy":"category","embeddable":true,"href":"https:\/\/akdenizolaygazetesi.com\/index.php?rest_route=%2Fwp%2Fv2%2Fcategories&post=11610"},{"taxonomy":"post_tag","embeddable":true,"href":"https:\/\/akdenizolaygazetesi.com\/index.php?rest_route=%2Fwp%2Fv2%2Ftags&post=11610"}],"curies":[{"name":"wp","href":"https:\/\/api.w.org\/{rel}","templated":true}]}}