{"id":11618,"date":"2021-04-01T11:57:39","date_gmt":"2021-04-01T08:57:39","guid":{"rendered":"http:\/\/akdenizolaygazetesi.com\/?p=11618"},"modified":"2021-04-01T11:58:14","modified_gmt":"2021-04-01T08:58:14","slug":"akdenize-yeni-kutuphaneler-kuruyor-okul-kutuphanelerini-yeniliyoruz","status":"publish","type":"post","link":"https:\/\/akdenizolaygazetesi.com\/?p=11618","title":{"rendered":"\u201cAkdeniz\u2019e yeni k\u00fct\u00fcphaneler kuruyor, okul k\u00fct\u00fcphanelerini yeniliyoruz\u201d"},"content":{"rendered":"<p>Ba\u015fkan G\u00fcltak, K\u00fct\u00fcphaneler Haftas\u0131 dolay\u0131s\u0131yla yay\u0131nlad\u0131\u011f\u0131 mesaj\u0131nda; cep telefonu ve tablet gibi cihazlara ba\u011f\u0131ml\u0131 olan gen\u00e7ler ve \u00e7ocuklara kitap okuma al\u0131\u015fkanl\u0131\u011f\u0131n\u0131n mutlaka kazand\u0131r\u0131lmas\u0131 gerekti\u011fini vurgulad\u0131.<br \/>\nAkdeniz Belediye Ba\u015fkan\u0131 M. Mustafa G\u00fcltak, her y\u0131l 29 Mart \u2013 4 Nisan tarihleri aras\u0131nda, \u00e7e\u015fitli etkinliklerle kutlanan ve bu y\u0131l bu y\u0131l 57\u2019ncisi ger\u00e7ekle\u015fen \u201cK\u00fct\u00fcphaneler Haftas\u0131\u201d dolay\u0131s\u0131yla bir kutlama mesaj\u0131 yay\u0131nlad\u0131. Mesaj\u0131nda; T\u00fcrkiye\u2019de, kitap okuma al\u0131\u015fkanl\u0131\u011f\u0131n\u0131n istenen seviyede olmad\u0131\u011f\u0131na dikkat \u00e7eken Ba\u015fkan G\u00fcltak, \u00f6zellikle son y\u0131llarda cep telefonu ve tablet gibi cihazlar\u0131n, \u00e7ocuklar ve gen\u00e7ler aras\u0131nda a\u015f\u0131r\u0131 kullan\u0131m\u0131 nedeniyle de bu hedefin \u00f6n\u00fcne yeni engeller \u00e7\u0131kt\u0131\u011f\u0131na i\u015faret etti.<br \/>\n\u201cAkdeniz\u2019e yeni k\u00fct\u00fcphaneler kuruyor, okul k\u00fct\u00fcphanelerini yeniliyoruz\u201d<br \/>\nOkuyan, d\u00fc\u015f\u00fcnen ve ele\u015ftirebilen nesillerin, ba\u015far\u0131l\u0131 bir \u00fclke hedefi ve g\u00fczel bir gelece\u011fe ilerleyebilece\u011fine i\u015faret eden Ba\u015fkan G\u00fcltak; \u201cBelediye olarak, Akdeniz s\u0131n\u0131rlar\u0131 i\u00e7erisinde bulunan okullar\u0131m\u0131z\u0131n kitapl\u0131k ve k\u00fct\u00fcphanelerini yeniliyoruz. \u0130htiyac\u0131 olan okullar\u0131m\u0131za da k\u00fct\u00fcphaneler yap\u0131yoruz. Ayr\u0131ca gelece\u011fe kazand\u0131rd\u0131\u011f\u0131m\u0131z Tarihi Mersin Evleri\u2019nin de bir odas\u0131n\u0131 mutlaka k\u00fct\u00fcphaneye \u00e7eviriyoruz.<br \/>\nYine mahalle evlerimize yeni kitapl\u0131klar kazand\u0131r\u0131rken, uygun parklar\u0131m\u0131z\u0131n bir b\u00f6l\u00fcm\u00fcne de mahalle sakinlerinin faydalanmas\u0131 i\u00e7in yeni kitapl\u0131klar kuruyoruz. B\u00f6ylelikle kitaplar\u0131, k\u00fct\u00fcphaneleri;  insanlar\u0131m\u0131z\u0131n g\u00fcndelik ya\u015fam alanlar\u0131na in\u015fa ediyoruz. Amac\u0131m\u0131z, insanlar\u0131m\u0131z\u0131n diledikleri kitaplara \u00fccretsiz eri\u015fimlerini sa\u011flaman\u0131n yan\u0131nda, toplumumuzda kitap kurtlar\u0131n\u0131n say\u0131s\u0131n\u0131 da hedeflenen seviyelere y\u00fckseltmektir\u201d diye konu\u015ftu.<\/p>\n","protected":false},"excerpt":{"rendered":"<p>Ba\u015fkan G\u00fcltak, K\u00fct\u00fcphaneler Haftas\u0131 dolay\u0131s\u0131yla yay\u0131nlad\u0131\u011f\u0131 mesaj\u0131nda; cep telefonu ve tablet gibi cihazlara ba\u011f\u0131ml\u0131 olan gen\u00e7ler ve \u00e7ocuklara kitap okuma al\u0131\u015fkanl\u0131\u011f\u0131n\u0131n mutlaka kazand\u0131r\u0131lmas\u0131 gerekti\u011fini vurgulad\u0131. Akdeniz Belediye Ba\u015fkan\u0131 M. Mustafa &hellip; <a href=\"https:\/\/akdenizolaygazetesi.com\/?p=11618\" class=\"more-link\">Devam\u0131n\u0131 Oku&#8230;<\/a><\/p>\n","protected":false},"author":2,"featured_media":11620,"comment_status":"open","ping_status":"open","sticky":false,"template":"","format":"standard","meta":[],"categories":[34,1,2,3,5],"tags":[],"_links":{"self":[{"href":"https:\/\/akdenizolaygazetesi.com\/index.php?rest_route=\/wp\/v2\/posts\/11618"}],"collection":[{"href":"https:\/\/akdenizolaygazetesi.com\/index.php?rest_route=\/wp\/v2\/posts"}],"about":[{"href":"https:\/\/akdenizolaygazetesi.com\/index.php?rest_route=\/wp\/v2\/types\/post"}],"author":[{"embeddable":true,"href":"https:\/\/akdenizolaygazetesi.com\/index.php?rest_route=\/wp\/v2\/users\/2"}],"replies":[{"embeddable":true,"href":"https:\/\/akdenizolaygazetesi.com\/index.php?rest_route=%2Fwp%2Fv2%2Fcomments&post=11618"}],"version-history":[{"count":2,"href":"https:\/\/akdenizolaygazetesi.com\/index.php?rest_route=\/wp\/v2\/posts\/11618\/revisions"}],"predecessor-version":[{"id":11621,"href":"https:\/\/akdenizolaygazetesi.com\/index.php?rest_route=\/wp\/v2\/posts\/11618\/revisions\/11621"}],"wp:featuredmedia":[{"embeddable":true,"href":"https:\/\/akdenizolaygazetesi.com\/index.php?rest_route=\/wp\/v2\/media\/11620"}],"wp:attachment":[{"href":"https:\/\/akdenizolaygazetesi.com\/index.php?rest_route=%2Fwp%2Fv2%2Fmedia&parent=11618"}],"wp:term":[{"taxonomy":"category","embeddable":true,"href":"https:\/\/akdenizolaygazetesi.com\/index.php?rest_route=%2Fwp%2Fv2%2Fcategories&post=11618"},{"taxonomy":"post_tag","embeddable":true,"href":"https:\/\/akdenizolaygazetesi.com\/index.php?rest_route=%2Fwp%2Fv2%2Ftags&post=11618"}],"curies":[{"name":"wp","href":"https:\/\/api.w.org\/{rel}","templated":true}]}}