{"id":1162,"date":"2020-11-04T18:21:45","date_gmt":"2020-11-04T15:21:45","guid":{"rendered":"http:\/\/mersinekonomipolitikagazetesi.com\/?p=1162"},"modified":"2020-11-04T18:21:45","modified_gmt":"2020-11-04T15:21:45","slug":"kosova-buyukelcisi-spahiu-vali-cakacaki-ziyaret-etti","status":"publish","type":"post","link":"https:\/\/akdenizolaygazetesi.com\/?p=1162","title":{"rendered":"Kosova B\u00fcy\u00fckel\u00e7isi Spahiu Vali \u00c7akacak\u2019\u0131 ziyaret etti"},"content":{"rendered":"<p>Kosova Cumhuriyeti Ankara B\u00fcy\u00fckel\u00e7isi Avni Spahiu, Kosova\u2019n\u0131n ba\u011f\u0131ms\u0131zl\u0131k m\u00fccadelesinde T\u00fcrkiye\u2019nin her zaman en b\u00fcy\u00fck destek\u00e7ilerinden biri oldu\u011funu belirterek, iki \u00fclke aras\u0131nda var olan kuvvetli karde\u015flik ba\u011f\u0131n\u0131n, Kosova\u2019n\u0131n ba\u011f\u0131ms\u0131zl\u0131\u011f\u0131n\u0131 kazanmas\u0131ndan sonra da artarak devam etti\u011fini s\u00f6yledi.<\/p>\n<p>Bir dizi temaslarda bulunmak ve etkinliklere kat\u0131lmak \u00fczere Mersin&#8217;e gelen Spahiu, beraberindeki heyetle birlikte Vali \u00d6zdemir \u00c7akacak\u2019\u0131 ziyaret etti. Ziyaretten duydu\u011fu memnuniyeti dile getiren Vali \u00c7akacak, bu ziyaretin Kosova ile Mersin aras\u0131nda var olan i\u015fbirli\u011finin daha da artmas\u0131na katk\u0131 sa\u011flayaca\u011f\u0131n\u0131 ifade etti.<br \/>\nKosova ile T\u00fcrkiye aras\u0131nda tarihten gelen derin ba\u011flar\u0131n oldu\u011funun alt\u0131n\u0131 \u00e7izen Vali \u00d6zdemir \u00c7akacak, dostluk ve karde\u015flik ili\u015fkilerinin iki \u00fclke aras\u0131nda en \u00fcst d\u00fczeyde ya\u015fand\u0131\u011f\u0131n\u0131 belirterek, Kosova\u2019n\u0131n ba\u011f\u0131ms\u0131zl\u0131\u011f\u0131n\u0131 tan\u0131yan ilk \u00fclkelerden biri olarak T\u00fcrkiye\u2019nin, Kosova\u2019y\u0131 her alanda daha da geli\u015fmi\u015f ve kalk\u0131nm\u0131\u015f bir \u00fclke olarak g\u00f6rmeyi arzu etti\u011fini s\u00f6yledi.<br \/>\n\u201cKosova T\u00fcrkiye\u2019dir, T\u00fcrkiye&#8217;de Kosova\u2019d\u0131r&#8221;<br \/>\nKonu\u015fmas\u0131nda \u0130stiklal Mar\u015f\u0131&#8217;n\u0131n \u015fairi Mehmet Akif Ersoy\u2019un da Kosova k\u00f6kenli oldu\u011funu dile getiren Vali \u00c7akacak, iki \u00fclke aras\u0131ndaki yak\u0131nl\u0131\u011f\u0131 Cumhurba\u015fkan\u0131 Recep Tayyip Erdo\u011fan\u2019\u0131n, &#8216;Kosova T\u00fcrkiye\u2019dir, T\u00fcrkiye&#8217;de Kosova\u2019d\u0131r\u201d s\u00f6z\u00fc ile ifade etti. \u00c7akacak, bu t\u00fcr ziyaretlerin, \u00fclkeler aras\u0131ndaki ba\u015fta ekonomik, k\u00fclt\u00fcrel ve siyasi alanlar olmak \u00fczere, her alanda var olan ili\u015fkilerin daha da ileri noktalara ta\u015f\u0131nmas\u0131na \u00f6nemli katk\u0131 sa\u011flad\u0131\u011f\u0131n\u0131 ifade etti.<br \/>\nB\u00fcy\u00fckel\u00e7i Spahiu ise g\u00f6stermi\u015f oldu\u011fu nezaket ve misafirperverlikten dolay\u0131 Vali \u00c7akacak\u2019a te\u015fekk\u00fcr ederek, T\u00fcrkiye ile Kosova aras\u0131nda \u00e7ok uzun y\u0131llara dayanan ortak bir tarihin oldu\u011funa dikkat \u00e7ekti. Kosova\u2019n\u0131n ba\u011f\u0131ms\u0131zl\u0131k m\u00fccadelesinde T\u00fcrkiye\u2019nin her zaman en b\u00fcy\u00fck destek\u00e7ilerinden biri oldu\u011funu vurgulayan Spahiu, iki \u00fclke aras\u0131nda var olan kuvvetli karde\u015flik ba\u011f\u0131n\u0131n, Kosova\u2019n\u0131n ba\u011f\u0131ms\u0131zl\u0131\u011f\u0131n\u0131 kazanmas\u0131ndan sonra da artarak devam etti\u011finin alt\u0131n\u0131 \u00e7izdi.<br \/>\nKosova\u2019n\u0131n k\u00fc\u00e7\u00fck bir \u00fclke olmas\u0131na ra\u011fmen T\u00fcrkiye gibi \u00e7ok g\u00fc\u00e7l\u00fc dostlar\u0131n\u0131n oldu\u011funu dile getiren B\u00fcy\u00fckel\u00e7i Spahiu, Kosova\u2019n\u0131n ekonomik olarak kalk\u0131nmas\u0131nda T\u00fcrkiye\u2019nin \u00f6nemli destekleri oldu\u011funu vurgulad\u0131. Kosova\u2019da \u015fu anda 400\u2019ten fazla T\u00fcrk \u015firketinin faaliyet g\u00f6sterdi\u011fi bilgisini veren Spahiu, Kosova\u2019n\u0131n yer alt\u0131 kaynaklar\u0131 bak\u0131m\u0131ndan da<br \/>\nolduk\u00e7a zengin bir \u00fclke oldu\u011funa i\u015faret ederek, ayr\u0131ca gen\u00e7 bir n\u00fcfusa sahip oldu\u011funu ve e\u011fitim kalitesinin de olduk\u00e7a iyi bir durumda oldu\u011funu s\u00f6zlerine ekledi.<\/p>\n","protected":false},"excerpt":{"rendered":"<p>Kosova Cumhuriyeti Ankara B\u00fcy\u00fckel\u00e7isi Avni Spahiu, Kosova\u2019n\u0131n ba\u011f\u0131ms\u0131zl\u0131k m\u00fccadelesinde T\u00fcrkiye\u2019nin her zaman en b\u00fcy\u00fck destek\u00e7ilerinden biri oldu\u011funu belirterek, iki \u00fclke aras\u0131nda var olan kuvvetli karde\u015flik ba\u011f\u0131n\u0131n, Kosova\u2019n\u0131n ba\u011f\u0131ms\u0131zl\u0131\u011f\u0131n\u0131 kazanmas\u0131ndan sonra &hellip; <a href=\"https:\/\/akdenizolaygazetesi.com\/?p=1162\" class=\"more-link\">Devam\u0131n\u0131 Oku&#8230;<\/a><\/p>\n","protected":false},"author":1,"featured_media":0,"comment_status":"open","ping_status":"open","sticky":false,"template":"","format":"standard","meta":[],"categories":[],"tags":[],"_links":{"self":[{"href":"https:\/\/akdenizolaygazetesi.com\/index.php?rest_route=\/wp\/v2\/posts\/1162"}],"collection":[{"href":"https:\/\/akdenizolaygazetesi.com\/index.php?rest_route=\/wp\/v2\/posts"}],"about":[{"href":"https:\/\/akdenizolaygazetesi.com\/index.php?rest_route=\/wp\/v2\/types\/post"}],"author":[{"embeddable":true,"href":"https:\/\/akdenizolaygazetesi.com\/index.php?rest_route=\/wp\/v2\/users\/1"}],"replies":[{"embeddable":true,"href":"https:\/\/akdenizolaygazetesi.com\/index.php?rest_route=%2Fwp%2Fv2%2Fcomments&post=1162"}],"version-history":[{"count":0,"href":"https:\/\/akdenizolaygazetesi.com\/index.php?rest_route=\/wp\/v2\/posts\/1162\/revisions"}],"wp:attachment":[{"href":"https:\/\/akdenizolaygazetesi.com\/index.php?rest_route=%2Fwp%2Fv2%2Fmedia&parent=1162"}],"wp:term":[{"taxonomy":"category","embeddable":true,"href":"https:\/\/akdenizolaygazetesi.com\/index.php?rest_route=%2Fwp%2Fv2%2Fcategories&post=1162"},{"taxonomy":"post_tag","embeddable":true,"href":"https:\/\/akdenizolaygazetesi.com\/index.php?rest_route=%2Fwp%2Fv2%2Ftags&post=1162"}],"curies":[{"name":"wp","href":"https:\/\/api.w.org\/{rel}","templated":true}]}}