{"id":11622,"date":"2021-04-01T11:59:35","date_gmt":"2021-04-01T08:59:35","guid":{"rendered":"http:\/\/akdenizolaygazetesi.com\/?p=11622"},"modified":"2021-04-01T12:00:16","modified_gmt":"2021-04-01T09:00:16","slug":"isgucu-piyasasi-koordinasyon-kurulundan-baskan-secere-ziyaret","status":"publish","type":"post","link":"https:\/\/akdenizolaygazetesi.com\/?p=11622","title":{"rendered":"\u0130\u015eG\u00dcC\u00dc P\u0130YASASI KOORD\u0130NASYON KURULU\u2019NDAN BA\u015eKAN SE\u00c7ER\u2019E Z\u0130YARET"},"content":{"rendered":"<p>Mersin B\u00fcy\u00fck\u015fehir Belediyesi Kariyer Merkezi taraf\u0131ndan kurulan \u2018\u0130\u015fg\u00fcc\u00fc Piyasas\u0131 Koordinasyon Kurulu\u2019nun \u00fcyeleri, projelerini sunmak \u00fczere Mersin B\u00fcy\u00fck\u015fehir Belediye Ba\u015fkan\u0131 Vahap Se\u00e7er\u2019i ziyaret etti. Ziyarette, \u00fcniversiteler ve ilgili kurulu\u015flarla yap\u0131lan \u00e7al\u0131\u015fmalar ve planlanan projeler hakk\u0131nda bilgiler verilirken, \u00fcniversiteler ve sekt\u00f6r temsilcileri ile B\u00fcy\u00fck\u015fehir Belediyesi aras\u0131nda s\u00fcrd\u00fcr\u00fclebilir ileti\u015fim sa\u011flaman\u0131n \u00f6nemi \u00fczerinde duruldu.<\/p>\n<p>Ziyarette; B\u00fcy\u00fck\u015fehir Belediyesi Kariyer Merkezi M\u00fcd\u00fcr\u00fc Serkan \u00d6zada, Mersin \u00dcniversitesi Uluslararas\u0131 \u0130li\u015fkiler B\u00f6l\u00fcm Ba\u015fkan\u0131 Prof. Dr. H\u00fcseyin Y\u00fcceol, Tarsus \u00dcniversitesi Kariyer ve Mezun Ofisi Koordinat\u00f6r\u00fc Dr. Nazmiye Pekkan, Toros \u00dcniversitesi Kariyer Geli\u015ftirme Uygulama ve Ara\u015ft\u0131rma Merkezi M\u00fcd\u00fcr\u00fc Dr. Feyruz Usluo\u011flu, \u00c7a\u011f \u00dcniversitesi Kariyer Geli\u015ftirme Uygulama ve Ara\u015ft\u0131rma Merkezi Koordinat\u00f6r\u00fc \u00d6\u011fretim G\u00f6revlisi Eda Kayhan, Migros \u0130nsan Kaynaklar\u0131 M\u00fcd\u00fcr\u00fc Koray \u00d6zdemir, Toros Tar\u0131m \u0130nsan Kaynaklar\u0131 Yetkilisi Asl\u0131 Durmu\u015fo\u011flu, \u00c7a\u011f \u00dcniversitesi \u00d6\u011fretim G\u00f6revlisi Do\u00e7. Dr. Eda Ya\u015fa \u00d6zelt\u00fcrkay, Mersin \u0130l Milli E\u011fitim \u015eube M\u00fcd\u00fcr\u00fc Y\u0131lmaz G\u00fcndo\u011fan, TOBB Mersin Kad\u0131n Giri\u015fimciler Kurulu Ba\u015fkan\u0131 Ayla Harp, Mersin \u0130l Milli E\u011fitim Kariyer Merkezi Yetkilisi Bet\u00fcl Turhan, MTSO EKAV Ba\u015fkan\u0131 \u00c7a\u011fatay G\u00fcne\u015f yer ald\u0131.<\/p>\n<p>Ziyarette, Mersin B\u00fcy\u00fck\u015fehir Belediyesi Kariyer Merkezi M\u00fcd\u00fcr\u00fc Serkan \u00d6zada taraf\u0131ndan Kariyer Merkezi koordinasyonunda ger\u00e7ekle\u015ftirilmesi planlanan \u2018Online Kariyer G\u00fcnleri\u2019 ve \u2018Ask\u0131da Kariyer Projesi\u2019 anlat\u0131ld\u0131. Kariyer Merkezi\u2019nin proje ortaklar\u0131n\u0131 ise Mersin \u00dcniversitesi, Tarsus \u00dcniversitesi, \u00c7a\u011f \u00dcniversitesi, Toros \u00dcniversitesi, Mersin \u0130l Milli E\u011fitim M\u00fcd\u00fcrl\u00fc\u011f\u00fc, Mersin Ticaret ve Sanayi Odas\u0131, Akdeniz \u0130hracat\u00e7\u0131 Birlikleri, E\u011fitim ve Kalk\u0131nma Vakf\u0131 ve Giri\u015fimci \u0130nsan Kaynaklar\u0131 Derne\u011fi olu\u015fturuyor.<\/p>\n<p>B\u00fcy\u00fck\u015fehir\u2019in Kariyer Merkezi rol model oldu; \u0130l Milli E\u011fitim b\u00fcnyesinde bir Kariyer Merkezi kuruldu<\/p>\n<p>T\u00fcrkiye\u2019de ilk defa B\u00fcy\u00fck\u015fehir Belediyesi koordinasyonunda kariyer merkezleri bir araya geldi. Bu bulu\u015fmalarda B\u00fcy\u00fck\u015fehir\u2019in Kariyer Merkezi rol model oldu ve \u0130l Milli E\u011fitim M\u00fcd\u00fcrl\u00fc\u011f\u00fc b\u00fcnyesinde bir kariyer merkezi kuruldu. Merkez, B\u00fcy\u00fck\u015fehir Belediyesi Kariyer Merkezi ile i\u015fbirli\u011fi i\u00e7erisinde \u00e7al\u0131\u015fmalar\u0131n\u0131 s\u00fcrd\u00fcrecek.<\/p>\n<p>Kariyer Merkezi \u00f6nc\u00fcl\u00fc\u011f\u00fcnde planlanan projeler<\/p>\n<p>T\u00fcrkiye\u2019de ilk defa b\u00fct\u00fcn \u00fcniversitelerin de kat\u0131l\u0131m\u0131yla 6 oturum 18 konu\u015fmac\u0131 ile Online Kariyer G\u00fcnleri\u2019nin 6-7 May\u0131s\u2019ta yap\u0131lmas\u0131 planland\u0131. Ask\u0131da Kariyer Projesi kapsam\u0131nda da \u00fcniversite son s\u0131n\u0131f \u00f6\u011frencileri ve meslek lisesi son s\u0131n\u0131f \u00f6\u011frencilerinin i\u015f arama becerisini geli\u015ftirecek bir proje planland\u0131. 5 e\u011fitim ba\u015fl\u0131\u011f\u0131nda 7 e\u011fitmen taraf\u0131ndan ger\u00e7ekle\u015ftirilerek proje kapsam\u0131nda i\u015fveren \u00fcst kurulu\u015flar\u0131 i\u015fbirli\u011finde firma bulu\u015fmalar\u0131 yap\u0131lacak. Proje i\u00e7in ilk etapta 75 \u00f6\u011frenci hedefleniyor.<\/p>\n<p>T\u00fcrkiye\u2019de Mersin\u2019den 7 meslek lisesi, Avrupa\u2019dan 5 meslek lisesi ile y\u00fcr\u00fct\u00fclen AB projesi kapsam\u0131nda Kariyer Merkezi\u2019nin moderat\u00f6rl\u00fc\u011f\u00fcnde Nisan ay\u0131n\u0131n sonunda da bir e\u011fitim planland\u0131. T\u00fcm projelerin pandemi ko\u015fullar\u0131 g\u00f6z \u00f6n\u00fcnde bulundurularak online platformlar \u00fczerinden ger\u00e7ekle\u015ftirilmesi planlan\u0131yor.<\/p>\n","protected":false},"excerpt":{"rendered":"<p>Mersin B\u00fcy\u00fck\u015fehir Belediyesi Kariyer Merkezi taraf\u0131ndan kurulan \u2018\u0130\u015fg\u00fcc\u00fc Piyasas\u0131 Koordinasyon Kurulu\u2019nun \u00fcyeleri, projelerini sunmak \u00fczere Mersin B\u00fcy\u00fck\u015fehir Belediye Ba\u015fkan\u0131 Vahap Se\u00e7er\u2019i ziyaret etti. Ziyarette, \u00fcniversiteler ve ilgili kurulu\u015flarla yap\u0131lan \u00e7al\u0131\u015fmalar &hellip; <a href=\"https:\/\/akdenizolaygazetesi.com\/?p=11622\" class=\"more-link\">Devam\u0131n\u0131 Oku&#8230;<\/a><\/p>\n","protected":false},"author":2,"featured_media":11624,"comment_status":"open","ping_status":"open","sticky":false,"template":"","format":"standard","meta":[],"categories":[7,8,34,1,2,3,5,6],"tags":[],"_links":{"self":[{"href":"https:\/\/akdenizolaygazetesi.com\/index.php?rest_route=\/wp\/v2\/posts\/11622"}],"collection":[{"href":"https:\/\/akdenizolaygazetesi.com\/index.php?rest_route=\/wp\/v2\/posts"}],"about":[{"href":"https:\/\/akdenizolaygazetesi.com\/index.php?rest_route=\/wp\/v2\/types\/post"}],"author":[{"embeddable":true,"href":"https:\/\/akdenizolaygazetesi.com\/index.php?rest_route=\/wp\/v2\/users\/2"}],"replies":[{"embeddable":true,"href":"https:\/\/akdenizolaygazetesi.com\/index.php?rest_route=%2Fwp%2Fv2%2Fcomments&post=11622"}],"version-history":[{"count":2,"href":"https:\/\/akdenizolaygazetesi.com\/index.php?rest_route=\/wp\/v2\/posts\/11622\/revisions"}],"predecessor-version":[{"id":11625,"href":"https:\/\/akdenizolaygazetesi.com\/index.php?rest_route=\/wp\/v2\/posts\/11622\/revisions\/11625"}],"wp:featuredmedia":[{"embeddable":true,"href":"https:\/\/akdenizolaygazetesi.com\/index.php?rest_route=\/wp\/v2\/media\/11624"}],"wp:attachment":[{"href":"https:\/\/akdenizolaygazetesi.com\/index.php?rest_route=%2Fwp%2Fv2%2Fmedia&parent=11622"}],"wp:term":[{"taxonomy":"category","embeddable":true,"href":"https:\/\/akdenizolaygazetesi.com\/index.php?rest_route=%2Fwp%2Fv2%2Fcategories&post=11622"},{"taxonomy":"post_tag","embeddable":true,"href":"https:\/\/akdenizolaygazetesi.com\/index.php?rest_route=%2Fwp%2Fv2%2Ftags&post=11622"}],"curies":[{"name":"wp","href":"https:\/\/api.w.org\/{rel}","templated":true}]}}