{"id":11626,"date":"2021-04-01T12:01:15","date_gmt":"2021-04-01T09:01:15","guid":{"rendered":"http:\/\/akdenizolaygazetesi.com\/?p=11626"},"modified":"2021-04-01T12:01:59","modified_gmt":"2021-04-01T09:01:59","slug":"buyuksehirden-708-ari-yetistiricisine-ekipman-destegi","status":"publish","type":"post","link":"https:\/\/akdenizolaygazetesi.com\/?p=11626","title":{"rendered":"B\u00dcY\u00dcK\u015eEH\u0130R\u2019DEN 708 ARI YET\u0130\u015eT\u0130R\u0130C\u0130S\u0130NE EK\u0130PMAN DESTE\u011e\u0130"},"content":{"rendered":"<p>Mersin B\u00fcy\u00fck\u015fehir Belediyesi Tar\u0131msal ve Veteriner Hizmetleri Dairesi taraf\u0131ndan kent genelinde ar\u0131 \u00fcretimini artt\u0131rmak amac\u0131yla ar\u0131 yeti\u015ftiricilerine her y\u0131l ihtiya\u00e7 duyduklar\u0131 ekipman deste\u011fi sa\u011flan\u0131yor. Ar\u0131 \u00fcreticileri i\u00e7in \u2018Bal Gibi Destek, Her Petekte Gelecek!\u2019 slogan\u0131 ile yola \u00e7\u0131k\u0131lan projenin ilk etab\u0131nda Erdemli ve Silifke il\u00e7elerindeki ar\u0131 \u00fcreticilerine ekipman deste\u011fi sa\u011fland\u0131. \u0130lk etapta Silifke\u2019de 114, Erdemli\u2019de ise 154 olmak \u00fczere toplam 268 \u00fcreticiye ekipman verildi.<\/p>\n<p>Erdemli ve Silifke\u2019deki ar\u0131 yeti\u015ftiricilerine petek, ar\u0131c\u0131 k\u00f6r\u00fc\u011f\u00fc ve ar\u0131c\u0131 maskesi da\u011f\u0131t\u0131ld\u0131<\/p>\n<p>B\u00fcy\u00fck\u015fehir Erdemli \u015eantiye alan\u0131nda Koronavir\u00fcs tedbirlerine \u00f6zen g\u00f6sterilerek d\u00fczenlenen t\u00f6rende, Erdemli ve Silifke\u2019de ar\u0131 yeti\u015ftiricili\u011fi yapan toplam 268 yeti\u015ftiriciye ekipman deste\u011fi sa\u011fland\u0131. Yeti\u015ftiricilere \u00fcretim a\u015famas\u0131nda kolayl\u0131k sa\u011flamak amac\u0131yla i\u00e7erisinde petek, ar\u0131c\u0131 k\u00f6r\u00fc\u011f\u00fc ve ar\u0131c\u0131 maskesinden olu\u015fan koliler da\u011f\u0131t\u0131ld\u0131.<\/p>\n<p>13 il\u00e7ede 708 ar\u0131 yeti\u015ftiricisine ekipman deste\u011fi<\/p>\n<p>Silifke\u2019de 114 ve Erdemli\u2019de 154 \u00fcreticiye sa\u011flanan destek 13 il\u00e7enin tamam\u0131n\u0131 kapsayacak. Mersin Ar\u0131 Yeti\u015ftiricileri Birli\u011fi\u2019ne kay\u0131tl\u0131 100 kovan alt\u0131ndaki Akdeniz\u2019de 24, Mezitli\u2019de 47, Toroslar\u2019da 73 ve Yeni\u015fehir\u2019de 17 \u00fcreticiye, Anamur\u2019da 71, Ayd\u0131nc\u0131k\u2019ta 20, Bozyaz\u0131\u2019da 64, \u00c7aml\u0131yayla\u2019da 15, G\u00fclnar\u2019da 22, Mut\u2019ta 21 ve Tarsus\u2019ta ise 66 olmak \u00fczere toplam 708 yeti\u015ftiriciye ekipman deste\u011fi sunulacak. Destek verilecek 708 ar\u0131 yeti\u015ftiricisinin 55\u2019ini ise kad\u0131n \u00fcreticiler olu\u015fturuyor.<\/p>\n<p>\u201c2021 y\u0131l\u0131nda \u00e7ok daha yeni projelerle sizlerle beraber olaca\u011f\u0131z\u201d<\/p>\n<p>Ar\u0131c\u0131lar\u0131n y\u00fcz\u00fcn\u00fc g\u00fcld\u00fcren deste\u011fe ili\u015fkin t\u00f6rende konu\u015fan B\u00fcy\u00fck\u015fehir Belediyesi Tar\u0131msal ve Veteriner Hizmetleri Dairesi Ba\u015fkan\u0131 Salim Serdar G\u00f6k\u00e7ek, \u201cB\u00fcy\u00fck\u015fehir Belediyesi olarak bir\u00e7ok kooperatifimize, \u00fcretici birliklerimize ve \u00fcreticilerimize herhangi bir B\u00fcy\u00fck\u015fehir\u2019de yap\u0131labilecek b\u00fct\u00fcn hizmetlerin en azamisini yapmaktay\u0131z. \u00dcreticilerimizin hayat\u0131n\u0131 kolayla\u015ft\u0131racak, \u00fcr\u00fcnlerine katma de\u011fer sa\u011flayacak projeler sa\u011fl\u0131yoruz. 2021 y\u0131l\u0131nda \u00e7ok daha yeni projelerle sizlerle beraber olaca\u011f\u0131z\u201d dedi.<\/p>\n<p>\u201cSizlere \u2018Bal Evi\u2019 arma\u011fan edece\u011fiz\u201d<\/p>\n<p>Ama\u00e7lar\u0131n\u0131n k\u00fc\u00e7\u00fck \u00f6l\u00e7ekli yeti\u015ftiricileri desteklemek oldu\u011funu ifade eden G\u00f6k\u00e7ek, ar\u0131c\u0131lar i\u00e7in geli\u015ftirdikleri \u2018Bal Evi\u2019 projesinden de bahsederek, \u201cAr\u0131 \u00fcreticilerine deste\u011fimiz bununla bitmeyecek. Sizlere \u00fcretti\u011finiz \u00fcr\u00fcnleri direkt pazarlama noktas\u0131nda B\u00fcy\u00fck\u015fehir Belediyesi olarak belki de T\u00fcrkiye\u2019de hi\u00e7 yap\u0131lmam\u0131\u015f olan bir proje geli\u015ftirdik. Tarsus, Yeni\u015fehir ve Mezitli il\u00e7elerimizde sizlere bir \u2018Bal Evi\u2019 arma\u011fan edece\u011fiz. Bunun sayesinde \u00fcretti\u011finiz sadece bal\u0131 de\u011fil, polen, ar\u0131 s\u00fct\u00fc, propolis gibi katma de\u011ferli ar\u0131 \u00fcr\u00fcnlerini de orada satabileceksiniz\u201d ifadelerini kulland\u0131.<\/p>\n<p>\u201c\u00dcreticimizin al\u0131m g\u00fcc\u00fcn\u00fcn d\u00fc\u015ft\u00fc\u011f\u00fc d\u00f6nemde kanayan yaralar\u0131na merhem oldular\u201d<\/p>\n<p>Mersin Ar\u0131 Yeti\u015ftiricileri Birli\u011fi Ba\u015fkan\u0131 Adem Kurt, talepler dahilinde Ba\u015fkan Vahap Se\u00e7er ile ger\u00e7ekle\u015ftirdikleri her g\u00f6r\u00fc\u015fmede ilgi ile kar\u015f\u0131land\u0131klar\u0131n\u0131 belirterek, \u015funlar\u0131 s\u00f6yledi:<\/p>\n<p>\u201cBu destekle bir nebze de olsa \u00fcreticilerimizin bu pandemide, al\u0131m g\u00fcc\u00fcn\u00fcn d\u00fc\u015ft\u00fc\u011f\u00fc d\u00f6nemde kanayan yaralar\u0131na bir merhem oldular. \u2018Biz \u00fcretiyoruz, \u00fcretti\u011fimizi ne yaz\u0131k ki de\u011fer fiyata satam\u0131yoruz\u2019 dedik, durumu anlatt\u0131k. Nas\u0131l yap\u0131labilece\u011fini konu\u015ftuk. En az\u0131ndan kendi ilimizde, kendi \u00fcretti\u011fimiz \u00fcr\u00fcnleri direkt pazarlama noktas\u0131nda fikrimizi beyan ettik. Aradan 15-20 g\u00fcn ge\u00e7tikten sonra kendileri tamamen \u00e7izilmi\u015f, projesi haz\u0131rlanm\u0131\u015f, \u2018Hay\u0131rl\u0131 olsun!\u2019 mesaj\u0131 ile bize bal evleri projesini sundular. \u0130n\u015fallah, en k\u0131sa s\u00fcre i\u00e7erisinde hayata ge\u00e7iririz. Bu sayede de in\u015fallah siz de\u011ferli \u00fcreticinin \u00fcretti\u011fi \u00fcr\u00fcnleri Mersinimiz\u2019in en kalabal\u0131k yerlerinde birli\u011fimiz arac\u0131l\u0131\u011f\u0131yla pazarlama imk\u00e2n\u0131 bulaca\u011f\u0131z.\u201d<\/p>\n<p>\u201cBiz ar\u0131 yeti\u015ftiricilerine bal gibi bir destek oldu\u201d<\/p>\n<p>Ekipman deste\u011fi alan ar\u0131 yeti\u015ftiricisi Meryem Do\u011fan, 6-7 y\u0131ld\u0131r ar\u0131c\u0131l\u0131k yapt\u0131\u011f\u0131n\u0131 s\u00f6yleyerek, verilen destekten duydu\u011fu memnuniyeti ifade etti. Do\u011fan, \u201cHobi olarak ba\u015flam\u0131\u015ft\u0131m ve sevdim. Meslek olarak \u00f6\u011frenmeye ba\u015flad\u0131m. Bir \u015feylerle u\u011fra\u015fmay\u0131 seviyordum. Pandemi d\u00f6neminde biliyorsunuz cebimiz s\u0131k\u0131nt\u0131l\u0131. Memnun kald\u0131k, \u00e7ok te\u015fekk\u00fcr ederiz. Bir k\u00f6r\u00fc\u011f\u00fcn fiyat\u0131 bellidir. Bir de bizim \u015fu an bal satma s\u0131k\u0131nt\u0131m\u0131z oldu\u011fundan bu destek ho\u015fuma gitti. Biz ar\u0131 yeti\u015ftiricilerine bal gibi bir destek oldu\u201d dedi.<\/p>\n<p>\u201cBunlar\u0131 almak o kadar kolay de\u011fil\u201d<\/p>\n<p>D\u00fczenlenen t\u00f6renle ekipmanlar\u0131n\u0131 alan bir di\u011fer kad\u0131n \u00fcretici Ay\u015fe Ek\u015fi ise \u201cBir kad\u0131n \u00fcretici olarak burada olmaktan ho\u015fnutum. \u00d6ncelikle Vahap Se\u00e7er Ba\u015fkan\u0131m\u0131z\u2019a te\u015fekk\u00fcr ediyoruz bize bu ekipmanlar\u0131 sa\u011flad\u0131\u011f\u0131 i\u00e7in. Bunlar\u0131 almak o kadar kolay de\u011fil, zor\u201d diye konu\u015ftu.<\/p>\n<p>\u201cBu malzemeler t\u00fcm ar\u0131c\u0131lar\u0131n ihtiyac\u0131, iyi d\u00fc\u015f\u00fcn\u00fclm\u00fc\u015f\u201d<\/p>\n<p>Yap\u0131lan ekipman deste\u011fini de\u011ferlendiren ar\u0131 yeti\u015ftiricisi Arif Sungur, \u201cAr\u0131c\u0131lar i\u00e7in mutlaka olmas\u0131 gereken malzemeler. Kendilerine bu hizmetten dolay\u0131, bizi d\u00fc\u015f\u00fcnd\u00fckleri i\u00e7in te\u015fekk\u00fcrlerimizi iletiyoruz. Petek, k\u00f6r\u00fck ve giymi\u015f oldu\u011fumuz \u00f6nl\u00fc\u011f\u00fcm\u00fcz\u00fcn ger\u00e7ekten mali bir de\u011feri var\u201d dedi.<\/p>\n<p>\u00dcreticilerden Mustafa \u00c7\u0131nar ise kendilerine sunulan ekipmanlar\u0131n ar\u0131 yeti\u015ftiricileri i\u00e7in \u00f6nemli ihtiya\u00e7lar oldu\u011funu \u015fu s\u00f6zlerle dile getirdi:<\/p>\n<p>\u201c\u00c7ok g\u00fczel. Bunlar t\u00fcm ar\u0131c\u0131lar\u0131n ihtiyac\u0131, iyi d\u00fc\u015f\u00fcn\u00fclm\u00fc\u015f. Tar\u0131ma verdikleri destek mant\u0131kl\u0131. Bunlar masraft\u0131. Olmas\u0131 gereken malzemeler. Her sene al\u0131yorduk, kullan\u0131yorduk. \u0130htiya\u00e7lar\u0131m\u0131z\u0131 sa\u011flad\u0131klar\u0131 i\u00e7in te\u015fekk\u00fcr ederiz.\u201d<\/p>\n","protected":false},"excerpt":{"rendered":"<p>Mersin B\u00fcy\u00fck\u015fehir Belediyesi Tar\u0131msal ve Veteriner Hizmetleri Dairesi taraf\u0131ndan kent genelinde ar\u0131 \u00fcretimini artt\u0131rmak amac\u0131yla ar\u0131 yeti\u015ftiricilerine her y\u0131l ihtiya\u00e7 duyduklar\u0131 ekipman deste\u011fi sa\u011flan\u0131yor. Ar\u0131 \u00fcreticileri i\u00e7in \u2018Bal Gibi Destek, &hellip; <a href=\"https:\/\/akdenizolaygazetesi.com\/?p=11626\" class=\"more-link\">Devam\u0131n\u0131 Oku&#8230;<\/a><\/p>\n","protected":false},"author":2,"featured_media":11628,"comment_status":"open","ping_status":"open","sticky":false,"template":"","format":"standard","meta":[],"categories":[8,34,1,2,3],"tags":[],"_links":{"self":[{"href":"https:\/\/akdenizolaygazetesi.com\/index.php?rest_route=\/wp\/v2\/posts\/11626"}],"collection":[{"href":"https:\/\/akdenizolaygazetesi.com\/index.php?rest_route=\/wp\/v2\/posts"}],"about":[{"href":"https:\/\/akdenizolaygazetesi.com\/index.php?rest_route=\/wp\/v2\/types\/post"}],"author":[{"embeddable":true,"href":"https:\/\/akdenizolaygazetesi.com\/index.php?rest_route=\/wp\/v2\/users\/2"}],"replies":[{"embeddable":true,"href":"https:\/\/akdenizolaygazetesi.com\/index.php?rest_route=%2Fwp%2Fv2%2Fcomments&post=11626"}],"version-history":[{"count":1,"href":"https:\/\/akdenizolaygazetesi.com\/index.php?rest_route=\/wp\/v2\/posts\/11626\/revisions"}],"predecessor-version":[{"id":11627,"href":"https:\/\/akdenizolaygazetesi.com\/index.php?rest_route=\/wp\/v2\/posts\/11626\/revisions\/11627"}],"wp:featuredmedia":[{"embeddable":true,"href":"https:\/\/akdenizolaygazetesi.com\/index.php?rest_route=\/wp\/v2\/media\/11628"}],"wp:attachment":[{"href":"https:\/\/akdenizolaygazetesi.com\/index.php?rest_route=%2Fwp%2Fv2%2Fmedia&parent=11626"}],"wp:term":[{"taxonomy":"category","embeddable":true,"href":"https:\/\/akdenizolaygazetesi.com\/index.php?rest_route=%2Fwp%2Fv2%2Fcategories&post=11626"},{"taxonomy":"post_tag","embeddable":true,"href":"https:\/\/akdenizolaygazetesi.com\/index.php?rest_route=%2Fwp%2Fv2%2Ftags&post=11626"}],"curies":[{"name":"wp","href":"https:\/\/api.w.org\/{rel}","templated":true}]}}