{"id":11630,"date":"2021-04-02T11:07:33","date_gmt":"2021-04-02T08:07:33","guid":{"rendered":"http:\/\/akdenizolaygazetesi.com\/?p=11630"},"modified":"2021-04-02T11:08:05","modified_gmt":"2021-04-02T08:08:05","slug":"cok-degerli-hizmetler-yaptigimizi-dusunuyoruz","status":"publish","type":"post","link":"https:\/\/akdenizolaygazetesi.com\/?p=11630","title":{"rendered":"\u201c\u00c7OK DE\u011eERL\u0130 H\u0130ZMETLER YAPTI\u011eIMIZI D\u00dc\u015e\u00dcN\u00dcYORUZ\u201d"},"content":{"rendered":"<p>Mersin B\u00fcy\u00fck\u015fehir Belediye Ba\u015fkan\u0131 Vahap Se\u00e7er, Halk TV ekranlar\u0131nda yay\u0131nlanan \u201cFatih Ert\u00fcrk ile G\u00fcn\u00fcn Raporu\u201d program\u0131n\u0131n canl\u0131 yay\u0131n konu\u011fu oldu. Programda, Mersin B\u00fcy\u00fck\u015fehir Belediyesi taraf\u0131ndan hayata ge\u00e7irilen ve pandemi d\u00f6neminde de yo\u011funluk verilen hizmetler hakk\u0131nda konu\u015fan Ba\u015fkan Se\u00e7er, 2 y\u0131ll\u0131k hizmet d\u00f6nemlerinin ba\u015far\u0131yla ge\u00e7ti\u011fini s\u00f6yledi.<\/p>\n<p>\u201cMeclis\u2019te, meclis \u00e7o\u011funlu\u011funa g\u00f6re demokrasi i\u015fliyor\u201d<\/p>\n<p>Ba\u015fkan Se\u00e7er, Mersin, Adana, \u0130stanbul, Ankara gibi illerin b\u00fcy\u00fck\u015fehir belediye meclislerinde \u00e7o\u011funluklar\u0131n\u0131n bulunmad\u0131\u011f\u0131n\u0131 vurgulayarak, \u201cMeclis\u2019te, meclis \u00e7o\u011funlu\u011funa g\u00f6re demokrasi i\u015fliyor. Bug\u00fcn T\u00fcrkiye B\u00fcy\u00fck Millet Meclisi\u2019nde ya\u015fanan s\u0131k\u0131nt\u0131lar\u0131n farkl\u0131 bir versiyonunu, \u00e7o\u011funlu\u011fun belediye ba\u015fkan\u0131n\u0131n partisine ait olmad\u0131\u011f\u0131 meclislerde ya\u015f\u0131yoruz. Ben bunu \u00e7ok derinden ya\u015f\u0131yorum. T\u00fcrkiye B\u00fcy\u00fck Millet Meclisi\u2019nin parlamenter sistemde 3 temel g\u00f6revi vard\u0131r. Yasama yapacakt\u0131r, denetim yapacakt\u0131r, bir de temel parlamenter sistemin do\u011fu\u015fudur, halk\u0131n b\u00fct\u00e7e hakk\u0131n\u0131 kullanacakt\u0131r. Bug\u00fcn bakt\u0131\u011f\u0131n\u0131z zaman b\u00f6yle bir \u015feyden s\u00f6z edemiyorsunuz. Yerel siyaset de Ankara\u2019dan, genel siyasetten etkileniyor. Burada ya\u015fanan gerginlik, buran\u0131n tutumu, burada herhangi bir siyasi partinin tutumu, yerelde bunun grubuna da yans\u0131yor\u201d diye konu\u015ftu. Meclis\u2019te kentin y\u00f6netimine dair karar almakta zorland\u0131klar\u0131ndan s\u00f6z eden Se\u00e7er, \u015f\u00f6yle devam etti:<\/p>\n<p>\u201cBizim devrald\u0131\u011f\u0131m\u0131z tablo \u00e7ok iyi bir tablo de\u011fil.  31 Mart\u2019ta 5 b\u00fcy\u00fck\u015fehir kazan\u0131ld\u0131. Ankara, \u0130stanbul, Adana, Mersin, Antalya. Bakt\u0131\u011f\u0131n\u0131z zaman her birimizin kendine g\u00f6re spesifik baz\u0131 sorunlar\u0131 var. Ekonomik sorunlar var, insan kayna\u011f\u0131 sorunu var. Binlerce insan istihdam edilmi\u015f. G\u00f6rece olarak kaliteli bir istihdamdan s\u00f6z etmeniz m\u00fcmk\u00fcn de\u011fil. \u0130\u015fleri yapmakta zorlan\u0131yorsunuz. B\u00fct\u00fcn bunlar\u0131 g\u00f6z \u00f6n\u00fcne ald\u0131\u011f\u0131n\u0131z zaman \u00fcst\u00fcne \u00fcstl\u00fck Meclis\u2019te de alaca\u011f\u0131n\u0131z \u00f6nemli kararlar\u0131, kentin y\u00f6netimine dair alaca\u011f\u0131n\u0131z kararlar\u0131 ve do\u011fru kararlar\u0131, kentin menfaati ad\u0131na olmas\u0131 gereken kararlar\u0131 almakta zorlan\u0131yorsunuz. \u0130\u015fte b\u00fct\u00e7e yapars\u0131n\u0131z, bir sonraki y\u0131l\u0131n b\u00fct\u00e7esi, bir \u00f6nceki y\u0131l\u0131n sonbahar\u0131nda, parlamentoda da b\u00f6yledir. T\u00fcrkiye b\u00fct\u00e7esi yap\u0131l\u0131r. Ekim ay\u0131nda, Kas\u0131m ay\u0131nda Plan B\u00fct\u00e7e \u00e7al\u0131\u015f\u0131r, Aral\u0131k ay\u0131nda da Meclis&#8217;e gelir. Bir sonraki y\u0131l\u0131n b\u00fct\u00e7esi ge\u00e7er. Yerel parlamentolarda, meclislerde de durum b\u00f6yledir. Orada bir bor\u00e7lanma kalemi koyars\u0131n\u0131z b\u00fct\u00e7e denkli\u011fi i\u00e7in. \u015eu masraflar\u0131m olacak, \u015fu alanlara \u015fu kadar b\u00fct\u00e7e ay\u0131raca\u011f\u0131m. \u015eu kadar b\u00fct\u00e7ede bir a\u00e7\u0131k s\u00f6z konusu olacak. Bu a\u00e7\u0131\u011f\u0131 da bor\u00e7lanma kalemi ile giderece\u011fim dersiniz ve b\u00fct\u00e7e ge\u00e7er, i\u015finize bakars\u0131n\u0131z.\u201d<\/p>\n<p>\u201c\u00c7ok de\u011ferli hizmetler yapt\u0131\u011f\u0131m\u0131z\u0131 d\u00fc\u015f\u00fcn\u00fcyoruz\u201d<\/p>\n<p>B\u00fcy\u00fck\u015fehir Belediye Meclisi\u2019nde \u00e7o\u011funluklar\u0131n\u0131n bulunmad\u0131\u011f\u0131n\u0131 ve bu nedenle de i\u015flerin zora girdi\u011fini aktaran Se\u00e7er, k\u0131s\u0131tl\u0131 kaynaklar\u0131 kullanarak ve israf\u0131 ortadan kald\u0131rarak \u00e7ok de\u011ferli hizmetler yapt\u0131klar\u0131n\u0131 belirtti. Se\u00e7er, \u201cTabi ki biz b\u00fcy\u00fck\u015fehir belediye ba\u015fkanlar\u0131 olarak bunlar\u0131n arkas\u0131na s\u0131\u011f\u0131nm\u0131yoruz. Pekala da \u00e7ok de\u011ferli hizmetler yapt\u0131\u011f\u0131m\u0131z\u0131 d\u00fc\u015f\u00fcn\u00fcyoruz. Yani 2 y\u0131lda Cumhuriyet Halk Partili b\u00fcy\u00fck\u015fehir belediyeleri, il belediyeleri, di\u011fer il\u00e7e belediyeleri \u00f6nemli bir s\u00fcre\u00e7 ya\u015fad\u0131 ve ba\u015far\u0131 ile ge\u00e7ti\u011fini d\u00fc\u015f\u00fcn\u00fcyorum bu 2 y\u0131l\u0131n\u201d dedi.<\/p>\n<p>Se\u00e7er, Mersin\u2019in bir yandan \u00e7ok zengin bir kent oldu\u011funu, di\u011fer yandan da gelir da\u011f\u0131l\u0131m\u0131nda adaletsizli\u011fin hat safhada oldu\u011funu anlatt\u0131. Mersin\u2019de yerel y\u00f6neticilerin ilk olarak yo\u011funla\u015faca\u011f\u0131 projelerin sosyal projeler oldu\u011funu ifade eden Se\u00e7er, \u201cBiz de y\u00f6netime gelir gelmez bunlarla ba\u015flad\u0131k. \u00d6rne\u011fin \u00e7ok k\u0131sa bir s\u00fcre i\u00e7erisinde Mersin\u2019de 11 binden fazla yurtta\u015f\u0131m\u0131za Halk Kart ile nakdi yard\u0131m yap\u0131yoruz ve bu yard\u0131mlar direkt mahalle bakkal\u0131ndan al\u0131\u015fveri\u015fe d\u00f6n\u00fc\u015f\u00fcyor. Bir taraftan sosyal yard\u0131m olarak ihtiya\u00e7 sahiplerini destekliyorsunuz, di\u011fer taraftan da ekonomiye katk\u0131 yap\u0131yorsunuz. \u0130\u015fte ayda 1.5 milyon liral\u0131k bir yard\u0131m yap\u0131yoruz. Bu mahalle bakkal\u0131ndan al\u0131\u015fveri\u015fe d\u00f6n\u00fc\u015ft\u00fc\u011f\u00fc zaman orada mahalle bakkal\u0131na da bir katk\u0131 sunmu\u015f oluyorsunuz\u201d diye konu\u015ftu.<\/p>\n<p>Se\u00e7er, Mahalle Mutfaklar\u0131 ile ilgili konu\u015ftu: \u201cMesele onun maliyeti de\u011fil\u201d<\/p>\n<p>B\u00fcy\u00fck\u015fehir Belediyesi taraf\u0131ndan yap\u0131lan s\u0131cak yemek yard\u0131m\u0131 hakk\u0131nda da konu\u015fan Se\u00e7er, d\u00fczenli yemek g\u00f6nderilen yurtta\u015flar\u0131n oldu\u011funu fakat pandemi d\u00f6nemiyle birlikte taleplerin artt\u0131\u011f\u0131n\u0131 ifade etti. Se\u00e7er, \u201c\u00c7ok say\u0131da yurtta\u015f\u0131m\u0131z tabi ki pandemi \u00f6nlemleri kapsam\u0131nda evlerinden de \u00e7\u0131kamaz oldu. \u00d6zellikle 65 ya\u015f ve \u00fczeri insanlar. Dolay\u0131s\u0131yla bir talep patlamas\u0131 oldu. Biz bu rakam\u0131 art\u0131rd\u0131k tabi\u201d dedi.<\/p>\n<p>Fatih Ert\u00fcrk\u2019\u00fcn Mersin genelinde 17 noktada 3 liraya 3 \u00e7e\u015fit yemek hizmeti verilen Mahalle Mutfaklar\u0131 ile ilgili \u201cNas\u0131l mal ediyorsunuz 3 liraya?\u201d sorusunu yan\u0131tlayan Se\u00e7er, \u201cMesele onun maliyeti de\u011fil. Onu paras\u0131z da verebilir belediye. Onu da yap\u0131yoruz. \u0130\u015fte ya\u015fl\u0131 yurtta\u015flara, ihtiya\u00e7 sahibi yurtta\u015flara. Burada bizim ortaya koymak istedi\u011fimiz mant\u0131k ba\u015fka bir \u015fey. \u00c7ok say\u0131da kad\u0131n\u0131m\u0131z var, \u00e7al\u0131\u015f\u0131yor. Konfeksiyon at\u00f6lyesinde, tar\u0131m alan\u0131nda, serada ya da farkl\u0131 bir i\u015fletmede temizlik\u00e7i olarak \u00e7al\u0131\u015f\u0131yor. Biz bu Mahalle Mutfaklar\u0131\u2019n\u0131 yoksul semtlere g\u00f6rece olarak kurduk ve bu kad\u0131n evine giderken diyelim ki 5 ki\u015filik bir aile. E\u015fi, kendisi, 3 \u00e7ocu\u011fu. 15 TL \u00f6deyerek 3 \u00e7e\u015fit yeme\u011fi alabiliyor. Bu \u00f6nemlidir. Maliyeti bunun \u00fczerinde ama meselemiz o de\u011fil. O insan, o yeme\u011fi, paras\u0131n\u0131 verip alman\u0131n huzurunu ya\u015f\u0131yor\u201d ifadelerine yer verdi.<\/p>\n<p>\u201cS\u00fct yard\u0131m\u0131n\u0131 \u00e7ocuklar\u0131m\u0131z\u0131n evlerine kadar yap\u0131yoruz\u201d<\/p>\n<p>\u201cS\u00fct Senin Gurur Mersin\u201din projesiyle binlerce \u00f6\u011frenciye ula\u015ft\u0131klar\u0131n\u0131 s\u00f6yleyen Ba\u015fkan Se\u00e7er, \u201cGe\u00e7ti\u011fimiz y\u0131l 1 milyon 200 bin paketti. Bu y\u0131l 1,5 milyon pakete kadar \u00e7\u0131kartt\u0131k. Pandemi \u00f6ncesi yoksul semtlerde, ilk\u00f6\u011fretim okullar\u0131nda, 33 okulda haftada 52 bin \u00f6\u011frenciye bu yard\u0131m\u0131 yap\u0131yorduk. Pandemiden dolay\u0131 biliyorsunuz e\u011fitimde bir aksama oldu. S\u00fct yard\u0131m\u0131n\u0131 \u00e7ocuklar\u0131m\u0131z\u0131n evlerine, sokaklar\u0131na kadar yap\u0131yoruz\u201d dedi.<\/p>\n<p>\u201cPandemide \u2018Evde Bak\u0131m\u2019 hizmetimizi artt\u0131rd\u0131k\u201d<\/p>\n<p>Pandemi s\u00fcrecinde \u2018Evde Bak\u0131m\u2019 hizmetini de yo\u011funla\u015ft\u0131rd\u0131klar\u0131n\u0131 s\u00f6yleyen Ba\u015fkan Se\u00e7er, \u201c\u00d6zellikle pandemi dolay\u0131s\u0131yla yurtta\u015flar\u0131n \u00e7ocuklar\u0131, yak\u0131nlar\u0131 gidip ailelerine bakamaz duruma geldiler. Ya aileleri ya\u015fl\u0131d\u0131r, ya bak\u0131ma muhta\u00e7t\u0131r, ya rahats\u0131zd\u0131r g\u00fcnl\u00fck bak\u0131m\u0131n\u0131 yapamayacak kadar. Biz gidip bu insanlar\u0131n evde bak\u0131m hizmetlerini g\u00f6r\u00fcyoruz. Ya da engelli bir birey vard\u0131r, onlar\u0131n bak\u0131m\u0131nda zorlan\u0131yorlar, biz onlara hizmet g\u00f6t\u00fcr\u00fcyoruz\u201d dedi.<\/p>\n<p>\u201cBu tav\u0131rlar\u0131, uzun y\u0131llard\u0131r bir alg\u0131y\u0131 tuz buz etmenin bir sonucu olarak g\u00f6r\u00fcr\u00fcm\u201d<\/p>\n<p>Ekonomik olarak s\u0131k\u0131nt\u0131lar ya\u015famalar\u0131na ra\u011fmen hizmetleri aksatmadan s\u00fcrd\u00fcrd\u00fcklerini ve bunun yan\u0131 s\u0131ra devrald\u0131klar\u0131 borcu da olduk\u00e7a azaltt\u0131klar\u0131n\u0131 belirten Ba\u015fkan Se\u00e7er, devam\u0131nda \u015fu ifadeleri kulland\u0131:<\/p>\n<p>\u201cBir taraftan al\u0131p bir taraf\u0131 tamaml\u0131yoruz. Bu meseleye ben siyaseten bak\u0131yorum. \u00c7\u00fcnk\u00fc bu tav\u0131rlar\u0131, uzun y\u0131llard\u0131r bir alg\u0131y\u0131 tuz buz etmenin bir sonucu olarak g\u00f6r\u00fcr\u00fcm. Yani \u015f\u00f6yle bir alg\u0131 vard\u0131: T\u00fcrkiye\u2019nin tek sahibi AK Parti ve iktidarlar\u0131\u2026 Cumhuriyet Halk Partili belediyeciler, belediye ba\u015fkanlar\u0131 bu s\u00fcre\u00e7te, yani pandemi s\u00fcrecinde sosyal belediyecili\u011fin ne oldu\u011funu ortaya koydular. \u2018CHP fakirin fukaran\u0131n derdini bilmez, bunlar elittir, bunlar tuzu kurudur, bunlar yoksul mahallelere gitmez\u2019 bunun gibi bir s\u00fcr\u00fc kara propaganda ile toplumla Cumhuriyet Halk Partili siyasiler aras\u0131na bir mesafe koydurmu\u015flard\u0131. Bunlar tabii ki tuz buz oldu. B\u00fct\u00fcn B\u00fcy\u00fck\u015fehir Belediye Ba\u015fkanlar\u0131m\u0131z bu s\u00fcre\u00e7te \u00f6nemli \u00e7al\u0131\u015fmalar yapt\u0131 diye d\u00fc\u015f\u00fcn\u00fcyorum.\u201d<\/p>\n<p>\u201cDemokrasilerde grup kararlar\u0131n\u0131n i\u015flememesi laz\u0131m\u201d<\/p>\n<p>Meclis\u2019te talep edilip de Cumhur \u0130ttifak\u0131 taraf\u0131ndan reddedilen bor\u00e7lanmaya ili\u015fkin de konu\u015fan Ba\u015fkan Se\u00e7er, \u201cAnkara siyaseti yerel y\u00f6netimleri etkiliyor. Bu sadece Mersin&#8217;de de\u011fil, Ankara da, \u0130stanbul da, Adana da zorlan\u0131yor. Asl\u0131nda siyaseten de \u00e7ok yanl\u0131\u015f bir i\u015f yap\u0131l\u0131yor. Zaten ak\u0131l kar\u0131 de\u011fil yap\u0131lan i\u015fler. Bazen ger\u00e7ekten anlamakta zorlan\u0131yorum. Biraz siyaseti bilen bir insan olarak s\u00f6yl\u00fcyorum. Muazzam siyasi yanl\u0131\u015flar yap\u0131l\u0131yor. Ben kendilerine de s\u00f6yl\u00fcyorum: \u2018Halka indi\u011finizde siz iyi g\u00f6r\u00fcnm\u00fcyorsunuz. Bizi engelleyen, hizmetleri engelleyen, halk\u0131n yarar\u0131na yap\u0131lacak i\u015flere engel koyan siyaset\u00e7iler ve meclis \u00fcyeleri olarak g\u00f6r\u00fcn\u00fcyorsunuz ve bundan partiniz etkileniyor\u2019 diye birebir s\u00f6yl\u00fcyoruz. Ama tabii ki onlar\u0131n savunmas\u0131 \u2018Ne yapal\u0131m, bize bu \u015fekilde davranmam\u0131z konusunda telkinler geliyor\u2019. Genel merkezlerinden mutlaka onlar\u0131n da baz\u0131 konularda de\u011ferlendirme imk\u00e2n\u0131 olmadan \u2018\u015eunu yap\u0131n, bunu yap\u0131n\u2019 \u015feklinde talimat ald\u0131klar\u0131 yerler vard\u0131r. Bunun ad\u0131na \u2018parti disiplini\u2019 denir, t\u0131rnak i\u00e7erisinde. Siyaset\u00e7iler kendilerini b\u00f6yle kurtar\u0131yor. \u2018Ne yapal\u0131m, grup karar\u0131\u2019 ama demokrasilerde her yerde, grup kararlar\u0131n\u0131n i\u015flememesi laz\u0131m. Ak\u0131l var, izan var, mant\u0131k var, kentin gelece\u011fi var, vicdan var. Bunlar\u0131 g\u00f6rmek laz\u0131m\u201d diye konu\u015ftu.<\/p>\n","protected":false},"excerpt":{"rendered":"<p>Mersin B\u00fcy\u00fck\u015fehir Belediye Ba\u015fkan\u0131 Vahap Se\u00e7er, Halk TV ekranlar\u0131nda yay\u0131nlanan \u201cFatih Ert\u00fcrk ile G\u00fcn\u00fcn Raporu\u201d program\u0131n\u0131n canl\u0131 yay\u0131n konu\u011fu oldu. Programda, Mersin B\u00fcy\u00fck\u015fehir Belediyesi taraf\u0131ndan hayata ge\u00e7irilen ve pandemi d\u00f6neminde &hellip; <a href=\"https:\/\/akdenizolaygazetesi.com\/?p=11630\" class=\"more-link\">Devam\u0131n\u0131 Oku&#8230;<\/a><\/p>\n","protected":false},"author":2,"featured_media":11632,"comment_status":"open","ping_status":"open","sticky":false,"template":"","format":"standard","meta":[],"categories":[8,34,1,2,3,5,6],"tags":[],"_links":{"self":[{"href":"https:\/\/akdenizolaygazetesi.com\/index.php?rest_route=\/wp\/v2\/posts\/11630"}],"collection":[{"href":"https:\/\/akdenizolaygazetesi.com\/index.php?rest_route=\/wp\/v2\/posts"}],"about":[{"href":"https:\/\/akdenizolaygazetesi.com\/index.php?rest_route=\/wp\/v2\/types\/post"}],"author":[{"embeddable":true,"href":"https:\/\/akdenizolaygazetesi.com\/index.php?rest_route=\/wp\/v2\/users\/2"}],"replies":[{"embeddable":true,"href":"https:\/\/akdenizolaygazetesi.com\/index.php?rest_route=%2Fwp%2Fv2%2Fcomments&post=11630"}],"version-history":[{"count":1,"href":"https:\/\/akdenizolaygazetesi.com\/index.php?rest_route=\/wp\/v2\/posts\/11630\/revisions"}],"predecessor-version":[{"id":11631,"href":"https:\/\/akdenizolaygazetesi.com\/index.php?rest_route=\/wp\/v2\/posts\/11630\/revisions\/11631"}],"wp:featuredmedia":[{"embeddable":true,"href":"https:\/\/akdenizolaygazetesi.com\/index.php?rest_route=\/wp\/v2\/media\/11632"}],"wp:attachment":[{"href":"https:\/\/akdenizolaygazetesi.com\/index.php?rest_route=%2Fwp%2Fv2%2Fmedia&parent=11630"}],"wp:term":[{"taxonomy":"category","embeddable":true,"href":"https:\/\/akdenizolaygazetesi.com\/index.php?rest_route=%2Fwp%2Fv2%2Fcategories&post=11630"},{"taxonomy":"post_tag","embeddable":true,"href":"https:\/\/akdenizolaygazetesi.com\/index.php?rest_route=%2Fwp%2Fv2%2Ftags&post=11630"}],"curies":[{"name":"wp","href":"https:\/\/api.w.org\/{rel}","templated":true}]}}