{"id":11633,"date":"2021-04-02T11:09:03","date_gmt":"2021-04-02T08:09:03","guid":{"rendered":"http:\/\/akdenizolaygazetesi.com\/?p=11633"},"modified":"2021-04-02T11:09:38","modified_gmt":"2021-04-02T08:09:38","slug":"kadin-emegine-deger-katan-stantlar-bir-kez-daha-tarsusta-kuruldu","status":"publish","type":"post","link":"https:\/\/akdenizolaygazetesi.com\/?p=11633","title":{"rendered":"KADIN EME\u011e\u0130NE DE\u011eER KATAN STANTLAR B\u0130R KEZ DAHA TARSUS\u2019TA KURULDU"},"content":{"rendered":"<p>Mersin B\u00fcy\u00fck\u015fehir Belediyesi, kad\u0131n \u00fcreticileri desteklemeye ve \u00fcr\u00fcnlerine de\u011fer katmaya devam ediyor. B\u00fcy\u00fck\u015fehir Belediyesi Kad\u0131n ve Aile Hizmetleri Dairesi koordinesinde, \u00fcretici kad\u0131n stantlar\u0131 \u201cKocaman Bir Biz\u201d slogan\u0131yla bir kez daha Tarsus\u2019ta kuruldu.<\/p>\n<p>Kad\u0131na y\u00f6nelik \u00e7al\u0131\u015fmalar\u0131, B\u00fcy\u00fck\u015fehir b\u00fcnyesinde kad\u0131n istihdam oran\u0131n\u0131n art\u0131r\u0131lmas\u0131na ili\u015fkin giri\u015fimleri ve \u00f6zellikle aile ekonomilerine katk\u0131 sunmak i\u00e7in \u00e7aba harcayan kad\u0131nlara destekleriyle dikkat \u00e7eken B\u00fcy\u00fck\u015fehir Belediye Ba\u015fkan\u0131 Vahap Se\u00e7er\u2019in \u00f6nem verdi\u011fi \u00fcretici kad\u0131n stantlar\u0131, farkl\u0131 bir\u00e7ok il\u00e7eden \u00fcretici kad\u0131nlar\u0131 bir araya getiriyor.<\/p>\n<p>Kad\u0131n \u00fcreticiler Tarsus\u2019ta bir araya geldi<\/p>\n<p>Do\u011fal g\u00fczelli\u011fiyle cazibe merkezi olan Tarsus K\u00fclt\u00fcr Park i\u00e7inde sosyal mesafe ve hijyen kurallar\u0131na azami \u00f6zen g\u00f6sterilerek a\u00e7\u0131lan stantlarda, el eme\u011fi \u00fcr\u00fcnlerin kazanca d\u00f6n\u00fc\u015fmesi ve geleneksel tatlar\u0131n daha geni\u015f kesimlere ula\u015fmas\u0131 ama\u00e7land\u0131. 50 stand\u0131n kuruldu\u011fu alanda, Mersin\u2019in bir\u00e7ok il\u00e7esinden ve Tarsus\u2019tan toplam 102 kad\u0131n \u00fcretici 2 g\u00fcn boyunca \u00fcr\u00fcnlerini satma imkan\u0131 buldu.<\/p>\n<p>\u201c\u00c7ok g\u00fczel bir ortam haz\u0131rlanm\u0131\u015f\u201d<\/p>\n<p>Pekmez, kay\u0131s\u0131, ceviz gibi y\u00f6resel tat ve \u00fcr\u00fcnleri yeti\u015ftirip aile b\u00fct\u00e7esine katk\u0131 sundu\u011funu s\u00f6yleyen \u00fcretici kad\u0131nlardan Nuriye Kale, \u201cVahap Se\u00e7er\u2019in haz\u0131rlam\u0131\u015f oldu\u011fu bu d\u00fczenlemelerden dolay\u0131 \u00e7ok te\u015fekk\u00fcr ediyorum. B\u00fct\u00fcn arkada\u015flar\u0131m\u0131 bekliyorum. \u00c7ok g\u00fczel bir ortam haz\u0131rlanm\u0131\u015f\u201d dedi.<\/p>\n<p>Etkinli\u011fe Mersin\u2019den kat\u0131lan yazma, bez bebek ve \u00e7e\u015fitli eli\u015fi \u00fcr\u00fcnler \u00fcreten Feray \u00c7elik, \u201cMersin B\u00fcy\u00fck\u015fehir Belediye Ba\u015fkan\u0131m\u0131z Vahap Se\u00e7er\u2019e bu etkinli\u011fi d\u00fczenledi\u011fi i\u00e7in \u00e7ok te\u015fekk\u00fcr ediyorum. B\u00fct\u00fcn \u00fcreten kad\u0131nlar\u0131 burada bir araya toplad\u0131. Kat\u0131lan b\u00fct\u00fcn kad\u0131nlara da hay\u0131rl\u0131 sat\u0131\u015flar diliyorum\u201d diye konu\u015ftu.<\/p>\n<p>\u201c\u00dcretmek kelimesini tam anlam\u0131yla ya\u015fayanlardan\u0131z\u201d<\/p>\n<p>Seramik \u00fcr\u00fcnlerini a\u00e7\u0131lan stantlarda satma imkan\u0131 bulan Dilek Sar\u0131 da \u201cBiz seramik \u00fcr\u00fcnler yap\u0131yoruz. Bu \u00fcr\u00fcnlerimiz iki kere f\u0131r\u0131nlama a\u015famas\u0131ndan ge\u00e7iyor. Hepsi kendi el eme\u011fimiz. A\u00e7\u0131k\u00e7as\u0131 \u00fcretmek kelimesini tam anlam\u0131yla ya\u015fayanlardan\u0131z. B\u00f6yle bir projede, kad\u0131n \u00fcreticiler i\u00e7erisinde yer ald\u0131\u011f\u0131m\u0131z i\u00e7in de \u00e7ok mutluyuz. Belediyemiz\u2019e b\u00f6yle bir imkan sa\u011flad\u0131\u011f\u0131 i\u00e7in \u00e7ok te\u015fekk\u00fcr ediyoruz\u201d diye konu\u015ftu.<\/p>\n<p>\u201cMali kaynak yaratmak i\u00e7in yapt\u0131\u011f\u0131m\u0131z bu \u00e7al\u0131\u015fmalar\u0131m\u0131z devam edecek\u201d<\/p>\n<p>B\u00fcy\u00fck\u015fehir Belediyesi Kad\u0131n ve Aile Hizmetleri Dairesi\u2019nde g\u00f6rev alan Burcu Sert, kad\u0131nlara mali destek sa\u011flamak i\u00e7in yap\u0131lan stant \u00e7al\u0131\u015fmalar\u0131n\u0131n bir kez daha Tarsus\u2019ta a\u00e7\u0131ld\u0131\u011f\u0131n\u0131 belirterek \u015funlar\u0131 s\u00f6yledi:<\/p>\n<p>\u201cK\u00fclt\u00fcr Park\u2019\u0131 se\u00e7me nedenlerimizden bir tanesi de i\u00e7inde bulundu\u011fumuz pandemi ko\u015fullar\u0131ndan dolay\u0131 alan\u0131m\u0131z gayet b\u00fcy\u00fck ve a\u00e7\u0131k hava. Park\u0131n belirli noktalar\u0131nda 13 il\u00e7emizden gelen kad\u0131n \u00fcreticilerimize sat\u0131\u015f yapma imkan\u0131 sunduk. Yakla\u015f\u0131k 50 stand\u0131m\u0131z var. 102 kad\u0131n \u00fcreticimiz var. Mali kaynak yaratmak i\u00e7in yapt\u0131\u011f\u0131m\u0131z bu \u00e7al\u0131\u015fmalar\u0131m\u0131z di\u011fer il\u00e7elerimizde de ilerleyen zamanlarda devam edecek.\u201d<\/p>\n","protected":false},"excerpt":{"rendered":"<p>Mersin B\u00fcy\u00fck\u015fehir Belediyesi, kad\u0131n \u00fcreticileri desteklemeye ve \u00fcr\u00fcnlerine de\u011fer katmaya devam ediyor. B\u00fcy\u00fck\u015fehir Belediyesi Kad\u0131n ve Aile Hizmetleri Dairesi koordinesinde, \u00fcretici kad\u0131n stantlar\u0131 \u201cKocaman Bir Biz\u201d slogan\u0131yla bir kez daha &hellip; <a href=\"https:\/\/akdenizolaygazetesi.com\/?p=11633\" class=\"more-link\">Devam\u0131n\u0131 Oku&#8230;<\/a><\/p>\n","protected":false},"author":2,"featured_media":11635,"comment_status":"open","ping_status":"open","sticky":false,"template":"","format":"standard","meta":[],"categories":[34,1,2,3],"tags":[],"_links":{"self":[{"href":"https:\/\/akdenizolaygazetesi.com\/index.php?rest_route=\/wp\/v2\/posts\/11633"}],"collection":[{"href":"https:\/\/akdenizolaygazetesi.com\/index.php?rest_route=\/wp\/v2\/posts"}],"about":[{"href":"https:\/\/akdenizolaygazetesi.com\/index.php?rest_route=\/wp\/v2\/types\/post"}],"author":[{"embeddable":true,"href":"https:\/\/akdenizolaygazetesi.com\/index.php?rest_route=\/wp\/v2\/users\/2"}],"replies":[{"embeddable":true,"href":"https:\/\/akdenizolaygazetesi.com\/index.php?rest_route=%2Fwp%2Fv2%2Fcomments&post=11633"}],"version-history":[{"count":2,"href":"https:\/\/akdenizolaygazetesi.com\/index.php?rest_route=\/wp\/v2\/posts\/11633\/revisions"}],"predecessor-version":[{"id":11636,"href":"https:\/\/akdenizolaygazetesi.com\/index.php?rest_route=\/wp\/v2\/posts\/11633\/revisions\/11636"}],"wp:featuredmedia":[{"embeddable":true,"href":"https:\/\/akdenizolaygazetesi.com\/index.php?rest_route=\/wp\/v2\/media\/11635"}],"wp:attachment":[{"href":"https:\/\/akdenizolaygazetesi.com\/index.php?rest_route=%2Fwp%2Fv2%2Fmedia&parent=11633"}],"wp:term":[{"taxonomy":"category","embeddable":true,"href":"https:\/\/akdenizolaygazetesi.com\/index.php?rest_route=%2Fwp%2Fv2%2Fcategories&post=11633"},{"taxonomy":"post_tag","embeddable":true,"href":"https:\/\/akdenizolaygazetesi.com\/index.php?rest_route=%2Fwp%2Fv2%2Ftags&post=11633"}],"curies":[{"name":"wp","href":"https:\/\/api.w.org\/{rel}","templated":true}]}}