{"id":11637,"date":"2021-04-02T11:10:59","date_gmt":"2021-04-02T08:10:59","guid":{"rendered":"http:\/\/akdenizolaygazetesi.com\/?p=11637"},"modified":"2021-04-02T11:11:46","modified_gmt":"2021-04-02T08:11:46","slug":"kan-ve-kok-hucre-bagisi-kampanyasi-yogun-ilgi-gordu","status":"publish","type":"post","link":"https:\/\/akdenizolaygazetesi.com\/?p=11637","title":{"rendered":"KAN VE K\u00d6K H\u00dcCRE BA\u011eI\u015eI KAMPANYASI YO\u011eUN \u0130LG\u0130 G\u00d6RD\u00dc"},"content":{"rendered":"<p>Mersin B\u00fcy\u00fck\u015fehir Belediyesi ve K\u0131z\u0131lay i\u015fbirli\u011finde k\u00f6k h\u00fccre nakli bekleyen hastalar i\u00e7in kentin 3 farkl\u0131 noktas\u0131nda d\u00fczenlenen k\u00f6k h\u00fccre ve kan ba\u011f\u0131\u015f\u0131 etkinli\u011fi yo\u011fun ilgi g\u00f6rd\u00fc. Ba\u015fkan Vahap Se\u00e7er\u2019in \u201cSevgi ve \u0130yile\u015fme Y\u0131l\u0131\u201d olarak ilan etti\u011fi 2021 y\u0131l\u0131nda ba\u015fta 5 ya\u015f\u0131ndaki Toprak Sami olmak \u00fczere k\u00f6k h\u00fccre nakli bekleyen hastalar i\u00e7in kent merkezinde kurulan stantlarda 3 g\u00fcn boyunca ba\u011f\u0131\u015f kampanyas\u0131 ger\u00e7ekle\u015ftirildi. Yo\u011fun ilgi g\u00f6ren kampanyaya 339 ki\u015fi k\u00f6k h\u00fccre, 387 ki\u015fi de kan ba\u011f\u0131\u015f\u0131nda bulunarak umut oldu.<\/p>\n<p>Ba\u015fkan Se\u00e7er, vatanda\u015flara kan ba\u011f\u0131\u015f\u0131 \u00e7a\u011fr\u0131s\u0131nda bulunmu\u015ftu<\/p>\n<p>\u201cPayla\u015fmak Kan\u0131m\u0131zda Var\u201d slogan\u0131yla ba\u015flat\u0131lan kampanyan\u0131n ilk g\u00fcn\u00fcnde Ta\u015f Bina yan\u0131nda kurulan kan merkezini e\u015fi Meral Se\u00e7er ile ziyaret eden Mersin B\u00fcy\u00fck\u015fehir Belediye Ba\u015fkan\u0131 Vahap Se\u00e7er, kan ba\u011f\u0131\u015f\u0131nda bulunarak, kan ve k\u00f6k h\u00fccre ba\u011f\u0131\u015f\u0131n\u0131n \u00f6nemine dikkat \u00e7ekmi\u015fti. Kampanya kapsam\u0131nda Mersin B\u00fcy\u00fck\u015fehir Belediyesi personelleri ise kan ve k\u00f6k h\u00fccre ba\u011f\u0131\u015f\u00e7\u0131s\u0131 olarak kampanyan\u0131n bir par\u00e7as\u0131 oldu.<\/p>\n<p>Ba\u015fkan Se\u00e7er, kampanyan\u0131n ilk g\u00fcn\u00fcnde d\u00fcnyan\u0131n \u00e7ok ola\u011fan\u00fcst\u00fc \u015fartlardan ge\u00e7ti\u011fini ifade etmi\u015f, \u015fifa arayan hastalar i\u00e7in vatanda\u015flara kan ba\u011f\u0131\u015f\u0131 \u00e7a\u011fr\u0131s\u0131nda bulunmu\u015ftu. Se\u00e7er, \u201cPayla\u015fmak kan\u0131m\u0131zda var \u00e7ok zengin bir c\u00fcmle, bir kavram. \u00dclkemiz de do\u011fal olarak d\u00fcnyan\u0131n bir par\u00e7as\u0131 ve bu olumsuzluklardan etkilendi. Hem \u015fifa bulmak i\u00e7in kan ve k\u00f6k h\u00fccre beklentisinde olan hastalar\u0131m\u0131z i\u00e7in bir umut olabilir miyiz diye T\u00fcrk K\u0131z\u0131lay\u0131m\u0131z\u2019a kan ba\u011f\u0131\u015f\u0131nda bulunduk\u201d demi\u015fti.<\/p>\n<p>Umut seferberli\u011fi 3 g\u00fcn s\u00fcrd\u00fc<\/p>\n<p>\u201cPayla\u015fmak Kan\u0131m\u0131zda Var\u201d slogan\u0131yla d\u00fczenlenen ba\u011f\u0131\u015f kampanyas\u0131 kapsam\u0131nda 30-31 Mart\u2019ta Mersin B\u00fcy\u00fck\u015fehir Belediyesi Ta\u015f Bina yan\u0131nda kurulan stantlarda 10:00-17:00 saatleri aras\u0131nda ba\u011f\u0131\u015f\u00e7\u0131 kabul edildi. 1 Nisan\u2019da Akbelen Mezarl\u0131\u011f\u0131 kar\u015f\u0131s\u0131nda bulunan MESK\u0130 Teknik Hizmetler Binas\u0131 \u00f6n\u00fcnde kurulan stantlarda 10:00-16:00 saatleri ve yine ayn\u0131 g\u00fcn \u00d6zgecan Aslan Meydan\u0131\u2019nda kurulan stantlarda ise saat 10:00-18:00 saatleri aras\u0131nda i\u015flemler ger\u00e7ekle\u015ftirildi.<\/p>\n<p>Kampanyaya 3 g\u00fcnde 637 ki\u015fi ba\u015fvuruda bulundu. 92 ki\u015finin ba\u015fvurusu kan ba\u011f\u0131\u015f\u0131na uygun bulunmad\u0131. Toplam k\u00f6k h\u00fccre \u00f6rne\u011fi verenlerin say\u0131s\u0131 339, kan ba\u011f\u0131\u015f\u0131nda bulunanlar\u0131n say\u0131s\u0131 ise 387 oldu.<\/p>\n<p>Kampanya i\u00e7in ba\u011f\u0131\u015fta bulunan vatanda\u015flar aras\u0131nda ilk kez kan verenler de yer ald\u0131. Kampanya sayesinde bundan sonraki s\u00fcre\u00e7 i\u00e7in de vatanda\u015flar kan ba\u011f\u0131\u015f\u0131na te\u015fvik edildi.<\/p>\n","protected":false},"excerpt":{"rendered":"<p>Mersin B\u00fcy\u00fck\u015fehir Belediyesi ve K\u0131z\u0131lay i\u015fbirli\u011finde k\u00f6k h\u00fccre nakli bekleyen hastalar i\u00e7in kentin 3 farkl\u0131 noktas\u0131nda d\u00fczenlenen k\u00f6k h\u00fccre ve kan ba\u011f\u0131\u015f\u0131 etkinli\u011fi yo\u011fun ilgi g\u00f6rd\u00fc. Ba\u015fkan Vahap Se\u00e7er\u2019in \u201cSevgi &hellip; <a href=\"https:\/\/akdenizolaygazetesi.com\/?p=11637\" class=\"more-link\">Devam\u0131n\u0131 Oku&#8230;<\/a><\/p>\n","protected":false},"author":2,"featured_media":11639,"comment_status":"open","ping_status":"open","sticky":false,"template":"","format":"standard","meta":[],"categories":[34,1,3,9],"tags":[],"_links":{"self":[{"href":"https:\/\/akdenizolaygazetesi.com\/index.php?rest_route=\/wp\/v2\/posts\/11637"}],"collection":[{"href":"https:\/\/akdenizolaygazetesi.com\/index.php?rest_route=\/wp\/v2\/posts"}],"about":[{"href":"https:\/\/akdenizolaygazetesi.com\/index.php?rest_route=\/wp\/v2\/types\/post"}],"author":[{"embeddable":true,"href":"https:\/\/akdenizolaygazetesi.com\/index.php?rest_route=\/wp\/v2\/users\/2"}],"replies":[{"embeddable":true,"href":"https:\/\/akdenizolaygazetesi.com\/index.php?rest_route=%2Fwp%2Fv2%2Fcomments&post=11637"}],"version-history":[{"count":1,"href":"https:\/\/akdenizolaygazetesi.com\/index.php?rest_route=\/wp\/v2\/posts\/11637\/revisions"}],"predecessor-version":[{"id":11638,"href":"https:\/\/akdenizolaygazetesi.com\/index.php?rest_route=\/wp\/v2\/posts\/11637\/revisions\/11638"}],"wp:featuredmedia":[{"embeddable":true,"href":"https:\/\/akdenizolaygazetesi.com\/index.php?rest_route=\/wp\/v2\/media\/11639"}],"wp:attachment":[{"href":"https:\/\/akdenizolaygazetesi.com\/index.php?rest_route=%2Fwp%2Fv2%2Fmedia&parent=11637"}],"wp:term":[{"taxonomy":"category","embeddable":true,"href":"https:\/\/akdenizolaygazetesi.com\/index.php?rest_route=%2Fwp%2Fv2%2Fcategories&post=11637"},{"taxonomy":"post_tag","embeddable":true,"href":"https:\/\/akdenizolaygazetesi.com\/index.php?rest_route=%2Fwp%2Fv2%2Ftags&post=11637"}],"curies":[{"name":"wp","href":"https:\/\/api.w.org\/{rel}","templated":true}]}}