{"id":11640,"date":"2021-04-02T11:12:37","date_gmt":"2021-04-02T08:12:37","guid":{"rendered":"http:\/\/akdenizolaygazetesi.com\/?p=11640"},"modified":"2021-04-02T11:13:17","modified_gmt":"2021-04-02T08:13:17","slug":"sicacik-corbanin-dumani-trenin-dumanina-karisiyor","status":"publish","type":"post","link":"https:\/\/akdenizolaygazetesi.com\/?p=11640","title":{"rendered":"SICACIK \u00c7ORBANIN DUMANI TREN\u0130N DUMANINA KARI\u015eIYOR"},"content":{"rendered":"<p>Mersin B\u00fcy\u00fck\u015fehir Belediyesi, kapsam\u0131n\u0131 her ge\u00e7en g\u00fcn geni\u015fletti\u011fi \u00e7orba da\u011f\u0131t\u0131m noktalar\u0131nda vatanda\u015flarla bulu\u015fmaya devam ediyor. B\u00fcy\u00fck\u015fehir Belediye Ba\u015fkan\u0131 Vahap Se\u00e7er\u2019in g\u00f6reve geldi\u011fi g\u00fcnden itibaren Mersin\u2019in d\u00f6rt bir yan\u0131nda ba\u015flatt\u0131\u011f\u0131 sosyal projeler aras\u0131nda yer alan ve vatanda\u015flardan takdir toplayan \u201c1 Ekmek 1 \u00c7orba\u201d projesi, sabah\u0131n erken saatlerinde vatanda\u015flar\u0131n i\u00e7ini \u0131s\u0131t\u0131yor. Ba\u015fta dar gelirli vatanda\u015flar olmak \u00fczere t\u00fcm Mersinliler\u2019in faydaland\u0131\u011f\u0131 proje, merkez il\u00e7elerin ard\u0131ndan 13 il\u00e7eye yay\u0131ld\u0131 ve k\u0131sa s\u00fcrede binlerce vatanda\u015fa ula\u015ft\u0131.<\/p>\n<p>Projenin ilk dura\u011f\u0131 yeniden hizmette<\/p>\n<p>Projenin ilk ba\u015flad\u0131\u011f\u0131 nokta olarak ayr\u0131 bir \u00f6neme sahip olan Tren Gar\u0131 \u00f6n\u00fcnde verilen hizmet ise pandemi ko\u015fullar\u0131 nedeniyle ara verilen seferlerin a\u00e7\u0131lmas\u0131yla yeniden ba\u015flad\u0131. B\u00fcy\u00fck\u015fehir\u2019in s\u0131cac\u0131k \u00e7orbas\u0131n\u0131n duman\u0131 yeniden trenlerin duman\u0131na kar\u0131\u015f\u0131yor. 27 Ekim 2019\u2019da hizmete giren B\u00fcy\u00fck\u015fehir\u2019in 1 Ekmek 1 \u00c7orba projesinin ilk g\u00f6z a\u011fr\u0131 noktas\u0131 Tren Gar\u0131 olmu\u015ftu. Koronavir\u00fcs salg\u0131n\u0131n\u0131n T\u00fcrkiye\u2019de de g\u00f6r\u00fcld\u00fc\u011f\u00fc 11 Mart 2020\u2019ye kadar s\u00fcrd\u00fcr\u00fclen hizmet 2 Kas\u0131m\u2019da yeniden ba\u015flad\u0131. Pandemi nedeniyle ara verilen tren seferlerinin a\u00e7\u0131lmas\u0131yla birlikte de mobil \u00e7orba arac\u0131 ilk hizmet noktas\u0131 olan Tren Gar\u0131 \u00f6n\u00fcnde yerini ald\u0131. 13 il\u00e7ede 62 da\u011f\u0131t\u0131m noktas\u0131nda ikram edilen \u00e7orba ve MER-EK Ekmek Fabrikas\u0131\u2019nda \u00fcretilen ekmek, lezzetiyle vatanda\u015flarda memnuniyet b\u0131rak\u0131yor.<\/p>\n<p>\u201cS\u0131cak bir \u00e7orba bulmak \u00e7ok g\u00fczel\u201d<\/p>\n<p>\u0130\u015fe giderken s\u0131cak bir \u00e7orba i\u00e7menin mutluluk verici oldu\u011funu dile getiren Muhammet Sevgin, \u201c\u00c7orban\u0131n tad\u0131 \u00e7ok g\u00fczel. \u00c7ok memnunuz bu hizmetten, te\u015fekk\u00fcr ederiz. S\u0131cak bir \u00e7orba bulmak \u00e7ok g\u00fczel oluyor\u201d dedi.<\/p>\n<p>\u201cKarn\u0131m\u0131 burada doyurdum\u201d<\/p>\n<p>Antalya\u2019dan geldi\u011fini ve Tren Gar\u0131\u2019nda bir s\u00fcrprizle kar\u015f\u0131la\u015ft\u0131\u011f\u0131n\u0131 ifade eden G\u00fclizar Eri\u015feno\u011flu, \u201cB\u00fcy\u00fck\u015fehir Belediyemiz\u2019e b\u00f6yle bir imkan\u0131 sundu\u011fu i\u00e7in te\u015fekk\u00fcr ediyorum. Sayg\u0131lar\u0131m\u0131 iletiyorum, \u00e7ok g\u00fczel bir \u015fey yapm\u0131\u015flar. Mutlu oldum, a\u00e7 karn\u0131na \u00e7\u0131km\u0131\u015ft\u0131m ama karn\u0131m\u0131 burada doyurdum. Muhte\u015fem. Te\u015fekk\u00fcr ediyorum\u201d diye konu\u015ftu.<\/p>\n<p>\u201cSabah sabah s\u0131cak bir kar\u015f\u0131lama\u201d<\/p>\n<p>Adana\u2019dan gelen ve hizmetten \u00e7ok memnun kalan vatanda\u015flardan \u0130mam \u00d6zg\u00fcn de \u201c\u00c7ok g\u00fczel oldu. Ba\u015fkan\u0131m\u0131z\u2019a te\u015fekk\u00fcr ederim. Sabah sabah s\u0131cak bir kar\u015f\u0131lama. \u0130ndik birer s\u0131cak \u00e7orbam\u0131z\u0131 i\u00e7tik\u201d ifadelerine yer verdi. 2010 y\u0131l\u0131ndan beri kanser hastal\u0131\u011f\u0131yla m\u00fccadele eden Elife Sava\u015f ise \u201cMersin \u00dcniversitesi Hastanesi\u2019ne gidiyorum, kanser hastas\u0131y\u0131m. \u00c7orba i\u00e7in te\u015fekk\u00fcr ederim Vahap Bey\u2019e, Allah raz\u0131 olsun\u201d dedi.<\/p>\n<p>\u201cTakdir ettim belediyemizi\u201d<\/p>\n<p>Beyhan Kural, \u201cG\u00fczel bir uygulama. Takdir ettim belediyemizi. Trenin a\u00e7\u0131lmas\u0131na da \u00e7ok sevindik. Sabah \u00e7orbas\u0131 da g\u00fczel oldu\u201d derken 70 ya\u015f\u0131ndaki emekli Baki Geyik ise \u201cBa\u015fkan\u0131m\u0131z\u2019\u0131n bu hizmeti \u00e7ok g\u00fczel. Vatanda\u015flar aras\u0131nda da \u00e7ok be\u011feniliyor \u00e7ok seviliyor, te\u015fekk\u00fcr ediyoruz\u201d dedi.<\/p>\n<p>\u201cVar olsunlar, g\u00fczel bir uygulama olmu\u015f\u201d<\/p>\n<p>Tarsus\u2019a yolculuk yapacak olan 18 ya\u015f\u0131ndaki \u00f6\u011frenci Do\u011fucan Y\u0131ld\u0131z da 1 Ekmek 1 \u00c7orba projesinden yararlananlardan biri. Y\u0131ld\u0131z, \u201cG\u00fczel bir uygulama olmu\u015f. Sabah trene binecektik. Gitmeden \u00f6nce bir s\u0131cak \u00e7orba i\u00e7tik. Var olsunlar, g\u00fczel bir uygulama olmu\u015f\u201d diye konu\u015ftu.<\/p>\n<p>\u201cYine yolcular\u0131m\u0131zla burada bulu\u015ftuk\u201d<\/p>\n<p>B\u00fcy\u00fck\u015fehir Belediyesi A\u015fhane Sorumlusu \u015eeyda Esin Ekmen, kendileri i\u00e7in ayr\u0131 bir \u00f6neme sahip olan istasyonda yeniden hizmet verdiklerini belirterek, \u201cYine yolcular\u0131m\u0131zla burada bulu\u015ftuk, buras\u0131 bizim \u00e7orbada ilk noktam\u0131z. Bir y\u0131ldan sonra tekrar yine biz burada vatanda\u015flar\u0131m\u0131zla bir araya geldik. Ge\u00e7en y\u0131l merkez il\u00e7eler ve Tarsus\u2019ta ba\u015flatt\u0131\u011f\u0131m\u0131z bu hizmeti, bu y\u0131l hedefimiz 13 il\u00e7e merkezimize de ula\u015ft\u0131rmakt\u0131. 2 Kas\u0131m\u2019da 28 noktada ba\u015flad\u0131k. \u015eu an itibari ile Mersin\u2019in 13 il\u00e7esinde 62 noktada tekrar devam ediyoruz\u201d ifadelerine yer verdi.<\/p>\n<p>\u201c1 Ekmek 1 \u00c7orba\u201d da\u011f\u0131t\u0131m\u0131 Tarsus\u2019ta da t\u00fcm h\u0131z\u0131yla devam ediyor<\/p>\n<p>B\u00fcy\u00fck\u015fehir\u2019in her g\u00fcn binlerce insana ula\u015ft\u0131\u011f\u0131 proje, Tarsus\u2019ta da t\u00fcm h\u0131z\u0131yla devam ediyor. \u0130l\u00e7e merkezinden Hal Kompleksi\u2019ne kadar bir\u00e7ok noktada da\u011f\u0131t\u0131lan \u00e7orbalar, tar\u0131m i\u015f\u00e7ilerine de ula\u015ft\u0131r\u0131l\u0131yor. Ayr\u0131ca ak\u015fam 18.00-20.00 saatleri aras\u0131nda da Tarsus Devlet Hastanesi \u00f6n\u00fcne kurulan ara\u00e7tan s\u0131cac\u0131k \u00e7orbalar hasta ve yak\u0131nlar\u0131na da\u011f\u0131t\u0131l\u0131yor.<\/p>\n<p>Servis \u015fof\u00f6r\u00fc Mehmet Can Ko\u00e7, Tarsus K\u00fclt\u00fcr Park \u00f6n\u00fcnde da\u011f\u0131t\u0131lan s\u0131cak \u00e7orbay\u0131 afiyetle i\u00e7erek, \u201cAllah raz\u0131 olsun, sebep olandan, yapandan, belediyemizden. Her g\u00fcn denk geliyor bir bardak \u00e7orbam\u0131z\u0131 i\u00e7iyoruz\u201d dedi.<\/p>\n<p>Cumali Torkut ise \u201cMersin B\u00fcy\u00fck\u015fehir Belediye Ba\u015fkan\u0131m\u0131z\u2019a yapt\u0131\u011f\u0131 bu hizmetlerden dolay\u0131 te\u015fekk\u00fcr ederiz. Gariban vatanda\u015flara destek oluyor. Sabahlar\u0131 s\u0131cak \u00e7orba i\u00e7erek g\u00fcn\u00fcm\u00fcze ne\u015feyle ba\u015fl\u0131yoruz\u201d diye konu\u015ftu.<\/p>\n","protected":false},"excerpt":{"rendered":"<p>Mersin B\u00fcy\u00fck\u015fehir Belediyesi, kapsam\u0131n\u0131 her ge\u00e7en g\u00fcn geni\u015fletti\u011fi \u00e7orba da\u011f\u0131t\u0131m noktalar\u0131nda vatanda\u015flarla bulu\u015fmaya devam ediyor. B\u00fcy\u00fck\u015fehir Belediye Ba\u015fkan\u0131 Vahap Se\u00e7er\u2019in g\u00f6reve geldi\u011fi g\u00fcnden itibaren Mersin\u2019in d\u00f6rt bir yan\u0131nda ba\u015flatt\u0131\u011f\u0131 sosyal &hellip; <a href=\"https:\/\/akdenizolaygazetesi.com\/?p=11640\" class=\"more-link\">Devam\u0131n\u0131 Oku&#8230;<\/a><\/p>\n","protected":false},"author":2,"featured_media":11642,"comment_status":"open","ping_status":"open","sticky":false,"template":"","format":"standard","meta":[],"categories":[34,1,2,3,5],"tags":[],"_links":{"self":[{"href":"https:\/\/akdenizolaygazetesi.com\/index.php?rest_route=\/wp\/v2\/posts\/11640"}],"collection":[{"href":"https:\/\/akdenizolaygazetesi.com\/index.php?rest_route=\/wp\/v2\/posts"}],"about":[{"href":"https:\/\/akdenizolaygazetesi.com\/index.php?rest_route=\/wp\/v2\/types\/post"}],"author":[{"embeddable":true,"href":"https:\/\/akdenizolaygazetesi.com\/index.php?rest_route=\/wp\/v2\/users\/2"}],"replies":[{"embeddable":true,"href":"https:\/\/akdenizolaygazetesi.com\/index.php?rest_route=%2Fwp%2Fv2%2Fcomments&post=11640"}],"version-history":[{"count":2,"href":"https:\/\/akdenizolaygazetesi.com\/index.php?rest_route=\/wp\/v2\/posts\/11640\/revisions"}],"predecessor-version":[{"id":11643,"href":"https:\/\/akdenizolaygazetesi.com\/index.php?rest_route=\/wp\/v2\/posts\/11640\/revisions\/11643"}],"wp:featuredmedia":[{"embeddable":true,"href":"https:\/\/akdenizolaygazetesi.com\/index.php?rest_route=\/wp\/v2\/media\/11642"}],"wp:attachment":[{"href":"https:\/\/akdenizolaygazetesi.com\/index.php?rest_route=%2Fwp%2Fv2%2Fmedia&parent=11640"}],"wp:term":[{"taxonomy":"category","embeddable":true,"href":"https:\/\/akdenizolaygazetesi.com\/index.php?rest_route=%2Fwp%2Fv2%2Fcategories&post=11640"},{"taxonomy":"post_tag","embeddable":true,"href":"https:\/\/akdenizolaygazetesi.com\/index.php?rest_route=%2Fwp%2Fv2%2Ftags&post=11640"}],"curies":[{"name":"wp","href":"https:\/\/api.w.org\/{rel}","templated":true}]}}