{"id":11644,"date":"2021-04-02T11:15:08","date_gmt":"2021-04-02T08:15:08","guid":{"rendered":"http:\/\/akdenizolaygazetesi.com\/?p=11644"},"modified":"2021-04-02T11:16:14","modified_gmt":"2021-04-02T08:16:14","slug":"mersin-esnafinin-yillara-gore-son-bes-yillik-borcu-ne-kadardir","status":"publish","type":"post","link":"https:\/\/akdenizolaygazetesi.com\/?p=11644","title":{"rendered":"&#8216;Mersin esnaf\u0131n\u0131n y\u0131llara g\u00f6re son be\u015f y\u0131ll\u0131k borcu ne kadard\u0131r?&#8217;"},"content":{"rendered":"<p>Dr. R\u0131dvan Turan \u00f6nergesinde \u201cMersin\u2019deki k\u00fc\u00e7\u00fck esnaf, son y\u0131llarda ticaretten elde etti\u011fi gelirin bir hayli d\u00fc\u015fmesi nedeniyle zor g\u00fcnler ge\u00e7irmektedir. T\u00fcrkiye\u2019de bir\u00e7ok ilde oldu\u011fu gibi Mersin\u2019de de ekonomik kriz ve Covid 19 salg\u0131n\u0131, esnaf\u0131n i\u00e7inde bulundu\u011fu olumsuz ekonomik tablonun her ne kadar do\u011fal nedeni olarak g\u00f6r\u00fclse de AKP iktidar\u0131 taraf\u0131ndan salg\u0131n\u0131n iyi y\u00f6netilememesi esnaflar\u0131n son aylarda en \u00e7ok dile getirdikleri sorunlar\u0131n ba\u015f\u0131nda gelmektedir. Esnaflar, salg\u0131ndan dolay\u0131 son bir y\u0131lda getirilen k\u0131s\u0131tlamalarla i\u015f yapamaz hale gelirken AKP iktidar\u0131n\u0131n b\u00fct\u00fcn il kongrelerini ge\u00e7ekle\u015ftirmesine b\u00fcy\u00fck oranda tepkililer. \u00d6zetle Mersin\u2019deki esnaf AKP iktidar\u0131n\u0131n son y\u0131llarda ekonomik krizi iyi y\u00f6netemedi\u011fini ve sadece sermayeyi destekledi\u011fini dile getirmektedir. Esnaf, son bir y\u0131lda ise Covid 19 salg\u0131n\u0131 dolay\u0131s\u0131yla kendilerine getirilen k\u0131s\u0131tlamalara kar\u015f\u0131l\u0131k siyasi partilerin kongrelerinde bu k\u0131s\u0131tlamalara uymad\u0131\u011f\u0131n\u0131 ve bunun hi\u00e7bir \u015fekilde adil olmad\u0131\u011f\u0131n\u0131 ifade etmektedir. Esnaf; kira, elektrik, su gibi faturalar\u0131n\u0131 \u00f6deyememektedir. Bir\u00e7ok esnaf AKP iktidar\u0131 taraf\u0131ndan yap\u0131lan desteklerin hi\u00e7bir \u015fekilde i\u015flerini bir nebze de olsa kolayla\u015ft\u0131rmayacak bir d\u00fczeyde oldu\u011funu belirtmektedir. D\u00f6viz kurunun y\u00fcksek olmas\u0131ndan dolay\u0131 toplumun al\u0131m g\u00fcc\u00fc d\u00fc\u015fm\u00fc\u015f pek \u00e7ok esnaf aylard\u0131r i\u015f yapamaz duruma gelmi\u015ftir.  \u00dcst \u00fcste gelen olumsuzluklardan dolay\u0131 Mersin\u2019de binlerce esnaf iflas etmi\u015ftir.\u201d dedi.<br \/>\nHDP Mersin Milletvekili R\u0131dvan Turan \u00f6nergesinde \u015fu sorulara yer verdi:<br \/>\n1)\tSon iki y\u0131lda Mersin\u2019de iflas eden esnaf say\u0131s\u0131 tam olarak ka\u00e7t\u0131r?<br \/>\n2)\tMersin esnaf\u0131n\u0131n y\u0131llara g\u00f6re son be\u015f y\u0131ll\u0131k borcu ne kadard\u0131r?<br \/>\n3)\tMersin\u2019de son iki y\u0131lda iflas eden esnaflar\u0131n il\u00e7elere g\u00f6re da\u011f\u0131l\u0131m\u0131 nas\u0131ld\u0131r?<br \/>\n4)\tBakanl\u0131\u011f\u0131n\u0131z taraf\u0131ndan esnaflar\u0131n durumunu iyile\u015ftirmek ad\u0131na y\u00fcr\u00fct\u00fclecek politikalar nelerdir?<br \/>\n5)\tEsnaflar\u0131n, bor\u00e7lar\u0131n\u0131n silinmesi, vergiden muaf olma ve ayni yard\u0131m yap\u0131lmas\u0131 konusundaki taleplerinin ger\u00e7ekle\u015ftirilmesine y\u00f6nelik Bakanl\u0131\u011f\u0131n\u0131z\u0131n herhangi bir giri\u015fimi olacak m\u0131d\u0131r?<\/p>\n","protected":false},"excerpt":{"rendered":"<p>Dr. R\u0131dvan Turan \u00f6nergesinde \u201cMersin\u2019deki k\u00fc\u00e7\u00fck esnaf, son y\u0131llarda ticaretten elde etti\u011fi gelirin bir hayli d\u00fc\u015fmesi nedeniyle zor g\u00fcnler ge\u00e7irmektedir. T\u00fcrkiye\u2019de bir\u00e7ok ilde oldu\u011fu gibi Mersin\u2019de de ekonomik kriz ve &hellip; <a href=\"https:\/\/akdenizolaygazetesi.com\/?p=11644\" class=\"more-link\">Devam\u0131n\u0131 Oku&#8230;<\/a><\/p>\n","protected":false},"author":2,"featured_media":11647,"comment_status":"open","ping_status":"open","sticky":false,"template":"","format":"standard","meta":[],"categories":[8,34,1,3,6],"tags":[],"_links":{"self":[{"href":"https:\/\/akdenizolaygazetesi.com\/index.php?rest_route=\/wp\/v2\/posts\/11644"}],"collection":[{"href":"https:\/\/akdenizolaygazetesi.com\/index.php?rest_route=\/wp\/v2\/posts"}],"about":[{"href":"https:\/\/akdenizolaygazetesi.com\/index.php?rest_route=\/wp\/v2\/types\/post"}],"author":[{"embeddable":true,"href":"https:\/\/akdenizolaygazetesi.com\/index.php?rest_route=\/wp\/v2\/users\/2"}],"replies":[{"embeddable":true,"href":"https:\/\/akdenizolaygazetesi.com\/index.php?rest_route=%2Fwp%2Fv2%2Fcomments&post=11644"}],"version-history":[{"count":2,"href":"https:\/\/akdenizolaygazetesi.com\/index.php?rest_route=\/wp\/v2\/posts\/11644\/revisions"}],"predecessor-version":[{"id":11648,"href":"https:\/\/akdenizolaygazetesi.com\/index.php?rest_route=\/wp\/v2\/posts\/11644\/revisions\/11648"}],"wp:featuredmedia":[{"embeddable":true,"href":"https:\/\/akdenizolaygazetesi.com\/index.php?rest_route=\/wp\/v2\/media\/11647"}],"wp:attachment":[{"href":"https:\/\/akdenizolaygazetesi.com\/index.php?rest_route=%2Fwp%2Fv2%2Fmedia&parent=11644"}],"wp:term":[{"taxonomy":"category","embeddable":true,"href":"https:\/\/akdenizolaygazetesi.com\/index.php?rest_route=%2Fwp%2Fv2%2Fcategories&post=11644"},{"taxonomy":"post_tag","embeddable":true,"href":"https:\/\/akdenizolaygazetesi.com\/index.php?rest_route=%2Fwp%2Fv2%2Ftags&post=11644"}],"curies":[{"name":"wp","href":"https:\/\/api.w.org\/{rel}","templated":true}]}}