{"id":1166,"date":"2020-11-04T18:21:46","date_gmt":"2020-11-04T15:21:46","guid":{"rendered":"http:\/\/mersinekonomipolitikagazetesi.com\/?p=1166"},"modified":"2020-11-04T18:21:46","modified_gmt":"2020-11-04T15:21:46","slug":"baskan-kocamaz-mersin-gecmisi-10-bin-yil-oncesine-dayanan-cok-kadim-bir-sehirdir","status":"publish","type":"post","link":"https:\/\/akdenizolaygazetesi.com\/?p=1166","title":{"rendered":"Ba\u015fkan Kocamaz: &#8220;Mersin ge\u00e7mi\u015fi 10 bin y\u0131l \u00f6ncesine dayanan \u00e7ok kadim bir \u015fehirdir&#8221;"},"content":{"rendered":"<p>Kosova Cumhuriyeti Ankara B\u00fcy\u00fckel\u00e7isi Avni Spahiu, Mersin B\u00fcy\u00fck\u015fehir Belediye Ba\u015fkan\u0131 Burhanettin Kocamaz\u2019\u0131 makam\u0131nda ziyaret etti.<\/p>\n<p>Ziyarette konu\u015fan Ba\u015fkan Kocamaz, Mersin\u2019in co\u011frafi, tarihi, ticari ve k\u00fclt\u00fcrel de\u011ferlerini ziyaret\u00e7ilere anlatt\u0131. Mersin&#8217;in genel yap\u0131s\u0131 konusunda da misafirlere bilgi veren Kocamaz, &#8220;Mersin ge\u00e7mi\u015fi 10 bin y\u0131l \u00f6ncesine dayanan \u00e7ok kadim bir \u015fehir. Bir\u00e7ok medeniyete ev sahipli\u011fi yapm\u0131\u015f. Dinlerin, dillerin ve medeniyetlerin bulu\u015fma noktas\u0131. \u015eu anda Adana ile Antalya aras\u0131nda bulunan Akdeniz\u2019in en uzun sahiline sahip bir \u015fehir ve 321 km sahilimiz var. Denizi, g\u00fcne\u015fi olmas\u0131 nedeniyle turizm \u00f6nemli bir yer i\u015fgal ediyor. Ama buna ra\u011fmen bakir alanlar\u0131m\u0131z \u00e7ok. \u015eu anda 8 tane yat\u0131r\u0131m bekleyen ilan edilmi\u015f turizm b\u00f6lgemiz var. S\u0131cak iklim ku\u015fa\u011f\u0131nda olmas\u0131ndan dolay\u0131 da \u00e7ok verimli topraklara sahip\u201d dedi.<br \/>\nYap\u0131m a\u015famas\u0131nda olan \u00c7ukurova Havaalan\u0131\u2019n\u0131n Tarsus s\u0131n\u0131rlar\u0131 i\u00e7erisinde yer alaca\u011f\u0131n\u0131 ve T\u00fcrkiye\u2019nin ikinci b\u00fcy\u00fck havaalan\u0131 tesisi olaca\u011f\u0131n\u0131 vurgulayan Kocamaz, &#8220;Tar\u0131m ekonomide \u00e7ok \u00f6nemli bir yer tutuyor. Bunun yan\u0131nda liman\u0131m\u0131z T\u00fcrkiye\u2019nin i\u015flem bak\u0131m\u0131ndan en b\u00fcy\u00fck liman\u0131. \u015eu anda Mersin genel b\u00fct\u00e7eye katk\u0131 anlam\u0131nda, vergi \u00f6deme anlam\u0131nda T\u00fcrkiye\u2019de alt\u0131nc\u0131 il. Tarih boyunca da hep \u00f6nemli ki\u015fileri ba\u011fr\u0131nda ta\u015f\u0131m\u0131\u015f bir \u015fehir. Tarsus, St. Paul\u2019un do\u011fdu\u011fu yer. Yine Danyal Peygamber\u2019in mezar\u0131 var Tarsus\u2019ta. Ayr\u0131ca Kuran\u2019da s\u00f6z\u00fc edilen Eshab-\u0131 Kehf Ma\u011faras\u0131 da Tarsus\u2019ta. Ayn\u0131 zamanda Mersin ve il\u00e7elerinde gerek narenciye, gerek sebze ve di\u011fer meyveler konusunda kendine \u00f6zg\u00fc \u00fcr\u00fcnler yeti\u015ftiriliyor\u201d diye konu\u015ftu.<br \/>\n20 y\u0131l Tarsus\u2019ta, 30 Mart 2014 tarihinden itibaren de Mersin\u2019de Belediye Ba\u015fkanl\u0131\u011f\u0131 yapt\u0131\u011f\u0131n\u0131 dile getiren Kocamaz, \u201cMersin\u2019deki g\u00f6revimiz yeni yasa ile birlikte ilin tamam\u0131n\u0131 kaps\u0131yor. B\u00f6yle olunca da B\u00fcy\u00fck\u015fehir Belediyesi olarak tar\u0131ma da \u00e7ok b\u00fcy\u00fck \u00f6nem veriyoruz. Mesela 30 Mart\u2019a kadar b\u00f6yle bir g\u00f6rev yoktu ama biz g\u00f6reve geldi\u011fimiz andan itibaren \u00fcreticilere de her konuda destek veriyoruz\u201d \u015feklinde konu\u015ftu.<br \/>\nKosova Cumhuriyeti Ankara B\u00fcy\u00fckel\u00e7isi Avni Spahiu ise kendilerini makam\u0131nda kabul etti\u011fi i\u00e7in Kocamaz\u2019a te\u015fekk\u00fcr ederek, \u201cMersin\u2019i \u00f6nceden \u00e7ok duymu\u015flu\u011fum vard\u0131 ama ilk defa ziyaret ediyorum. Biraz gezme \u015fans\u0131m\u0131z oldu ve \u00e7ok m\u00fckemmel bir \u015fehir. Bu muhte\u015femli\u011fin sizlerin ba\u015far\u0131lar\u0131ndan kaynakland\u0131\u011f\u0131n\u0131 biliyorum. Kosova k\u00fc\u00e7\u00fck bir \u00fclke. Mersin\u2019den daha k\u00fc\u00e7\u00fck. 2 milyon n\u00fcfusumuz var. Sizin bahsetti\u011finiz t\u00fcm o \u00fcr\u00fcnler \u00fcretimler bizim i\u00e7in \u00e7ok b\u00fcy\u00fck. Kosova kalk\u0131nmak i\u00e7in gerekli yat\u0131r\u0131mlar\u0131 ve ticareti bekliyor\u201d dedi.<br \/>\nKosova-T\u00fcrkiye aras\u0131ndaki ticari ili\u015fkileri geli\u015ftirmek amac\u0131yla Ba\u015fkan Kocamaz\u2019\u0131 makam\u0131nda ziyaret eden heyette, Kosova Cumhuriyeti Ankara B\u00fcy\u00fckel\u00e7isi Avni Spahiu, Kosova Cumhuriyeti \u0130stanbul Ba\u015fkonsolosu Rrahim Morina, Kosova Cumhuriyeti \u0130stanbul Ba\u015fkonsoloslu\u011fu Genel Sekreteri Evren Fusha, T\u00fcrk-Arnavut Karde\u015fli\u011fi Derne\u011fi Ba\u015fkan\u0131 Evren Kaya, Manier Tohumculuk Firma sahiplerinden Fatih Mancak ve F\u0131rat Mancak yer ald\u0131.<\/p>\n","protected":false},"excerpt":{"rendered":"<p>Kosova Cumhuriyeti Ankara B\u00fcy\u00fckel\u00e7isi Avni Spahiu, Mersin B\u00fcy\u00fck\u015fehir Belediye Ba\u015fkan\u0131 Burhanettin Kocamaz\u2019\u0131 makam\u0131nda ziyaret etti. Ziyarette konu\u015fan Ba\u015fkan Kocamaz, Mersin\u2019in co\u011frafi, tarihi, ticari ve k\u00fclt\u00fcrel de\u011ferlerini ziyaret\u00e7ilere anlatt\u0131. Mersin&#8217;in genel &hellip; <a href=\"https:\/\/akdenizolaygazetesi.com\/?p=1166\" class=\"more-link\">Devam\u0131n\u0131 Oku&#8230;<\/a><\/p>\n","protected":false},"author":1,"featured_media":0,"comment_status":"open","ping_status":"open","sticky":false,"template":"","format":"standard","meta":[],"categories":[],"tags":[],"_links":{"self":[{"href":"https:\/\/akdenizolaygazetesi.com\/index.php?rest_route=\/wp\/v2\/posts\/1166"}],"collection":[{"href":"https:\/\/akdenizolaygazetesi.com\/index.php?rest_route=\/wp\/v2\/posts"}],"about":[{"href":"https:\/\/akdenizolaygazetesi.com\/index.php?rest_route=\/wp\/v2\/types\/post"}],"author":[{"embeddable":true,"href":"https:\/\/akdenizolaygazetesi.com\/index.php?rest_route=\/wp\/v2\/users\/1"}],"replies":[{"embeddable":true,"href":"https:\/\/akdenizolaygazetesi.com\/index.php?rest_route=%2Fwp%2Fv2%2Fcomments&post=1166"}],"version-history":[{"count":0,"href":"https:\/\/akdenizolaygazetesi.com\/index.php?rest_route=\/wp\/v2\/posts\/1166\/revisions"}],"wp:attachment":[{"href":"https:\/\/akdenizolaygazetesi.com\/index.php?rest_route=%2Fwp%2Fv2%2Fmedia&parent=1166"}],"wp:term":[{"taxonomy":"category","embeddable":true,"href":"https:\/\/akdenizolaygazetesi.com\/index.php?rest_route=%2Fwp%2Fv2%2Fcategories&post=1166"},{"taxonomy":"post_tag","embeddable":true,"href":"https:\/\/akdenizolaygazetesi.com\/index.php?rest_route=%2Fwp%2Fv2%2Ftags&post=1166"}],"curies":[{"name":"wp","href":"https:\/\/api.w.org\/{rel}","templated":true}]}}