{"id":11670,"date":"2021-04-03T17:41:16","date_gmt":"2021-04-03T14:41:16","guid":{"rendered":"http:\/\/akdenizolaygazetesi.com\/?p=11670"},"modified":"2021-04-03T17:41:51","modified_gmt":"2021-04-03T14:41:51","slug":"otizm-bilincli-aile-projesi-ile-300-aileye-egitim","status":"publish","type":"post","link":"https:\/\/akdenizolaygazetesi.com\/?p=11670","title":{"rendered":"\u201cOT\u0130ZM B\u0130L\u0130N\u00c7L\u0130 A\u0130LE PROJES\u0130\u201d \u0130LE 300 A\u0130LEYE E\u011e\u0130T\u0130M"},"content":{"rendered":"<p>Mersin B\u00fcy\u00fck\u015fehir Belediyesi Engelliler ve Sa\u011fl\u0131k Hizmetleri Dairesi taraf\u0131ndan otizmli \u00e7ocuklar\u0131n geli\u015fimi i\u00e7in ba\u015flat\u0131lan \u201cOtizm Bilin\u00e7li Aile Projesi\u201d, \u201cD\u00fcnya Otizm Fark\u0131ndal\u0131k G\u00fcn\u00fc\u201dnde tamamland\u0131.<\/p>\n<p>Yakla\u015f\u0131k 300 ailenin kay\u0131t yapt\u0131rd\u0131\u011f\u0131 e\u011fitim program\u0131, pandemiden dolay\u0131 online olarak ger\u00e7ekle\u015ftirildi. Alan\u0131nda uzman akademisyenler e\u015fli\u011finde verilen e\u011fitimde; ailelere \u2018otizmi tan\u0131lama ve n\u00f6rolojik s\u00fcre\u00e7\u2019, \u2018do\u011fal \u00f6\u011fretim y\u00f6ntemleri\u2019, \u2018dil ve konu\u015fma bozukluklar\u0131\u2019 ile \u2018davran\u0131\u015f problemleri\u2019 konular\u0131 anlat\u0131ld\u0131.<\/p>\n<p>\u201cAilelerimizi alan\u0131nda uzman profes\u00f6r hocalar\u0131m\u0131zla bir araya getirdik\u201d<\/p>\n<p>Engelliler ve Sa\u011fl\u0131k Hizmetleri Dairesi\u2019nde g\u00f6revli Fizyoterapist Bilge Y\u0131ld\u0131r\u0131m, otizmli \u00e7ocuklarla ilgili \u00e7ok fazla teori oldu\u011funu ve Mersin\u2019de ailelerin \u00e7ocuklar\u0131yla birlikte konunun uzmanlar\u0131na ula\u015fmakta zorluk ya\u015fad\u0131klar\u0131n\u0131 s\u00f6yleyerek, \u201cBiz de bu y\u00fczden ailelerimizi bu alanda \u00e7ok \u00fcnl\u00fc profes\u00f6r hocalar\u0131m\u0131zla bir araya getirdik. \u00c7ocuklar\u0131m\u0131z\u0131 ilk ba\u015fta otizmi tan\u0131mlama s\u00fcrecinden ele ald\u0131k. Daha sonra n\u00f6rolojik s\u00fcrecine ge\u00e7tik. En \u00f6nemli ve aile i\u00e7inde zor olan davran\u0131\u015f problemleri ve evde yap\u0131labilecek aktiviteleri i\u015flemledik. Son olarak ise dil ve konu\u015fma e\u011fitimi ile tam da 2 Nisan Otizm Fark\u0131ndal\u0131k G\u00fcn\u00fc\u2019nde sonland\u0131rd\u0131k\u201d dedi.<\/p>\n<p>\u201cAilelerimiz projeden \u00e7ok memnun kald\u0131lar, devam\u0131n\u0131 da istiyorlar\u201d<\/p>\n<p>Projeyi \u201cOtizm Bilin\u00e7li Aile Projesi\u201d ad\u0131yla ba\u015flatt\u0131klar\u0131n\u0131 ve ailelerin \u00e7ok memnun kald\u0131\u011f\u0131n\u0131 ifade eden Y\u0131ld\u0131r\u0131m, \u015funlar\u0131 s\u00f6yledi:<\/p>\n<p>\u201cBiz bu e\u011fitimi online bir \u015fekilde ger\u00e7ekle\u015ftirdik. 300\u2019e yak\u0131n kay\u0131t ald\u0131k. Her oturumumuza ortalama 200 aile kat\u0131l\u0131yor. Tabi sadece aileler de\u011fil uzmanlar da bu oturumlar\u0131 takip ediyorlar. Kat\u0131lan hocalar\u0131m\u0131z \u00e7ok k\u0131ymetli ve alan\u0131nda uzman hocalar\u0131m\u0131z. \u0130lk ba\u015fta Mersin\u2019deki k\u0131ymetli hocalar\u0131m\u0131z Fevziye Toros ve \u00c7etin Okuyaz ile \u2018tan\u0131lama ve n\u00f6rolojik s\u00fcreci\u2019 konu\u015ftuk. Daha sonra Eski\u015fehir Anadolu \u00dcniversitesi\u2019nden \u00e7ok k\u0131ymetli hocam\u0131z Prof. Dr. \u0130brahim Halil Diken ile birlikte \u2018do\u011fal \u00f6\u011fretim y\u00f6ntemleri\u2019 konusunu konu\u015ftuk. Otizmli \u00e7ocuklar\u0131n en b\u00fcy\u00fck problemi olan davran\u0131\u015f problemlerini, bu alan\u0131n duayeni B\u00fcnyamin Birkan hocam\u0131z anlatt\u0131. Oturumlar\u0131m\u0131zda videolar oluyor. Soru-cevap k\u0131sm\u0131 oluyor. Aileler kafalar\u0131na tak\u0131lan konularda her soruyu sorabiliyor. Bu \u015fekilde uzmanlara ula\u015fabilme aileleri \u00e7ok mutlu ediyor, \u00e7ok rahatlat\u0131yor. En son oturumumuzda; en \u00f6nemli konulardan biri \u2018dil ve konu\u015fma bozukluklar\u0131\u2019 da \u00e7ok \u00fcnl\u00fc konu\u015fma terapisti olan Nevzat Egemen Nak\u0131\u015f\u00e7\u0131 hocam\u0131z taraf\u0131ndan anlat\u0131ld\u0131. Ailelerimiz bu projeden \u00e7ok memnun kald\u0131, devam\u0131n\u0131 da istiyorlar. Biz de onlar\u0131 desteklemek i\u00e7in her zaman yanlar\u0131nday\u0131z.\u201d<\/p>\n","protected":false},"excerpt":{"rendered":"<p>Mersin B\u00fcy\u00fck\u015fehir Belediyesi Engelliler ve Sa\u011fl\u0131k Hizmetleri Dairesi taraf\u0131ndan otizmli \u00e7ocuklar\u0131n geli\u015fimi i\u00e7in ba\u015flat\u0131lan \u201cOtizm Bilin\u00e7li Aile Projesi\u201d, \u201cD\u00fcnya Otizm Fark\u0131ndal\u0131k G\u00fcn\u00fc\u201dnde tamamland\u0131. Yakla\u015f\u0131k 300 ailenin kay\u0131t yapt\u0131rd\u0131\u011f\u0131 e\u011fitim program\u0131, &hellip; <a href=\"https:\/\/akdenizolaygazetesi.com\/?p=11670\" class=\"more-link\">Devam\u0131n\u0131 Oku&#8230;<\/a><\/p>\n","protected":false},"author":2,"featured_media":11672,"comment_status":"open","ping_status":"open","sticky":false,"template":"","format":"standard","meta":[],"categories":[34,1,3,5,9],"tags":[],"_links":{"self":[{"href":"https:\/\/akdenizolaygazetesi.com\/index.php?rest_route=\/wp\/v2\/posts\/11670"}],"collection":[{"href":"https:\/\/akdenizolaygazetesi.com\/index.php?rest_route=\/wp\/v2\/posts"}],"about":[{"href":"https:\/\/akdenizolaygazetesi.com\/index.php?rest_route=\/wp\/v2\/types\/post"}],"author":[{"embeddable":true,"href":"https:\/\/akdenizolaygazetesi.com\/index.php?rest_route=\/wp\/v2\/users\/2"}],"replies":[{"embeddable":true,"href":"https:\/\/akdenizolaygazetesi.com\/index.php?rest_route=%2Fwp%2Fv2%2Fcomments&post=11670"}],"version-history":[{"count":1,"href":"https:\/\/akdenizolaygazetesi.com\/index.php?rest_route=\/wp\/v2\/posts\/11670\/revisions"}],"predecessor-version":[{"id":11671,"href":"https:\/\/akdenizolaygazetesi.com\/index.php?rest_route=\/wp\/v2\/posts\/11670\/revisions\/11671"}],"wp:featuredmedia":[{"embeddable":true,"href":"https:\/\/akdenizolaygazetesi.com\/index.php?rest_route=\/wp\/v2\/media\/11672"}],"wp:attachment":[{"href":"https:\/\/akdenizolaygazetesi.com\/index.php?rest_route=%2Fwp%2Fv2%2Fmedia&parent=11670"}],"wp:term":[{"taxonomy":"category","embeddable":true,"href":"https:\/\/akdenizolaygazetesi.com\/index.php?rest_route=%2Fwp%2Fv2%2Fcategories&post=11670"},{"taxonomy":"post_tag","embeddable":true,"href":"https:\/\/akdenizolaygazetesi.com\/index.php?rest_route=%2Fwp%2Fv2%2Ftags&post=11670"}],"curies":[{"name":"wp","href":"https:\/\/api.w.org\/{rel}","templated":true}]}}