{"id":1168,"date":"2020-11-04T18:21:46","date_gmt":"2020-11-04T15:21:46","guid":{"rendered":"http:\/\/mersinekonomipolitikagazetesi.com\/?p=1168"},"modified":"2020-11-04T18:21:46","modified_gmt":"2020-11-04T15:21:46","slug":"mezitli-belediyesine-yeni-hizmet-binasi-yapilacak","status":"publish","type":"post","link":"https:\/\/akdenizolaygazetesi.com\/?p=1168","title":{"rendered":"Mezitli Belediyesi\u2019ne yeni hizmet binas\u0131 yap\u0131lacak"},"content":{"rendered":"<p>Mezitli Belediyesi&#8217;ne yeni hizmet binas\u0131 yap\u0131laca\u011f\u0131 bildirildi.<\/p>\n<p>Belediyeden yap\u0131lan a\u00e7\u0131klamaya g\u00f6re, 2017 y\u0131l\u0131n\u0131 k\u00fclt\u00fcr, sanat ve proje y\u0131l\u0131 ilan eden Mezitli Belediyesi\u2019nin projeleri, yap\u0131laca\u011f\u0131 yerlerde ya\u015fayan vatanda\u015flar\u0131 ve esnaflar aras\u0131nda heyecana neden oldu. Mezitli Belediyesi\u2019nin yeni hizmet binas\u0131, Mezitli Kaymakaml\u0131\u011f\u0131 ve ba\u011fl\u0131 m\u00fcd\u00fcrl\u00fcklerin binas\u0131n\u0131n yan\u0131 s\u0131ra belediyenin en b\u00fcy\u00fck projelerinden birisi olan \u00e7ar\u015f\u0131 kent meydan\u0131n\u0131n yap\u0131laca\u011f\u0131 Atat\u00fcrk Mahallesi&#8217;nde, b\u00f6lge halk\u0131 projelerin tamamlanmas\u0131n\u0131 merakla bekliyor. Bir y\u0131l i\u00e7inde tamamlanmas\u0131 \u00f6ng\u00f6r\u00fclen projelerle b\u00f6lgenin ilgi oda\u011f\u0131 olaca\u011f\u0131n\u0131 ifade eden vatanda\u015flar, Mezitli Belediye Ba\u015fkan\u0131 Ne\u015fet Tarhan\u2019a te\u015fekk\u00fcr ettiler.<br \/>\n&#8220;B\u00f6lgenin de\u011feri artacak&#8221;<br \/>\nMezitli\u2019nin en merkezi mahallesi olmas\u0131na kar\u015f\u0131n hal ve sanayi sitesinin bu b\u00f6lgede olmas\u0131ndan dolay\u0131 yeterince geli\u015fmedi\u011fine vurgu yapan Mezitli Belediye Ba\u015fkan\u0131 Ne\u015fet Tarhan, \u201cBu dev projelerin b\u00f6lgemize b\u00fcy\u00fck bir sinerji ve heyecan yarataca\u011f\u0131n\u0131 d\u00fc\u015f\u00fcn\u00fcyorum. \u00d6zellikle hal kalkacak ve modern bir meydan haline gelecek. Bunlar\u0131n \u00fczerine birde belediye ve kaymakaml\u0131\u011f\u0131n buraya gelecek olmas\u0131 Atat\u00fcrk Mahallesi\u2019ni \u00e7ok \u00f6nemli k\u0131lacakt\u0131r. B\u00f6lgenin de de\u011feri yap\u0131lan projelerle daha da artacakt\u0131r. Mezitli halk\u0131na \u015fimdiden hay\u0131rl\u0131 olsun\u201d dedi.<\/p>\n","protected":false},"excerpt":{"rendered":"<p>Mezitli Belediyesi&#8217;ne yeni hizmet binas\u0131 yap\u0131laca\u011f\u0131 bildirildi. Belediyeden yap\u0131lan a\u00e7\u0131klamaya g\u00f6re, 2017 y\u0131l\u0131n\u0131 k\u00fclt\u00fcr, sanat ve proje y\u0131l\u0131 ilan eden Mezitli Belediyesi\u2019nin projeleri, yap\u0131laca\u011f\u0131 yerlerde ya\u015fayan vatanda\u015flar\u0131 ve esnaflar aras\u0131nda &hellip; <a href=\"https:\/\/akdenizolaygazetesi.com\/?p=1168\" class=\"more-link\">Devam\u0131n\u0131 Oku&#8230;<\/a><\/p>\n","protected":false},"author":1,"featured_media":0,"comment_status":"open","ping_status":"open","sticky":false,"template":"","format":"standard","meta":[],"categories":[],"tags":[],"_links":{"self":[{"href":"https:\/\/akdenizolaygazetesi.com\/index.php?rest_route=\/wp\/v2\/posts\/1168"}],"collection":[{"href":"https:\/\/akdenizolaygazetesi.com\/index.php?rest_route=\/wp\/v2\/posts"}],"about":[{"href":"https:\/\/akdenizolaygazetesi.com\/index.php?rest_route=\/wp\/v2\/types\/post"}],"author":[{"embeddable":true,"href":"https:\/\/akdenizolaygazetesi.com\/index.php?rest_route=\/wp\/v2\/users\/1"}],"replies":[{"embeddable":true,"href":"https:\/\/akdenizolaygazetesi.com\/index.php?rest_route=%2Fwp%2Fv2%2Fcomments&post=1168"}],"version-history":[{"count":0,"href":"https:\/\/akdenizolaygazetesi.com\/index.php?rest_route=\/wp\/v2\/posts\/1168\/revisions"}],"wp:attachment":[{"href":"https:\/\/akdenizolaygazetesi.com\/index.php?rest_route=%2Fwp%2Fv2%2Fmedia&parent=1168"}],"wp:term":[{"taxonomy":"category","embeddable":true,"href":"https:\/\/akdenizolaygazetesi.com\/index.php?rest_route=%2Fwp%2Fv2%2Fcategories&post=1168"},{"taxonomy":"post_tag","embeddable":true,"href":"https:\/\/akdenizolaygazetesi.com\/index.php?rest_route=%2Fwp%2Fv2%2Ftags&post=1168"}],"curies":[{"name":"wp","href":"https:\/\/api.w.org\/{rel}","templated":true}]}}