{"id":11689,"date":"2021-04-05T13:04:26","date_gmt":"2021-04-05T10:04:26","guid":{"rendered":"http:\/\/akdenizolaygazetesi.com\/?p=11689"},"modified":"2021-04-05T13:05:23","modified_gmt":"2021-04-05T10:05:23","slug":"istihdama-kazandirilan-20-kisiye-oryantasyon-egitimi","status":"publish","type":"post","link":"https:\/\/akdenizolaygazetesi.com\/?p=11689","title":{"rendered":"\u0130ST\u0130HDAMA KAZANDIRILAN 20 K\u0130\u015e\u0130YE ORYANTASYON E\u011e\u0130T\u0130M\u0130"},"content":{"rendered":"<p>Mersin B\u00fcy\u00fck\u015fehir Belediyesi Kariyer Merkezi, yapt\u0131\u011f\u0131 \u00e7al\u0131\u015fmalarla farkl\u0131 illerden de ilgi g\u00f6rmeye devam ediyor. Mersin B\u00fcy\u00fck\u015fehir Belediyesi Kariyer Merkezi, Scotty Kurye Firmas\u0131 taraf\u0131ndan ger\u00e7ekle\u015ftirilen istihdama rehberlik etti.<\/p>\n<p>\u0130stihdama kazand\u0131r\u0131lan 20 ki\u015fiye B\u00fcy\u00fck\u015fehir Belediyesi Kongre ve Sergi Saray\u0131 \u00c7ok Ama\u00e7l\u0131 Salon\u2019da oryantasyon e\u011fitimi verildi. Sa\u011flanan i\u015f birli\u011fi bundan sonraki s\u00fcre\u00e7te de devam edecek. Oryantasyon e\u011fitimini Scotty Kurye Firmas\u0131\u2019n\u0131n \u00e7al\u0131\u015fmalar\u0131n\u0131 y\u00fcr\u00fctt\u00fc\u011f\u00fc Hepsiexpress \u0130nsan Kaynaklar\u0131 M\u00fcd\u00fcr\u00fc Kadir U\u011fur ile E\u011fitim Y\u00f6neticisi \u00d6zlem A\u011f\u0131rkan taraf\u0131ndan verildi. E\u011fitimde; kuryelere i\u015flerini nas\u0131l yapabilecekleri konusunda bilgilendirmeler yap\u0131ld\u0131. Merkezi \u0130stanbul\u2019da bulunan firma, Kariyer Merkezi\u2019nden i\u015fveren dan\u0131\u015fmanl\u0131\u011f\u0131 ald\u0131.<\/p>\n<p>Kariyer Merkezi destek vermeye devam edecek<\/p>\n<p>Hepsiexpress i\u015f birli\u011fi ile Mersin\u2019e gelen Scotty firmas\u0131 i\u015f g\u00f6r\u00fc\u015fmelerinin hepsini Kariyer Merkezi\u2019nde ger\u00e7ekle\u015ftirdi. Operasyonun aksamamas\u0131 i\u00e7in B\u00fcy\u00fck\u015fehir Belediyesi\u2019nin deste\u011fiyle i\u015f g\u00f6r\u00fc\u015fmesi yap\u0131lan t\u00fcm adaylara bilgi ak\u0131\u015f\u0131 sa\u011fland\u0131. Kariyer Merkezi, market operasyonlar\u0131n\u0131n yan\u0131 s\u0131ra di\u011fer da\u011f\u0131t\u0131m operasyonlar\u0131 i\u00e7in de destek vermeye devam edecek.<\/p>\n<p>\u00d6zada: \u201cUlusal markalar\u0131n Kariyer Merkezi koordinasyonunda bulu\u015fmas\u0131 \u00e7ok \u00f6nemli\u201d<\/p>\n<p>Kariyer Merkezi M\u00fcd\u00fcr\u00fc Serkan \u00d6zada, Kariyer Merkezi\u2019nin bir y\u0131ldan daha fazla bir s\u00fcredir \u00e7al\u0131\u015fmalar y\u00fcr\u00fctt\u00fc\u011f\u00fcn\u00fc belirterek, \u201cBug\u00fcn burada ulusal markalar\u0131n Kariyer Merkezi koordinasyonunda bulu\u015fmas\u0131 \u00e7ok \u00f6nemliydi. \u00c7\u00fcnk\u00fc 1 y\u0131l gibi k\u0131sa bir s\u00fcrede \u015fehir d\u0131\u015f\u0131ndan ulusal bir markan\u0131n gelip burada Mersin B\u00fcy\u00fck\u015fehir Belediyesi Kariyer Merkezi\u2019ni tercih etmesi, bu e\u011fitimi d\u00fczenlemesi, istihdam politikas\u0131n\u0131 geli\u015ftirmesi \u00e7ok \u00f6nemliydi. \u00c7\u00fcnk\u00fc firma gelip bize Mersin ilinde bu yat\u0131r\u0131m\u0131 yapmak istediklerini, bu yat\u0131r\u0131m\u0131 yapmak i\u00e7in istihdam konusunda nas\u0131l destek alabileceklerini sordu. Biz demografik yap\u0131y\u0131 anlatmaya \u00e7al\u0131\u015ft\u0131k. Mersin&#8217;deki kuryecilik mesle\u011fine bak\u0131\u015f a\u00e7\u0131s\u0131n\u0131 anlatmaya \u00e7al\u0131\u015ft\u0131k. Kriterlerin neler olmas\u0131 gerekti\u011fi konusunda biz i\u015fverenlerimize dan\u0131\u015fmanl\u0131k hizmeti sunduk. Di\u011fer taraftan da tabi ki rehberlik hizmeti sunmu\u015f oldu\u011fumuz dan\u0131\u015fanlar\u0131m\u0131z var\u201d dedi.<\/p>\n<p>20 ki\u015finin istihdam edildi\u011finden de s\u00f6z eden \u00d6zada, \u201cKariyer Merkezi olarak istihdama rehberlik etme konusundaki \u00e7abam\u0131z\u0131 s\u00fcrd\u00fcrmeye \u00e7al\u0131\u015faca\u011f\u0131z. \u00d6nemli olan bu. Kamu istihdam kurumu de\u011filiz. Bunu tekrar etmek istiyorum ama biz i\u015f arayanlar, i\u015fverenler aras\u0131nda o ba\u011flant\u0131y\u0131 sa\u011flayacak kanallardan bir tanesi olmaya aday\u0131z ve bu y\u00f6ndeki \u00e7al\u0131\u015fmalar\u0131m\u0131z\u0131 ulusal markalarla s\u00fcrd\u00fcrmek istiyoruz. Ulusal markalar\u0131n bizi Mersin ilinde tercih etmesinin de asl\u0131nda 1 y\u0131l gibi k\u0131sa bir s\u00fcre\u00e7te hangi a\u015famada oldu\u011fumuzu da g\u00f6steren en g\u00fczel kan\u0131tlardan bir tanesi oldu\u011funu d\u00fc\u015f\u00fcn\u00fcyorum\u201d ifadelerini kulland\u0131.<\/p>\n<p>U\u011fur: \u201cBir kurye arkada\u015f\u0131n t\u00fcm s\u00fcre\u00e7lerle ilgili bilgisi olmas\u0131 i\u00e7in t\u00fcm s\u00fcreci anlat\u0131yoruz\u201d<\/p>\n<p>Hepsiexpress \u0130nsan Kaynaklar\u0131 M\u00fcd\u00fcr\u00fc Kadir U\u011fur, ilk defa Mersin kitlesi ile bir araya geldiklerinden s\u00f6z ederek, \u201cMersin\u2019de operasyonumuzu ba\u015flat\u0131yoruz ve Hepsiexpress ailesi olarak ilk defa m\u00fc\u015fteri ile bulu\u015faca\u011f\u0131m\u0131z kurye arkada\u015flarla bir araya geliyoruz. Kurye arkada\u015flar\u0131m\u0131za da bizim i\u00e7in \u00f6nemli olan, de\u011ferli olan konular\u0131 hem anlat\u0131yoruz hem m\u00fc\u015fteriye nas\u0131l davranmal\u0131 hem trafikte nas\u0131l davranmal\u0131 bunu \u00f6\u011fretiyoruz\u201d dedi.<\/p>\n<p>\u00c7al\u0131\u015fkan: \u201cMevcutta hangi insanlarla \u00e7al\u0131\u015fabilece\u011fimizi g\u00f6rm\u00fc\u015f olduk\u201d<\/p>\n<p>Scotty Kurye S\u00fcr\u00fcc\u00fc Operasyonlar\u0131 Y\u00f6neticisi Berk \u00c7al\u0131\u015fkan ise Mersin B\u00fcy\u00fck\u015fehir Belediyesi\u2019nin deste\u011fiyle Mersin\u2019deki potansiyeli g\u00f6rd\u00fcklerini ifade ederek, \u201cMersin halk\u0131na, Mersin\u2019de bulunan motosiklet s\u00fcr\u00fcc\u00fcs\u00fc arkada\u015flara, bir i\u015f istihdam\u0131 yaratmak ad\u0131na market da\u011f\u0131t\u0131m operasyonunu Hepsiexpress ile beraber burada ba\u015flatmak istedik. Bunun i\u00e7in de Mersin B\u00fcy\u00fck\u015fehir Belediyesi ile irtibata ge\u00e7tik. Bu konuda bize destek oldular. Biz de bununla beraber buradaki asl\u0131nda mevcut potansiyeli g\u00f6rm\u00fc\u015f olduk\u201d ifadelerini kulland\u0131.<\/p>\n","protected":false},"excerpt":{"rendered":"<p>Mersin B\u00fcy\u00fck\u015fehir Belediyesi Kariyer Merkezi, yapt\u0131\u011f\u0131 \u00e7al\u0131\u015fmalarla farkl\u0131 illerden de ilgi g\u00f6rmeye devam ediyor. Mersin B\u00fcy\u00fck\u015fehir Belediyesi Kariyer Merkezi, Scotty Kurye Firmas\u0131 taraf\u0131ndan ger\u00e7ekle\u015ftirilen istihdama rehberlik etti. \u0130stihdama kazand\u0131r\u0131lan 20 &hellip; <a href=\"https:\/\/akdenizolaygazetesi.com\/?p=11689\" class=\"more-link\">Devam\u0131n\u0131 Oku&#8230;<\/a><\/p>\n","protected":false},"author":2,"featured_media":11691,"comment_status":"open","ping_status":"open","sticky":false,"template":"","format":"standard","meta":[],"categories":[34,1,2,3,5],"tags":[],"_links":{"self":[{"href":"https:\/\/akdenizolaygazetesi.com\/index.php?rest_route=\/wp\/v2\/posts\/11689"}],"collection":[{"href":"https:\/\/akdenizolaygazetesi.com\/index.php?rest_route=\/wp\/v2\/posts"}],"about":[{"href":"https:\/\/akdenizolaygazetesi.com\/index.php?rest_route=\/wp\/v2\/types\/post"}],"author":[{"embeddable":true,"href":"https:\/\/akdenizolaygazetesi.com\/index.php?rest_route=\/wp\/v2\/users\/2"}],"replies":[{"embeddable":true,"href":"https:\/\/akdenizolaygazetesi.com\/index.php?rest_route=%2Fwp%2Fv2%2Fcomments&post=11689"}],"version-history":[{"count":2,"href":"https:\/\/akdenizolaygazetesi.com\/index.php?rest_route=\/wp\/v2\/posts\/11689\/revisions"}],"predecessor-version":[{"id":11692,"href":"https:\/\/akdenizolaygazetesi.com\/index.php?rest_route=\/wp\/v2\/posts\/11689\/revisions\/11692"}],"wp:featuredmedia":[{"embeddable":true,"href":"https:\/\/akdenizolaygazetesi.com\/index.php?rest_route=\/wp\/v2\/media\/11691"}],"wp:attachment":[{"href":"https:\/\/akdenizolaygazetesi.com\/index.php?rest_route=%2Fwp%2Fv2%2Fmedia&parent=11689"}],"wp:term":[{"taxonomy":"category","embeddable":true,"href":"https:\/\/akdenizolaygazetesi.com\/index.php?rest_route=%2Fwp%2Fv2%2Fcategories&post=11689"},{"taxonomy":"post_tag","embeddable":true,"href":"https:\/\/akdenizolaygazetesi.com\/index.php?rest_route=%2Fwp%2Fv2%2Ftags&post=11689"}],"curies":[{"name":"wp","href":"https:\/\/api.w.org\/{rel}","templated":true}]}}