{"id":1169,"date":"2020-11-04T18:21:46","date_gmt":"2020-11-04T15:21:46","guid":{"rendered":"http:\/\/mersinekonomipolitikagazetesi.com\/?p=1169"},"modified":"2020-11-04T18:21:46","modified_gmt":"2020-11-04T15:21:46","slug":"vali-cakacak-kardes-ulke-kirgizistan-ile-koklu-iliskilerimiz-var","status":"publish","type":"post","link":"https:\/\/akdenizolaygazetesi.com\/?p=1169","title":{"rendered":"Vali \u00c7akacak: &#8220;Karde\u015f \u00fclke K\u0131rg\u0131zistan ile k\u00f6kl\u00fc ili\u015fkilerimiz var&#8221;"},"content":{"rendered":"<p>Bir dizi ziyaret ger\u00e7ekle\u015ftirmek ve etkinliklere kat\u0131lmak \u00fczere Mersin&#8217;e gelen K\u0131rg\u0131zistan Cumhuriyeti Ankara B\u00fcy\u00fckel\u00e7isi Prof. Dr. \u0130bragim Dzhunusov, K\u0131rg\u0131zistan Cumhuriyeti Mersin Fahri Konsolosu Mahmut Arslan ve Uluslararas\u0131 T\u00fcrk K\u00fclt\u00fcr\u00fc Te\u015fkilat\u0131 (T\u00dcRKSOY) Genel Sekreteri D\u00fcsen Kaseinov ile birlikte Vali \u00d6zdemir \u00c7akacak\u2019\u0131 ziyaret etti.<\/p>\n<p>Sahil Valilik&#8217;de ger\u00e7ekle\u015fen ziyarette B\u00fcy\u00fckel\u00e7i Dzhunusov taraf\u0131ndan Valilik \u015eeref Defteri imzaland\u0131. Ard\u0131ndan makamda devam eden ziyaret, samimi bir ortamda ge\u00e7ti. Ziyarette konu\u015fan Vali \u00c7akacak, T\u00fcrkiye ile K\u0131rg\u0131zistan aras\u0131nda k\u00f6kl\u00fc bir ge\u00e7mi\u015fe dayanan karde\u015flik ve dostluk ili\u015fkilerinin oldu\u011funu vurgulayarak, K\u0131rg\u0131zistan B\u00fcy\u00fckel\u00e7isi Dzhunusov\u2019u Mersin&#8217; de a\u011f\u0131rlamaktan duydu\u011fu memnuniyeti ifade etti. \u0130ki \u00fclke aras\u0131nda var olan iyi ili\u015fkilerin dostluk ve i\u015fbirli\u011fi \u00e7er\u00e7evesinde devam etti\u011finin alt\u0131n\u0131 \u00e7izen \u00c7akacak, bu ziyaretin iki \u00fclke aras\u0131nda var olan k\u00f6kl\u00fc ili\u015fkilerin daha da geli\u015ftirilmesine vesile olmas\u0131 temennisinde bulundu.<br \/>\nB\u00fcy\u00fckel\u00e7i Dzhunusov ise Mersin\u2019de bulunmaktan duydu\u011fu memnuniyeti belirterek, K\u0131rg\u0131zistan ile Mersin aras\u0131nda var olan ekonomik ili\u015fkilerin yan\u0131 s\u0131ra, sosyal ve k\u00fclt\u00fcrel bir\u00e7ok alanda i\u015fbirli\u011fi bulundu\u011funu ve bu birlikteli\u011fin artarak devam etti\u011fini s\u00f6yledi. Dzhunusoy ayr\u0131ca g\u00f6stermi\u015f oldu\u011fu yak\u0131n ilgiden dolay\u0131 Vali \u00c7akacak\u2019a \u015f\u00fckranlar\u0131n\u0131 sundu.<\/p>\n","protected":false},"excerpt":{"rendered":"<p>Bir dizi ziyaret ger\u00e7ekle\u015ftirmek ve etkinliklere kat\u0131lmak \u00fczere Mersin&#8217;e gelen K\u0131rg\u0131zistan Cumhuriyeti Ankara B\u00fcy\u00fckel\u00e7isi Prof. Dr. \u0130bragim Dzhunusov, K\u0131rg\u0131zistan Cumhuriyeti Mersin Fahri Konsolosu Mahmut Arslan ve Uluslararas\u0131 T\u00fcrk K\u00fclt\u00fcr\u00fc Te\u015fkilat\u0131 &hellip; <a href=\"https:\/\/akdenizolaygazetesi.com\/?p=1169\" class=\"more-link\">Devam\u0131n\u0131 Oku&#8230;<\/a><\/p>\n","protected":false},"author":1,"featured_media":0,"comment_status":"open","ping_status":"open","sticky":false,"template":"","format":"standard","meta":[],"categories":[],"tags":[],"_links":{"self":[{"href":"https:\/\/akdenizolaygazetesi.com\/index.php?rest_route=\/wp\/v2\/posts\/1169"}],"collection":[{"href":"https:\/\/akdenizolaygazetesi.com\/index.php?rest_route=\/wp\/v2\/posts"}],"about":[{"href":"https:\/\/akdenizolaygazetesi.com\/index.php?rest_route=\/wp\/v2\/types\/post"}],"author":[{"embeddable":true,"href":"https:\/\/akdenizolaygazetesi.com\/index.php?rest_route=\/wp\/v2\/users\/1"}],"replies":[{"embeddable":true,"href":"https:\/\/akdenizolaygazetesi.com\/index.php?rest_route=%2Fwp%2Fv2%2Fcomments&post=1169"}],"version-history":[{"count":0,"href":"https:\/\/akdenizolaygazetesi.com\/index.php?rest_route=\/wp\/v2\/posts\/1169\/revisions"}],"wp:attachment":[{"href":"https:\/\/akdenizolaygazetesi.com\/index.php?rest_route=%2Fwp%2Fv2%2Fmedia&parent=1169"}],"wp:term":[{"taxonomy":"category","embeddable":true,"href":"https:\/\/akdenizolaygazetesi.com\/index.php?rest_route=%2Fwp%2Fv2%2Fcategories&post=1169"},{"taxonomy":"post_tag","embeddable":true,"href":"https:\/\/akdenizolaygazetesi.com\/index.php?rest_route=%2Fwp%2Fv2%2Ftags&post=1169"}],"curies":[{"name":"wp","href":"https:\/\/api.w.org\/{rel}","templated":true}]}}