{"id":11693,"date":"2021-04-05T13:06:40","date_gmt":"2021-04-05T10:06:40","guid":{"rendered":"http:\/\/akdenizolaygazetesi.com\/?p=11693"},"modified":"2021-04-05T13:07:32","modified_gmt":"2021-04-05T10:07:32","slug":"buyuksehirle-mersinin-her-yerinde-cicekler-aciyor","status":"publish","type":"post","link":"https:\/\/akdenizolaygazetesi.com\/?p=11693","title":{"rendered":"B\u00dcY\u00dcK\u015eEH\u0130R\u2019LE MERS\u0130N\u2019\u0130N HER YER\u0130NDE \u00c7\u0130\u00c7EKLER A\u00c7IYOR"},"content":{"rendered":"<p>Mersin B\u00fcy\u00fck\u015fehir Belediyesi Park ve Bah\u00e7eler Dairesi, Mersin\u2019e bahar\u0131n gelmesinin \u00fczerinden k\u0131sa bir s\u00fcre ge\u00e7mesine ra\u011fmen kent genelinde yakla\u015f\u0131k 60 bin mevsimlik bitki dikimi ger\u00e7ekle\u015ftirdi. B\u00fcy\u00fck\u015fehir, bu y\u0131l i\u00e7erisinde kentte yakla\u015f\u0131k 2 milyon mevsimlik bitki dikimi yapmay\u0131 planl\u0131yor. \u015eu anda Tagetes, Zinnia, \u0130pek \u00c7i\u00e7e\u011fi, Ate\u015f \u00c7i\u00e7e\u011fi, Horoz \u0130bi\u011fi, Petunya, Begonya ve Gazania gibi bitkiler toprakla bulu\u015fturuluyor.<\/p>\n<p>Kad\u0131nlar bitkileri topra\u011fa ilmek ilmek i\u015fliyor<\/p>\n<p>Dikim ekipleri sahada yo\u011fun bir \u00e7al\u0131\u015fma y\u00fcr\u00fct\u00fcyor. Ekip \u00fcyelerinin b\u00fcy\u00fck \u00e7o\u011funlu\u011funu Ba\u015fkan Se\u00e7er\u2019in g\u00f6reve gelmesinden sonra istihdam sa\u011flanan kad\u0131nlar olu\u015fturuyor. G\u00fcne\u015fe ve toza ald\u0131r\u0131\u015f etmeyen kad\u0131nlar \u015fapkalar\u0131n\u0131 tak\u0131p mevsimlik bitkileri topra\u011fa ilmek ilmek i\u015fliyor. \u00c7i\u00e7ek a\u00e7\u0131p t\u00fcm mevsim kenti g\u00fczelle\u015ftirecek olan o bitkiler, yine kad\u0131n kooperatiflerinden temin ediliyor. \u00c7al\u0131\u015fma y\u00fcr\u00fct\u00fclen noktalardan birisi de R\u0131fat Uslu Caddesi ile Akbelen Bulvar\u0131\u2019n\u0131n kesi\u015fimindeki kav\u015fak oldu. Kad\u0131nlar, kav\u015fa\u011fa yakla\u015f\u0131k 20 bin adet Tagetes bitkisi dikti.<\/p>\n<p>\u201cKarayollar\u0131 a\u011f\u0131nda olup, protokolle bize devredilen bir kav\u015fakta \u00e7al\u0131\u015fma yap\u0131yoruz\u201d<\/p>\n<p>Park ve Bah\u00e7eler Dairesi Ba\u015fkan\u0131 G\u00f6her \u015eahin de kav\u015fakta \u00e7al\u0131\u015fma y\u00fcr\u00fcten kad\u0131n personelleri ziyaret ederek mevsimlik bitki dikimlerine e\u015flik etti. S\u00f6z konusu kav\u015faktaki \u00e7al\u0131\u015fmalarla ilgili bilgi veren \u015eahin, \u201cR\u0131fat Uslu Caddesi ile Akbelen Bulvar\u0131\u2019n\u0131n kesi\u015fim noktas\u0131nda bulunan, ayn\u0131 zamanda Karayollar\u0131 a\u011f\u0131nda olup, protokolle bize devredilen bir kav\u015fakta \u00e7al\u0131\u015fma yap\u0131yoruz. Bu \u00e7al\u0131\u015fma esnas\u0131nda, topra\u011f\u0131n bitki besin elementi a\u00e7\u0131s\u0131ndan zay\u0131f olmas\u0131 nedeniyle \u00f6ncelikle toprak yenilemesi yapt\u0131k. \u00dczerinde de Tagetes dedi\u011fimiz yazl\u0131k bitkilerimizin dikimine ba\u015flad\u0131k\u201d dedi.<\/p>\n<p>\u201cBir y\u0131l i\u00e7erisinde yakla\u015f\u0131k 2 milyon mevsimlik \u00e7i\u00e7ek dikimi planlad\u0131k\u201d<\/p>\n<p>\u015eahin, kent genelindeki mevsimlik bitki dikim \u00e7al\u0131\u015fmalar\u0131ndan da s\u00f6z ederek, \u201cBu dikimlerimiz Tarsus\u2019tan Anamur\u2019a kadar devam ediyor. Anamur\u2019da, Silifke\u2019de, Tarsus\u2019ta dikimlerimize ba\u015flad\u0131k. Bir y\u0131l i\u00e7erisinde yakla\u015f\u0131k 2 milyon kadar mevsimlik \u00e7i\u00e7ek dikimi planlad\u0131k. Bu kav\u015fakta sadece 20 bin kadar Tagetes dikimi ger\u00e7ekle\u015ftiriyoruz. D\u00fcn Adliye g\u00f6be\u011finde bir o kadar dikim yapt\u0131k. Sezon ba\u015f\u0131ndan bug\u00fcne kadar \u00e7ok k\u0131sa bir zaman ge\u00e7mesine ra\u011fmen yakla\u015f\u0131k 60 bin tane mevsimlik \u00e7i\u00e7e\u011fi toprakla bulu\u015fturduk\u201d diye konu\u015ftu.<\/p>\n<p>\u201cBu \u00e7i\u00e7ekleri kad\u0131n kooperatiflerinden al\u0131yoruz\u201d<\/p>\n<p>Mevsimlik bitkilerin her a\u015famas\u0131nda kad\u0131nlar\u0131n eme\u011finin yo\u011fun oldu\u011funu belirten \u015eahin, \u201cKad\u0131nlar\u0131n g\u00f6z nuru ve el eme\u011fiyle \u00fcrettikleri bu \u00e7i\u00e7ekleri kad\u0131n kooperatiflerinden al\u0131yoruz. Kad\u0131n kooperatiflerimizin b\u00fcnyesinde \u00e7al\u0131\u015fma y\u00fcr\u00fcten kad\u0131nlar\u0131m\u0131z \u00fcretiyorlar, kad\u0131n personelimiz taraf\u0131ndan da kentin renklendirilmesine katk\u0131 sa\u011flan\u0131yor\u201d ifadelerine yer verdi.<\/p>\n<p>\u201cMersinimiz\u2019i kad\u0131n eliyle g\u00fczelle\u015ftiriyoruz\u201d<\/p>\n<p>Mevsimlik bitki dikiminde \u00e7al\u0131\u015fan Selma Sar\u0131salt\u0131k, \u201cKad\u0131n\u0131n elinin de\u011fdi\u011fi her yer g\u00fczelle\u015fir. Bahar geldi. Mersinimiz\u2019i biz kad\u0131n eliyle g\u00fczelle\u015ftiriyoruz. Ba\u015fkan\u0131m\u0131z Vahap Se\u00e7er\u2019e de kad\u0131nlara el verdi\u011fi i\u00e7in \u00e7ok te\u015fekk\u00fcr ederiz\u201d derken, Yaren Emel Ye\u015fil\u00e7imen ise \u201cMersin daha da g\u00fczelle\u015fecek\u201d diye konu\u015ftu.<\/p>\n","protected":false},"excerpt":{"rendered":"<p>Mersin B\u00fcy\u00fck\u015fehir Belediyesi Park ve Bah\u00e7eler Dairesi, Mersin\u2019e bahar\u0131n gelmesinin \u00fczerinden k\u0131sa bir s\u00fcre ge\u00e7mesine ra\u011fmen kent genelinde yakla\u015f\u0131k 60 bin mevsimlik bitki dikimi ger\u00e7ekle\u015ftirdi. B\u00fcy\u00fck\u015fehir, bu y\u0131l i\u00e7erisinde kentte &hellip; <a href=\"https:\/\/akdenizolaygazetesi.com\/?p=11693\" class=\"more-link\">Devam\u0131n\u0131 Oku&#8230;<\/a><\/p>\n","protected":false},"author":2,"featured_media":11695,"comment_status":"open","ping_status":"open","sticky":false,"template":"","format":"standard","meta":[],"categories":[34,1,2,3,5],"tags":[],"_links":{"self":[{"href":"https:\/\/akdenizolaygazetesi.com\/index.php?rest_route=\/wp\/v2\/posts\/11693"}],"collection":[{"href":"https:\/\/akdenizolaygazetesi.com\/index.php?rest_route=\/wp\/v2\/posts"}],"about":[{"href":"https:\/\/akdenizolaygazetesi.com\/index.php?rest_route=\/wp\/v2\/types\/post"}],"author":[{"embeddable":true,"href":"https:\/\/akdenizolaygazetesi.com\/index.php?rest_route=\/wp\/v2\/users\/2"}],"replies":[{"embeddable":true,"href":"https:\/\/akdenizolaygazetesi.com\/index.php?rest_route=%2Fwp%2Fv2%2Fcomments&post=11693"}],"version-history":[{"count":2,"href":"https:\/\/akdenizolaygazetesi.com\/index.php?rest_route=\/wp\/v2\/posts\/11693\/revisions"}],"predecessor-version":[{"id":11696,"href":"https:\/\/akdenizolaygazetesi.com\/index.php?rest_route=\/wp\/v2\/posts\/11693\/revisions\/11696"}],"wp:featuredmedia":[{"embeddable":true,"href":"https:\/\/akdenizolaygazetesi.com\/index.php?rest_route=\/wp\/v2\/media\/11695"}],"wp:attachment":[{"href":"https:\/\/akdenizolaygazetesi.com\/index.php?rest_route=%2Fwp%2Fv2%2Fmedia&parent=11693"}],"wp:term":[{"taxonomy":"category","embeddable":true,"href":"https:\/\/akdenizolaygazetesi.com\/index.php?rest_route=%2Fwp%2Fv2%2Fcategories&post=11693"},{"taxonomy":"post_tag","embeddable":true,"href":"https:\/\/akdenizolaygazetesi.com\/index.php?rest_route=%2Fwp%2Fv2%2Ftags&post=11693"}],"curies":[{"name":"wp","href":"https:\/\/api.w.org\/{rel}","templated":true}]}}