{"id":11697,"date":"2021-04-05T13:10:00","date_gmt":"2021-04-05T10:10:00","guid":{"rendered":"http:\/\/akdenizolaygazetesi.com\/?p=11697"},"modified":"2021-04-05T13:10:46","modified_gmt":"2021-04-05T10:10:46","slug":"tas-ocaklari-icin-kac-agac-kesildi","status":"publish","type":"post","link":"https:\/\/akdenizolaygazetesi.com\/?p=11697","title":{"rendered":"TA\u015e OCAKLARI \u0130\u00c7\u0130N KA\u00c7 A\u011eA\u00c7 KES\u0130LD\u0130?"},"content":{"rendered":"<p>Mersin Milletvekili Dr. R\u0131dvan Turan, Mersin Ayvagedi\u011fi\u2019nde bulunan ta\u015f ocaklar\u0131n\u0131n meydana getirdi\u011fi sorunlar\u0131 meclis g\u00fcndemine ta\u015f\u0131d\u0131.<br \/>\nHDP Mersin Milletvekili Dr. R\u0131dvan Turan, konuyla ilgili \u00c7evre ve \u015eehircilik Bakan\u0131 Murat Kurum\u2019un yan\u0131tlamas\u0131 i\u00e7in soru \u00f6nergesi verdi.<br \/>\nDr. R\u0131dvan Turan \u00f6nergesinde \u201cY\u0131llard\u0131r b\u00f6lgede ya\u015fayan ve ge\u00e7imini a\u011f\u0131rl\u0131kl\u0131 olarak k\u00fc\u00e7\u00fck \u00f6l\u00e7ekli \u00e7ift\u00e7ilikle sa\u011flayan b\u00f6lge insan\u0131n\u0131n neredeyse tamam\u0131, kurulan ta\u015f ocaklar\u0131n\u0131n, b\u00f6lge ekolojisini ve ekonomisini ciddi boyutlarda olumsuz bi\u00e7imde etkiledi\u011fi i\u00e7in kurulmas\u0131n\u0131 istemiyorlar. \u00c7\u00fcnk\u00fc ta\u015f ocaklar\u0131n\u0131n faaliyetleri nedeniyle ger\u00e7ekle\u015ftirilen patlamalar sonucunda b\u00f6lge halk\u0131n\u0131n g\u00fcndelik kulland\u0131klar\u0131 sular kesintiye u\u011framaktad\u0131r. B\u00f6lge k\u0131rsal olmas\u0131na ra\u011fmen patlamalardan dolay\u0131 olu\u015fan seslerden dolay\u0131 g\u00fcr\u00fclt\u00fc kirlili\u011fi insanlar\u0131 huzursuz etmi\u015f durumda. B\u00f6lge insan\u0131 heyetimize y\u00f6nelik ta\u015f ocaklar\u0131na ili\u015fkin \u00e7ok net bir durumu \u015fu c\u00fcmleler ile ifade etmi\u015ftir; \u201cTemiz nefes almak istiyoruz. Sa\u011fl\u0131kl\u0131 g\u00fcvenli yol istiyoruz. Ta\u015f Oca\u011f\u0131 istemiyoruz.\u201d<br \/>\nBir avu\u00e7 az\u0131nl\u0131\u011f\u0131 zengin etmek i\u00e7in kurulmu\u015f ve b\u00f6lge insan\u0131na hi\u00e7bir yarar\u0131 olmayan ta\u015f ocaklar\u0131 faaliyet y\u00fcr\u00fctmektedir. Ta\u015f ocaklar\u0131 kuruldu\u011fundan itibaren binlerce zeytin, katran, and\u0131z vb. bir\u00e7ok a\u011fa\u00e7 cinsi kesilmi\u015ftir. Bekiralan\u0131, G\u00f6zne, So\u011fucak ve Ayvagedi\u011fi mahallelerinde ta\u015f ocaklar\u0131 a\u00e7\u0131lmadan \u00f6nce yakla\u015f\u0131k 45 y\u00f6r\u00fck aile meralarda hayvanlar\u0131n\u0131 otlat\u0131rken ta\u00e7 ocaklar\u0131yla birlikte hayvanc\u0131l\u0131k durma noktas\u0131na gelmi\u015ftir.  Bekiralan\u0131, G\u00f6zne, So\u011fucak ve Ayvagedi\u011fi mahalleleri ormanl\u0131k k\u0131rsal alan oldu\u011fu i\u00e7in Mersin\u2019in ekosistemi ve ekonomisi a\u00e7\u0131s\u0131ndan \u00f6nemli bir yere sahiptir. Bu b\u00f6lgede kurulanan ve kurulmas\u0131 planlanan ta\u015f ocaklar\u0131n\u0131n b\u00f6lge insan\u0131na hi\u00e7bir yarar\u0131 olmad\u0131\u011f\u0131 gibi b\u00f6lgenin k\u0131rsal dokusunu bozarak b\u00f6lgeyi adeta koca bir \u015fantiyeye d\u00f6n\u00fc\u015ft\u00fcrm\u00fc\u015ft\u00fcr. \u00c7evre ve \u015eehircilik Bakanl\u0131\u011f\u0131, b\u00f6lgedeki ta\u015f ocaklar\u0131n\u0131n ruhsatlar\u0131n\u0131 iptal etmeli ve b\u00f6lge insan\u0131n\u0131n bir an \u00f6nce huzura kavu\u015fmas\u0131 i\u00e7in harekete ge\u00e7melidir.\u201d dedi.<br \/>\nHDP Mersin Milletvekili R\u0131dvan Turan \u00f6nergesinde \u015fu sorulara yer verdi:<\/p>\n<p>1) Mersin\u2019de hangi b\u00f6lgelerde toplamda ka\u00e7 tane ta\u015f oca\u011f\u0131 aktif \u015fekilde faaliyet y\u00fcr\u00fctmektedir?<br \/>\n2) Son 10 y\u0131lda Mersin\u2019de ka\u00e7 tane ta\u015f oca\u011f\u0131 kapanm\u0131\u015ft\u0131r?<br \/>\n3) Mersin\u2019in  Bekiralan\u0131, G\u00f6zne, So\u011fucak ve Ayvagedi\u011fi mahallelerinde ka\u00e7 tane ta\u015f oca\u011f\u0131 vard\u0131r ve ne kadarl\u0131k bir alanda faaliyet y\u00fcr\u00fctmektedir?<br \/>\n4) Bekiralan\u0131, G\u00f6zne, So\u011fucak ve Ayvagedi\u011fi mahallelerinde faaliyet y\u00fcr\u00fcten ta\u015f ocaklar\u0131 i\u00e7in ka\u00e7 tane a\u011fa\u00e7 kesilmi\u015ftir? Bu a\u011fa\u00e7lar\u0131n cinsleri nelerdir?<br \/>\n5) Bekiralan\u0131, G\u00f6zne, So\u011fucak ve Ayvagedi\u011fi mahalle sakinleri ya\u015fad\u0131klar\u0131 yerde ta\u015f oca\u011f\u0131 istememesine ra\u011fmen ta\u015f ocaklar\u0131n\u0131n faaliyetlerine devam etmesinin nedeni nedir?<br \/>\n6) Bekiralan\u0131, G\u00f6zne, So\u011fucak ve Ayvagedi\u011fimahallelerindeki ta\u015f ocaklar\u0131n\u0131n b\u00f6lgeye hi\u00e7bir faydas\u0131 olmad\u0131\u011f\u0131 hatta zarar\u0131 olmas\u0131na ra\u011fmen faaliyetlerini s\u00fcrd\u00fcrmesinin gerek\u00e7eleri nelerdir?<br \/>\n7) Bakanl\u0131\u011f\u0131n\u0131z taraf\u0131ndan Bekiralan\u0131, G\u00f6zne, So\u011fucak ve Ayvagedi\u011fi mahallerindeki ta\u015f ocaklar\u0131n\u0131n kapat\u0131lmas\u0131 i\u00e7in herhangi bir giri\u015fim olacak m\u0131d\u0131r?<\/p>\n","protected":false},"excerpt":{"rendered":"<p>Mersin Milletvekili Dr. R\u0131dvan Turan, Mersin Ayvagedi\u011fi\u2019nde bulunan ta\u015f ocaklar\u0131n\u0131n meydana getirdi\u011fi sorunlar\u0131 meclis g\u00fcndemine ta\u015f\u0131d\u0131. HDP Mersin Milletvekili Dr. R\u0131dvan Turan, konuyla ilgili \u00c7evre ve \u015eehircilik Bakan\u0131 Murat Kurum\u2019un &hellip; <a href=\"https:\/\/akdenizolaygazetesi.com\/?p=11697\" class=\"more-link\">Devam\u0131n\u0131 Oku&#8230;<\/a><\/p>\n","protected":false},"author":2,"featured_media":11699,"comment_status":"open","ping_status":"open","sticky":false,"template":"","format":"standard","meta":[],"categories":[34,1,2,3,5,6],"tags":[],"_links":{"self":[{"href":"https:\/\/akdenizolaygazetesi.com\/index.php?rest_route=\/wp\/v2\/posts\/11697"}],"collection":[{"href":"https:\/\/akdenizolaygazetesi.com\/index.php?rest_route=\/wp\/v2\/posts"}],"about":[{"href":"https:\/\/akdenizolaygazetesi.com\/index.php?rest_route=\/wp\/v2\/types\/post"}],"author":[{"embeddable":true,"href":"https:\/\/akdenizolaygazetesi.com\/index.php?rest_route=\/wp\/v2\/users\/2"}],"replies":[{"embeddable":true,"href":"https:\/\/akdenizolaygazetesi.com\/index.php?rest_route=%2Fwp%2Fv2%2Fcomments&post=11697"}],"version-history":[{"count":2,"href":"https:\/\/akdenizolaygazetesi.com\/index.php?rest_route=\/wp\/v2\/posts\/11697\/revisions"}],"predecessor-version":[{"id":11700,"href":"https:\/\/akdenizolaygazetesi.com\/index.php?rest_route=\/wp\/v2\/posts\/11697\/revisions\/11700"}],"wp:featuredmedia":[{"embeddable":true,"href":"https:\/\/akdenizolaygazetesi.com\/index.php?rest_route=\/wp\/v2\/media\/11699"}],"wp:attachment":[{"href":"https:\/\/akdenizolaygazetesi.com\/index.php?rest_route=%2Fwp%2Fv2%2Fmedia&parent=11697"}],"wp:term":[{"taxonomy":"category","embeddable":true,"href":"https:\/\/akdenizolaygazetesi.com\/index.php?rest_route=%2Fwp%2Fv2%2Fcategories&post=11697"},{"taxonomy":"post_tag","embeddable":true,"href":"https:\/\/akdenizolaygazetesi.com\/index.php?rest_route=%2Fwp%2Fv2%2Ftags&post=11697"}],"curies":[{"name":"wp","href":"https:\/\/api.w.org\/{rel}","templated":true}]}}