{"id":11701,"date":"2021-04-05T13:13:06","date_gmt":"2021-04-05T10:13:06","guid":{"rendered":"http:\/\/akdenizolaygazetesi.com\/?p=11701"},"modified":"2021-04-05T13:13:44","modified_gmt":"2021-04-05T10:13:44","slug":"secim-oncesi-verdigimiz-sozleri-bir-bir-yerine-getiriyoruz","status":"publish","type":"post","link":"https:\/\/akdenizolaygazetesi.com\/?p=11701","title":{"rendered":"\u201cSE\u00c7\u0130M \u00d6NCES\u0130 VERD\u0130\u011e\u0130M\u0130Z S\u00d6ZLER\u0130 B\u0130R B\u0130R YER\u0130NE GET\u0130R\u0130YORUZ\u201d"},"content":{"rendered":"<p>Gazeteci Mustafa Balbay, Tele1 TV\u2019de canl\u0131 olarak yay\u0131nlanan \u2018Ankara R\u00fczgar\u0131\u2019 program\u0131nda 7 ilin CHP\u2019li B\u00fcy\u00fck\u015fehir Belediye Ba\u015fkan\u0131\u2019n\u0131 a\u011f\u0131rlad\u0131. Mersin B\u00fcy\u00fck\u015fehir Belediye Ba\u015fkan\u0131 Vahap Se\u00e7er\u2019in de kat\u0131ld\u0131\u011f\u0131 programda, 31 Mart 2019 yerel se\u00e7imlerinin 2\u2019nci y\u0131l\u0131nda B\u00fcy\u00fck\u015fehirlerde hayata ge\u00e7irilen projeler ve pandemi s\u00fcrecinde sunulan hizmetler konu\u015fuldu. Ba\u015fkan Se\u00e7er, 2 y\u0131l gibi k\u0131sa bir s\u00fcrede sosyal politikalar kapsam\u0131nda hayata ge\u00e7irilen projeler ba\u015fta olmak \u00fczere e\u011fitim, ula\u015f\u0131m, kad\u0131n istihdam\u0131 konular\u0131nda da yap\u0131lan \u00e7al\u0131\u015fmalar\u0131 anlatt\u0131.<\/p>\n<p>\u201cMersin\u2019de \u00e7ok b\u00fcy\u00fck de\u011fi\u015fiklikler var\u201d<\/p>\n<p>31 Mart 2019 yerel se\u00e7imleri s\u00fcrecinde Mersin\u2019in \u00f6nem ta\u015f\u0131d\u0131\u011f\u0131n\u0131 ve \u00e7ok tart\u0131\u015f\u0131lan kentlerden biri oldu\u011funu belirten Ba\u015fkan Se\u00e7er, \u201cBurada biliyorsunuz Millet \u0130ttifak\u0131 olu\u015fmad\u0131. Cumhuriyet Halk Partisi kendi ba\u015f\u0131na se\u00e7ime girdi. Burada \u0130Y\u0130 Parti, Demokrat Parti destekli adayla y\u00fcr\u00fcd\u00fc. Cumhur \u0130ttifak\u0131\u2019na kar\u015f\u0131 di\u011fer partilerin \u00e7\u0131kartt\u0131\u011f\u0131 adaylarla beraber ipi g\u00f6\u011f\u00fcsleyen taraf olduk ve o g\u00fcnden bug\u00fcne de tabii ki g\u00f6revimizi lay\u0131k\u0131yla yapmaya devam ediyoruz. Mersin demografik yap\u0131s\u0131, sosyo-ekonomik yap\u0131s\u0131, siyasal durumu, lokasyonu, stratejisi bak\u0131m\u0131ndan T\u00fcrkiye\u2019nin en \u00f6nemli kentlerinden bir tanesi\u201d dedi.<\/p>\n<p>\u201cSosyal politikalara a\u011f\u0131rl\u0131k vererek hizmetlerimize ba\u015flad\u0131k\u201d<\/p>\n<p>Se\u00e7im \u00f6ncesi manifestoda yer alan s\u00f6zleri bir bir yerine getirdiklerini vurgulayan Se\u00e7er, \u201cBiz i\u015fe sosyal politikalar ile ba\u015flad\u0131k. Neden \u00f6yle d\u00fc\u015f\u00fcnd\u00fck? Birincisi; yeni se\u00e7ilmi\u015f bir Belediye Ba\u015fkan\u0131 olarak bir ba\u015fka siyasi gelenekten gelmi\u015f bir Belediye Ba\u015fkan\u0131ndan belediyeyi devrald\u0131m. Ne i\u00e7inde bulunan insan kayna\u011f\u0131, ne de y\u00f6netim anlay\u0131\u015f\u0131 benim anlay\u0131\u015f\u0131m ile ba\u011fda\u015fmayan ya da \u00f6rt\u00fc\u015fmeyen bir belediye idi. Bir taraftan mali portre, di\u011fer taraftan insan kayna\u011f\u0131\u2026 B\u00fct\u00fcn bunlar\u0131 kendi g\u00f6r\u00fc\u015f ve d\u00fc\u015f\u00fcncelerimiz do\u011frultusunda d\u00fczene sokmak elbette ki zaman\u0131m\u0131z\u0131 ald\u0131. \u0130lk 6 ay\u0131m\u0131z en az\u0131ndan \u00f6yle ge\u00e7ti. Ama sonra s\u00fcratle projelerimizi uygulamaya koymaya ba\u015flad\u0131k. Sosyal politikalara a\u011f\u0131rl\u0131k vererek hizmetlerimize ba\u015flad\u0131k. Bu bilin\u00e7li bir tercihti. \u00c7\u00fcnk\u00fc Mersin hem zengin bir kent hem de bunun yan\u0131nda fakiri olan da bir kent. Bir taraftan T\u00fcrkiye\u2019nin en \u00f6n s\u0131ralar\u0131nda vergi tahakkuku olan bir kent. Onun yan\u0131nda da Adana\u2019dan sonra T\u00fcrkiye\u2019de gelir da\u011f\u0131l\u0131m\u0131nda adaletsizli\u011fin yani o makas\u0131n en a\u00e7\u0131k oldu\u011fu yer\u201d diye konu\u015ftu.<\/p>\n<p>Pandeminin bir\u00e7ok yat\u0131r\u0131m\u0131 engelledi\u011fini de dile getiren Ba\u015fkan Se\u00e7er, bu s\u00fcre\u00e7te vatanda\u015flara hizmet g\u00f6t\u00fcrmek ad\u0131na daha \u00e7ok sosyal politikalara a\u011f\u0131rl\u0131k verdiklerini s\u00f6yleyerek, \u2018Halk Kart\u2019, \u2018Mahalle Mutfaklar\u0131\u2019, \u2018Evde Bak\u0131m\u2019, \u20181 Ekmek 1 \u00c7orba\u2019, \u2018Dosthane\u2019, \u2018Mobil Kuaf\u00f6r\u2019, \u2018Mola Evi\u2019 gibi projelerin yan\u0131 s\u0131ra e\u011fitim alan\u0131nda yap\u0131lan hizmetleri anlatt\u0131. Se\u00e7er, \u201cKesinlikle b\u00f6lgesel, mezhepsel, siyasal bir ayr\u0131m yapmadan, bu yat\u0131r\u0131mlar\u0131 ya da hizmetleri vatanda\u015flar\u0131m\u0131za ula\u015ft\u0131r\u0131yoruz. Herkesi kucakl\u0131yoruz\u201d ifadelerini kulland\u0131.<\/p>\n<p>\u201cKad\u0131n istihdam\u0131n\u0131 belediye y\u00f6netiminde hakim k\u0131lmaya \u00e7al\u0131\u015f\u0131yoruz\u201d<\/p>\n<p>Ba\u015fkan Se\u00e7er, kentteki kad\u0131n eme\u011fini destekleyici ad\u0131mlar att\u0131klar\u0131n\u0131 belirterek, \u015f\u00f6yle devam etti:<\/p>\n<p>\u201cBunu zaten se\u00e7im \u00f6ncesi manifestomuzda da s\u00f6yledik. Kad\u0131n ve Aile Hizmetleri Dairesi Ba\u015fkanl\u0131\u011f\u0131m\u0131z var. Kad\u0131n Daire Ba\u015fkan\u0131m\u0131z var. \u00c7ok de\u011ferli i\u015fler yap\u0131l\u0131yor. Kad\u0131n istihdam\u0131na \u00e7ok \u00f6nem verdik. Kad\u0131n istihdam\u0131n\u0131 belediye y\u00f6netiminde hakim k\u0131lmaya \u00e7al\u0131\u015f\u0131yoruz. \u015eube M\u00fcd\u00fcrlerinden Daire Ba\u015fkan\u0131\u2019na kadar karar alma mekanizmalar\u0131nda a\u00e7\u0131k\u00e7a s\u00f6yleyeyim pozitif ayr\u0131mc\u0131l\u0131k yap\u0131yoruz. Tercihlerimiz e\u015fitler aras\u0131nda genelde kad\u0131ndan yana oluyor. \u00c7ocuklar ayr\u0131 bir \u00f6nem ta\u015f\u0131yor bizim i\u00e7in. Bak\u0131n \u00e7ok \u00f6nemli bir projemiz var \u2018K\u0131r \u00c7i\u00e7ekleri\u2019. Bunlar k\u0131z \u00e7ocuklar\u0131m\u0131z. 10-12 ya\u015f aras\u0131 60 \u00f6\u011frencimiz var. Bunlar k\u00f6ylerde ba\u015far\u0131l\u0131 sporcular. Milli E\u011fitim ile ortak geli\u015ftirdi\u011fimiz bir proje. Bizim spor tesisimizde, misafirhanemizde a\u011f\u0131rl\u0131yoruz. Yat\u0131l\u0131 kal\u0131yorlar. Tesise yak\u0131n okula yazd\u0131rd\u0131k onlar\u0131. Sabah servis okullar\u0131na g\u00f6t\u00fcr\u00fcyor. Belletmenleri var. Et\u00fct merkezleri var. Antren\u00f6rleri kabiliyetli olduklar\u0131 spor disipline g\u00f6re antrenmanlar\u0131n\u0131 yapt\u0131r\u0131yor. Gelece\u011fin k\u0131z sporcular\u0131n\u0131 buradan yeti\u015ftirmeye \u00e7al\u0131\u015f\u0131yoruz. Bir taraftan da iyi e\u011fitim alm\u0131\u015f sporcu yeti\u015ftiriyoruz. Asl\u0131nda bir anlamda e\u011fitimde f\u0131rsat e\u015fitli\u011fine katk\u0131 sunuyoruz. Bu son derece \u00f6nemli.\u201d<\/p>\n<p>\u201cEn \u00e7ok zorland\u0131\u011f\u0131m\u0131z olaylar\u0131n ba\u015f\u0131nda b\u00fcrokraside kar\u015f\u0131m\u0131za \u00e7\u0131kan gecikmeler geliyor\u201d<\/p>\n<p>Kentteki ula\u015f\u0131m a\u011f\u0131n\u0131 g\u00fc\u00e7lendirmek ad\u0131na yapt\u0131klar\u0131 yat\u0131r\u0131m ve \u00e7al\u0131\u015fmalar hakk\u0131nda da konu\u015fan Ba\u015fkan Se\u00e7er, Mersin merkez n\u00fcfusunun Suriyeli g\u00f6\u00e7\u00fc ile birlikte 1.3 milyona ula\u015ft\u0131\u011f\u0131n\u0131 s\u00f6yledi. Se\u00e7er, \u015f\u00f6yle devam etti:<\/p>\n<p>\u201cBurada trafik sorun haline geldi. Tabi trafi\u011fin i\u00e7erisine otoparklar, yollar, bulvarlar, toplu ta\u015f\u0131ma ara\u00e7lar\u0131na kadar her \u015feyi koyuyorum. A\u00e7\u0131k\u00e7as\u0131 bir b\u00fct\u00fcn olarak bak\u0131yoruz. Yapt\u0131\u011f\u0131m\u0131z projeksiyonlar da bu y\u00f6nde. Belediyelerin sadece beton, altyap\u0131, \u00fcstyap\u0131 yapma g\u00f6revi yok. Onun i\u00e7in sosyal politikalar, e\u011fitim, k\u00fclt\u00fcre vurgu yaparak ba\u015flad\u0131m. Bunlar zaten belediyelerin yapmas\u0131 gereken i\u015fler. Belediye yol, kald\u0131r\u0131m, kanalizasyon, su ar\u0131tma tesisi, at\u0131ksu ar\u0131tma tesisi yapacak. Zaten yap\u0131yoruz. \u015eimdi gelelim toplu ta\u015f\u0131ma konusuna. Bizim bir Metro projemiz var. 13.4 kilometre yeralt\u0131 rayl\u0131 sistem. Biz toplamda 30 kilometrelik bir rayl\u0131 sistem projesini haz\u0131rl\u0131yoruz. \u0130lk etab\u0131n\u0131 hayata ge\u00e7iriyoruz. \u0130hale s\u00fcreci devam ediyor. San\u0131yorum may\u0131s ay\u0131 gibi neticelenecek. \u00c7ok \u00f6nemli bir proje. Bunun yan\u0131nda tabi toplu ta\u015f\u0131ma ara\u00e7lar\u0131 var. Anamur\u2019dan Tarsus\u2019a kadar 13 il\u00e7ede ula\u015f\u0131m\u0131 sa\u011flayacaks\u0131n\u0131z. Ba\u015fta Mersin merkezde. Bizim mevcut toplu ta\u015f\u0131ma ara\u00e7lar\u0131m\u0131z var. \u015eu anda toplamda 87 yeni otob\u00fcs\u00fcm\u00fcz gelecek. Bunun yan\u0131nda IBRD\u2019den bir miktar\u0131 hibe olan 22 milyon Euro\u2019luk bir kredimiz var. Bunun 7 milyon Euro\u2019su da hibe \u015feklinde. Ancak Cumhurba\u015fkanl\u0131\u011f\u0131 taraf\u0131ndan yat\u0131r\u0131m program\u0131na al\u0131nmas\u0131n\u0131 bekliyoruz. Burada bir parantez a\u00e7mak istiyorum. En \u00e7ok zorland\u0131\u011f\u0131m\u0131z olaylar\u0131n ba\u015f\u0131nda b\u00fcrokraside kar\u015f\u0131m\u0131za \u00e7\u0131kan gecikmeler geliyor. Bunun ad\u0131na engel mi deriz, i\u015flerin yava\u015flamas\u0131 m\u0131 deriz; bir \u015fekilde bizim enerjimizi t\u00fcketiyor, zaman\u0131m\u0131z\u0131 al\u0131yor, planlar\u0131m\u0131z\u0131 alt \u00fcst ediyor.\u201d<\/p>\n<p>\u201cYat\u0131r\u0131mlar\u0131m\u0131z\u0131 ger\u00e7ekle\u015ftirece\u011fiz, hi\u00e7bir bahanenin alt\u0131na s\u0131\u011f\u0131nmayaca\u011f\u0131z\u201d<\/p>\n<p>Mersin B\u00fcy\u00fck\u015fehir Belediye Meclisi\u2019nde her seferinde engellenen bor\u00e7lanma yetkisi talebini de de\u011ferlendiren Se\u00e7er, \u015funlar\u0131 s\u00f6yledi:<\/p>\n<p>\u201cBizim b\u00fct\u00e7e denkli\u011fi i\u00e7in bor\u00e7lanma kalemimiz var. Bunun hesab\u0131n\u0131, kitab\u0131n\u0131 yap\u0131yoruz. Ama i\u015f bor\u00e7lanma yetkisi almaya geldi\u011fi zaman Meclis\u2019te \u00e7o\u011funlu\u011fumuz olmad\u0131\u011f\u0131 i\u00e7in bor\u00e7lanma almakta s\u0131k\u0131nt\u0131 ya\u015fad\u0131k. \u00d6zellikle 2020 y\u0131l\u0131 i\u00e7erisinde. Ama art\u0131k bor\u00e7lanma talep etmemeye, a\u00e7\u0131k\u00e7as\u0131 enerjimi orada harcamamaya karar verdim. \u00c7\u00fcnk\u00fc Meclis geriliyor. Meclis\u2019in gerilmesi Mersin\u2019i geriyor. \u015eu anda kendi imkanlar\u0131mla d\u0131\u015far\u0131dan buldu\u011fum kredilerle tabii Cumhurba\u015fkanl\u0131\u011f\u0131\u2019n\u0131n, Hazine\u2019nin onaylamas\u0131 do\u011frultusunda IBRD kredisi gibi, yani otob\u00fcs al\u0131mlar\u0131nda oldu\u011fu gibi bir\u00e7ok altyap\u0131, kanalizasyon yap\u0131mlar\u0131nda, Mersin Su ve Kanalizasyon \u0130daresi (MESK\u0130), \u00f6rne\u011fin FRIT II kapsam\u0131nda T\u00fcrkiye\u2019de ya\u015fayan m\u00fclteciler fonundan \u00f6nemli krediler \u00e7\u0131kart\u0131yoruz. 39 milyon Euro\u2019luk, bunun 17 milyon Euro\u2019su imzaland\u0131. Bu ay i\u00e7erisinde de Mezitli il\u00e7emizin i\u00e7me suyu ihalesine \u00e7\u0131kaca\u011f\u0131z. Ama \u00e7ok \u00f6nemli tatil b\u00f6lgelerimiz var. Erdemli b\u00f6lgesinde T\u00f6m\u00fck, Karg\u0131p\u0131nar\u0131 yine Akdeniz il\u00e7emizde Homurlu, toplamda 39 milyon Euro\u2019luk bir FRIT II kredisi kapsam\u0131nda bir \u015fekilde yat\u0131r\u0131mlar\u0131m\u0131z\u0131 ger\u00e7ekle\u015ftirece\u011fiz. Bunun alt\u0131n\u0131 \u00e7izerek s\u00f6yl\u00fcyorum. Hi\u00e7bir bahanenin alt\u0131na s\u0131\u011f\u0131nmayaca\u011f\u0131z. Bundan kimsenin endi\u015fesi olmas\u0131n.\u201d<\/p>\n<p>Se\u00e7er, di\u011fer CHP\u2019li B\u00fcy\u00fck\u015fehir Belediyelerine de \u00f6rnek olan akaryak\u0131t hamlesini anlatt\u0131<\/p>\n<p>Ankara B\u00fcy\u00fck\u015fehir Belediye Ba\u015fkan\u0131 Mansur Yava\u015f\u2019\u0131n, \u201cAkaryak\u0131t al\u0131m\u0131nda k\u0131r\u0131m\u0131 y\u00fczde 1\u2019den y\u00fczde 10\u2019nun \u00fczerine \u00e7\u0131kard\u0131k. Bu konudaki y\u00f6ntemi sa\u011f olsun Say\u0131n Vahap Se\u00e7er\u2019in uygulad\u0131\u011f\u0131 bir y\u00f6ntemden esinlendik\u201d s\u00f6zlerine ili\u015fkin Ba\u015fkan Se\u00e7er, \u201cBizim B\u00fcy\u00fck\u015fehir Belediye Ba\u015fkanlar\u0131\u2019n\u0131n bir araya gelmesi \u00e7ok \u00f6nemli ve de\u011ferli. Hem orada bir arada olmam\u0131z kendimizi iyi hissettiriyor hem de muazzam bir \u015fekilde birbirimizden bilgi al\u0131\u015fveri\u015finde bulunuyoruz. Yine bir toplant\u0131da akaryak\u0131t konusundaki y\u00f6ntemimi s\u00f6yledim. \u015eimdi bak\u0131yorum 2021 y\u0131l\u0131nda bizim 150 milyon liraya yak\u0131n B\u00fcy\u00fck\u015fehir Belediyesi\u2019ne ve Mersin Su ve Kanalizasyon \u0130daresi\u2019ne ba\u011fl\u0131 \u015firketlerimizin akaryak\u0131t t\u00fcketimi oluyor. Biz y\u00f6netime geldi\u011fimizde daha \u00f6nceki y\u00f6netim y\u00fczde 1 k\u0131r\u0131mla al\u0131yordu. Rafineri \u00e7\u0131k\u0131\u015f fiyat\u0131 referans al\u0131n\u0131yordu. Daha a\u00e7\u0131k s\u00f6yleyeyim 100 liral\u0131k akaryak\u0131t\u0131 99 TL \u00f6deyerek al\u0131yorlard\u0131. Biz EPDK\u2019dan lisans ald\u0131k. Toptanc\u0131 lisans\u0131. Yani bunu b\u00fcy\u00fck petrol \u015firketlerinden alma izni bir anlamda. Yoksa biz, normal perakendeciden akaryak\u0131t alabiliyorduk. Normal bir t\u00fcketici gibi ve k\u0131r\u0131mlar az geliyordu. Ger\u00e7ekten bu lisans\u0131 al\u0131nca \u00e7\u0131kt\u0131\u011f\u0131m\u0131z ihalede 2020 y\u0131l\u0131nda 13.3 gibi bir k\u0131r\u0131m ger\u00e7ekle\u015fti. Yani bu \u015fu anlama geliyor. Daha \u00f6nceki d\u00f6nemde Mersin B\u00fcy\u00fck\u015fehir Belediyesi&#8217;nin ald\u0131\u011f\u0131 akaryak\u0131t her 100 TL\u2019ye 99 TL \u00f6deme \u015feklindeydi. Bu al\u0131\u015fveri\u015ften sonra bu 86.7 TL\u2019ye d\u00fc\u015ft\u00fc. Bu y\u0131l i\u00e7in s\u00f6yleyeyim: \u201820 milyon TL gibi bir tasarruf mu\u2019 diyelim buna ya da \u2018ak\u0131ll\u0131 bir al\u0131\u015fveri\u015fin kasada b\u0131rakt\u0131\u011f\u0131 para m\u0131\u2019 diyelim, ki b\u00f6yle bir s\u00fcre\u00e7te 20 milyon demek, benim burada yoksul, ihtiya\u00e7 sahibi insanlar\u0131ma bir anlamda sosyal yard\u0131m demek. Ben olaya b\u00f6yle bak\u0131yorum. \u0130sraf\u0131 \u00f6nlemek \u00e7ok \u00f6nemli. \u015eunu \u00e7ok a\u00e7\u0131k s\u00f6yleyeyim. Biz kendi imkanlar\u0131m\u0131zla ak\u0131lc\u0131 davranarak, paray\u0131 \u00e7ok ak\u0131ll\u0131 kullanarak, israftan ka\u00e7\u0131narak, halk ad\u0131na projeler uygulayarak, onlar\u0131n her kuru\u015funu bizim i\u00e7in bir namus bilerek, koruyarak hizmet yapabiliyoruz. 2 y\u0131lda Cumhuriyet Halk Parti\u2019li belediyeler bunu g\u00f6sterdi. \u00c7ok g\u00fczel \u015feyler oldu. Bundan sonra da \u00e7ok daha g\u00fczel \u015feyler olacak\u201d diye konu\u015ftu.<\/p>\n","protected":false},"excerpt":{"rendered":"<p>Gazeteci Mustafa Balbay, Tele1 TV\u2019de canl\u0131 olarak yay\u0131nlanan \u2018Ankara R\u00fczgar\u0131\u2019 program\u0131nda 7 ilin CHP\u2019li B\u00fcy\u00fck\u015fehir Belediye Ba\u015fkan\u0131\u2019n\u0131 a\u011f\u0131rlad\u0131. Mersin B\u00fcy\u00fck\u015fehir Belediye Ba\u015fkan\u0131 Vahap Se\u00e7er\u2019in de kat\u0131ld\u0131\u011f\u0131 programda, 31 Mart 2019 &hellip; <a href=\"https:\/\/akdenizolaygazetesi.com\/?p=11701\" class=\"more-link\">Devam\u0131n\u0131 Oku&#8230;<\/a><\/p>\n","protected":false},"author":2,"featured_media":11703,"comment_status":"open","ping_status":"open","sticky":false,"template":"","format":"standard","meta":[],"categories":[34,1,2,3,6],"tags":[],"_links":{"self":[{"href":"https:\/\/akdenizolaygazetesi.com\/index.php?rest_route=\/wp\/v2\/posts\/11701"}],"collection":[{"href":"https:\/\/akdenizolaygazetesi.com\/index.php?rest_route=\/wp\/v2\/posts"}],"about":[{"href":"https:\/\/akdenizolaygazetesi.com\/index.php?rest_route=\/wp\/v2\/types\/post"}],"author":[{"embeddable":true,"href":"https:\/\/akdenizolaygazetesi.com\/index.php?rest_route=\/wp\/v2\/users\/2"}],"replies":[{"embeddable":true,"href":"https:\/\/akdenizolaygazetesi.com\/index.php?rest_route=%2Fwp%2Fv2%2Fcomments&post=11701"}],"version-history":[{"count":1,"href":"https:\/\/akdenizolaygazetesi.com\/index.php?rest_route=\/wp\/v2\/posts\/11701\/revisions"}],"predecessor-version":[{"id":11702,"href":"https:\/\/akdenizolaygazetesi.com\/index.php?rest_route=\/wp\/v2\/posts\/11701\/revisions\/11702"}],"wp:featuredmedia":[{"embeddable":true,"href":"https:\/\/akdenizolaygazetesi.com\/index.php?rest_route=\/wp\/v2\/media\/11703"}],"wp:attachment":[{"href":"https:\/\/akdenizolaygazetesi.com\/index.php?rest_route=%2Fwp%2Fv2%2Fmedia&parent=11701"}],"wp:term":[{"taxonomy":"category","embeddable":true,"href":"https:\/\/akdenizolaygazetesi.com\/index.php?rest_route=%2Fwp%2Fv2%2Fcategories&post=11701"},{"taxonomy":"post_tag","embeddable":true,"href":"https:\/\/akdenizolaygazetesi.com\/index.php?rest_route=%2Fwp%2Fv2%2Ftags&post=11701"}],"curies":[{"name":"wp","href":"https:\/\/api.w.org\/{rel}","templated":true}]}}