{"id":11704,"date":"2021-04-05T13:15:28","date_gmt":"2021-04-05T10:15:28","guid":{"rendered":"http:\/\/akdenizolaygazetesi.com\/?p=11704"},"modified":"2021-04-05T13:16:07","modified_gmt":"2021-04-05T10:16:07","slug":"bu-ocagin-isletmecileri-kim-ya-da-hangi-sirketlerden-olusmaktadir","status":"publish","type":"post","link":"https:\/\/akdenizolaygazetesi.com\/?p=11704","title":{"rendered":"&#8216;Bu oca\u011f\u0131n i\u015fletmecileri kim ya da hangi \u015firketlerden olu\u015fmaktad\u0131r?&#8217;"},"content":{"rendered":"<p>CHP Mersin Milletvekili Alpay Antmen, \u0130nsu k\u00f6y\u00fcne giderek k\u00f6yl\u00fclere ve \u00e7evrecilere destek verdi. Antmen, ayr\u0131ca \u00c7evre ve \u015eehircilik Bakan\u0131 Murat Kurum taraf\u0131ndan yan\u0131tlanmas\u0131 istemiyle soru \u00f6nergesi vererek konuyu Meclis G\u00fcndemine ta\u015f\u0131d\u0131.<br \/>\n\u00d6nergesinde oca\u011f\u0131n a\u00e7\u0131lmas\u0131 durumunda insan sa\u011fl\u0131\u011f\u0131n\u0131n olumsuz etkilenece\u011fini, tar\u0131msal \u00fcretimin zarara u\u011frayaca\u011f\u0131n\u0131 ve do\u011fada geri d\u00f6n\u00fclemeyecek tahribatlar olu\u015faca\u011f\u0131n\u0131 ifade eden CHP\u2019li Vekil \u201cBu nedenle ba\u015fta k\u00f6yl\u00fcler olmak \u00fczere b\u00f6lge halk\u0131 ve \u00e7evreciler, bu oca\u011f\u0131n a\u00e7\u0131lmas\u0131na kar\u015f\u0131 toplant\u0131lar ve etkinlikler d\u00fczenlemektedir. 6 Nisan 2021 tarihinde \u00c7ED toplant\u0131s\u0131 yap\u0131lacak olan oca\u011f\u0131n faaliyete ge\u00e7irilmesi durumunda ayr\u0131ca trafikte de b\u00fcy\u00fck s\u0131k\u0131nt\u0131lara yol a\u00e7acakt\u0131r. Bu ocak karar\u0131ndan derhal vazge\u00e7ilmelidir\u201d dedi.<br \/>\nAntmen\u2019in \u00f6nergesinde yer alan sorular \u015fu \u015fekilde;<br \/>\n\u2013 Do\u011faya, \u00e7evreye, tar\u0131msal \u00fcretime ve en \u00f6nemlisi insan sa\u011fl\u0131\u011f\u0131na olumsuz etkileri olaca\u011f\u0131 belli olan ta\u015foca\u011f\u0131n\u0131n a\u00e7\u0131lma \u0131srar\u0131 nedendir?<\/p>\n<p>&#8211; Bu oca\u011f\u0131n i\u015fletmecileri kim ya da hangi \u015firketlerden olu\u015fmaktad\u0131r? Bu konuyla ilgili bir ihale yap\u0131lm\u0131\u015f m\u0131d\u0131r? Varsa bu ihale ne \u015fekillerde ger\u00e7ekle\u015ftirilmi\u015ftir?<\/p>\n<p>\u2013 Mersin\u2019de \u015fu anda ka\u00e7 tane ta\u015foca\u011f\u0131 bulunmaktad\u0131r? Bunlar\u0131n ka\u00e7\u0131n\u0131n \u00c7ED raporu bulunmaktad\u0131r? Raporlar\u0131n sonu\u00e7lar\u0131 nelerdir?<\/p>\n<p>\u2013 Mersin\u2019de faaliyette olan ta\u015focaklar\u0131 d\u0131\u015f\u0131nda ka\u00e7 tane ta\u015foca\u011f\u0131 ba\u015fvuru beklemektedir? Bunlar hangi b\u00f6lgelerde a\u00e7\u0131lmak istenmektedir? \u00c7ED ba\u015fvurular\u0131n\u0131n durumlar\u0131 nelerdir?<\/p>\n<p>\u2013 T\u00fcrkiye\u2019de \u015fu anda ka\u00e7 tane ta\u015foca\u011f\u0131 bulunmaktad\u0131r? Bunlar\u0131n ka\u00e7\u0131n\u0131n \u00c7ED raporu bulunmaktad\u0131r? Raporlar\u0131n sonu\u00e7lar\u0131 nelerdir?<\/p>\n<p>\u2013 T\u00fcrkiye\u2019de faaliyette olan ta\u015focaklar\u0131 d\u0131\u015f\u0131nda ka\u00e7 tane ta\u015foca\u011f\u0131 ba\u015fvuru beklemektedir? Bunlar hangi illere a\u00e7\u0131lmak istenmektedir? \u00c7ED ba\u015fvurular\u0131n\u0131n durumlar\u0131 nelerdir?<\/p>\n<p>\u2013 T\u00fcrkiye\u2019de, ta\u015focaklar\u0131 a\u00e7\u0131lmas\u0131 nedeniyle ka\u00e7 tane a\u011fa\u00e7 ve yeralt\u0131 suyu kayb\u0131 ya\u015fanm\u0131\u015ft\u0131r?<\/p>\n<p>\u2013 \u00d6nergenin yan\u0131tland\u0131\u011f\u0131 tarih itibariyle; T\u00fcrkiye\u2019de \u015fu ana kadar ta\u015focaklar\u0131nda meydana gelen i\u015f kazalar\u0131 nedeniyle ka\u00e7 ki\u015fi ya\u015fam\u0131n\u0131 yitirmi\u015f, ka\u00e7 ki\u015fi yaralanm\u0131\u015ft\u0131r?<\/p>\n","protected":false},"excerpt":{"rendered":"<p>CHP Mersin Milletvekili Alpay Antmen, \u0130nsu k\u00f6y\u00fcne giderek k\u00f6yl\u00fclere ve \u00e7evrecilere destek verdi. Antmen, ayr\u0131ca \u00c7evre ve \u015eehircilik Bakan\u0131 Murat Kurum taraf\u0131ndan yan\u0131tlanmas\u0131 istemiyle soru \u00f6nergesi vererek konuyu Meclis G\u00fcndemine &hellip; <a href=\"https:\/\/akdenizolaygazetesi.com\/?p=11704\" class=\"more-link\">Devam\u0131n\u0131 Oku&#8230;<\/a><\/p>\n","protected":false},"author":2,"featured_media":11706,"comment_status":"open","ping_status":"open","sticky":false,"template":"","format":"standard","meta":[],"categories":[34,1,3,5,6],"tags":[],"_links":{"self":[{"href":"https:\/\/akdenizolaygazetesi.com\/index.php?rest_route=\/wp\/v2\/posts\/11704"}],"collection":[{"href":"https:\/\/akdenizolaygazetesi.com\/index.php?rest_route=\/wp\/v2\/posts"}],"about":[{"href":"https:\/\/akdenizolaygazetesi.com\/index.php?rest_route=\/wp\/v2\/types\/post"}],"author":[{"embeddable":true,"href":"https:\/\/akdenizolaygazetesi.com\/index.php?rest_route=\/wp\/v2\/users\/2"}],"replies":[{"embeddable":true,"href":"https:\/\/akdenizolaygazetesi.com\/index.php?rest_route=%2Fwp%2Fv2%2Fcomments&post=11704"}],"version-history":[{"count":2,"href":"https:\/\/akdenizolaygazetesi.com\/index.php?rest_route=\/wp\/v2\/posts\/11704\/revisions"}],"predecessor-version":[{"id":11707,"href":"https:\/\/akdenizolaygazetesi.com\/index.php?rest_route=\/wp\/v2\/posts\/11704\/revisions\/11707"}],"wp:featuredmedia":[{"embeddable":true,"href":"https:\/\/akdenizolaygazetesi.com\/index.php?rest_route=\/wp\/v2\/media\/11706"}],"wp:attachment":[{"href":"https:\/\/akdenizolaygazetesi.com\/index.php?rest_route=%2Fwp%2Fv2%2Fmedia&parent=11704"}],"wp:term":[{"taxonomy":"category","embeddable":true,"href":"https:\/\/akdenizolaygazetesi.com\/index.php?rest_route=%2Fwp%2Fv2%2Fcategories&post=11704"},{"taxonomy":"post_tag","embeddable":true,"href":"https:\/\/akdenizolaygazetesi.com\/index.php?rest_route=%2Fwp%2Fv2%2Ftags&post=11704"}],"curies":[{"name":"wp","href":"https:\/\/api.w.org\/{rel}","templated":true}]}}