{"id":1171,"date":"2020-11-04T18:21:46","date_gmt":"2020-11-04T15:21:46","guid":{"rendered":"http:\/\/mersinekonomipolitikagazetesi.com\/?p=1171"},"modified":"2020-11-04T18:21:46","modified_gmt":"2020-11-04T15:21:46","slug":"baraj-goleti-yakininda-bir-kisi-olu-bulundu","status":"publish","type":"post","link":"https:\/\/akdenizolaygazetesi.com\/?p=1171","title":{"rendered":"Baraj g\u00f6leti yak\u0131n\u0131nda bir ki\u015fi \u00f6l\u00fc bulundu"},"content":{"rendered":"<p>Mersin&#8217;in Tarsus il\u00e7esinde Berdan Baraj G\u00f6leti yak\u0131nlar\u0131nda bir ki\u015finin cesedi bulundu.<\/p>\n<p>Al\u0131nan bilgiye g\u00f6re, \u0130ncirlikuyu Mahallesi yak\u0131nlar\u0131ndaki Berdan Baraj G\u00f6leti&#8217;nin yak\u0131n\u0131nda yerde bir ki\u015finin hareketsiz yatt\u0131\u011f\u0131n\u0131 g\u00f6ren vatanda\u015flar, durumu jandarmaya bildirdi. Jandarma ekiplerinin yapt\u0131\u011f\u0131 kontrolde cesedin 32 ya\u015f\u0131ndaki Emrah \u00c7elik\u2019e ait oldu\u011fu belirlendi.<br \/>\nOlay yerinde jandarma ekiplerinin yapt\u0131\u011f\u0131 incelemede, \u00c7elik\u2019in t\u00fcfekle vuruldu\u011fu ve kalp hizas\u0131nda 7 adet sa\u00e7ma yaras\u0131 nedeniyle hayat\u0131n\u0131 kaybetti\u011fi belirlendi.<br \/>\nEkipler, \u00c7elik\u2019in \u00f6l\u00fcm\u00fcne neden olan t\u00fcfe\u011fin cesedin yan\u0131nda bulunamamas\u0131 nedeniyle \u00e7ok y\u00f6nl\u00fc inceleme ba\u015flatt\u0131.<br \/>\nEmrah \u00c7elik\u2019in Adana Adli T\u0131p Kurumuna g\u00f6nderilen cenazesi, yap\u0131lan incelemenin ard\u0131ndan yak\u0131nlar\u0131na teslim edildi.<\/p>\n","protected":false},"excerpt":{"rendered":"<p>Mersin&#8217;in Tarsus il\u00e7esinde Berdan Baraj G\u00f6leti yak\u0131nlar\u0131nda bir ki\u015finin cesedi bulundu. Al\u0131nan bilgiye g\u00f6re, \u0130ncirlikuyu Mahallesi yak\u0131nlar\u0131ndaki Berdan Baraj G\u00f6leti&#8217;nin yak\u0131n\u0131nda yerde bir ki\u015finin hareketsiz yatt\u0131\u011f\u0131n\u0131 g\u00f6ren vatanda\u015flar, durumu jandarmaya &hellip; <a href=\"https:\/\/akdenizolaygazetesi.com\/?p=1171\" class=\"more-link\">Devam\u0131n\u0131 Oku&#8230;<\/a><\/p>\n","protected":false},"author":1,"featured_media":0,"comment_status":"open","ping_status":"open","sticky":false,"template":"","format":"standard","meta":[],"categories":[],"tags":[],"_links":{"self":[{"href":"https:\/\/akdenizolaygazetesi.com\/index.php?rest_route=\/wp\/v2\/posts\/1171"}],"collection":[{"href":"https:\/\/akdenizolaygazetesi.com\/index.php?rest_route=\/wp\/v2\/posts"}],"about":[{"href":"https:\/\/akdenizolaygazetesi.com\/index.php?rest_route=\/wp\/v2\/types\/post"}],"author":[{"embeddable":true,"href":"https:\/\/akdenizolaygazetesi.com\/index.php?rest_route=\/wp\/v2\/users\/1"}],"replies":[{"embeddable":true,"href":"https:\/\/akdenizolaygazetesi.com\/index.php?rest_route=%2Fwp%2Fv2%2Fcomments&post=1171"}],"version-history":[{"count":0,"href":"https:\/\/akdenizolaygazetesi.com\/index.php?rest_route=\/wp\/v2\/posts\/1171\/revisions"}],"wp:attachment":[{"href":"https:\/\/akdenizolaygazetesi.com\/index.php?rest_route=%2Fwp%2Fv2%2Fmedia&parent=1171"}],"wp:term":[{"taxonomy":"category","embeddable":true,"href":"https:\/\/akdenizolaygazetesi.com\/index.php?rest_route=%2Fwp%2Fv2%2Fcategories&post=1171"},{"taxonomy":"post_tag","embeddable":true,"href":"https:\/\/akdenizolaygazetesi.com\/index.php?rest_route=%2Fwp%2Fv2%2Ftags&post=1171"}],"curies":[{"name":"wp","href":"https:\/\/api.w.org\/{rel}","templated":true}]}}