{"id":11716,"date":"2021-04-06T11:28:29","date_gmt":"2021-04-06T08:28:29","guid":{"rendered":"http:\/\/akdenizolaygazetesi.com\/?p=11716"},"modified":"2021-04-06T11:29:04","modified_gmt":"2021-04-06T08:29:04","slug":"tum-hristiyan-aleminin-paskalya-bayramini-kutluyorum","status":"publish","type":"post","link":"https:\/\/akdenizolaygazetesi.com\/?p=11716","title":{"rendered":"\u201cT\u00dcM HR\u0130ST\u0130YAN ALEM\u0130N\u0130N PASKALYA BAYRAMI\u2019NI KUTLUYORUM\u201d"},"content":{"rendered":"<p>Mersin B\u00fcy\u00fck\u015fehir Belediye Ba\u015fkan Vekili G\u00fclcan K\u0131\u015f, Hristiyan alemi i\u00e7in \u00f6nemli g\u00fcnler aras\u0131nda yer alan Paskalya Bayram\u0131 i\u00e7in Latin Katolik Kilisesi\u2019nde d\u00fczenlenen ayine kat\u0131larak birlik ve beraberlik mesaj\u0131 verdi.<\/p>\n<p>Kutlama ayininde Ba\u015fkan Vekili G\u00fclcan K\u0131\u015f\u2019\u0131n yan\u0131 s\u0131ra CHP Mersin Milletvekilleri Alpay Antmen ve Cengiz G\u00f6k\u00e7el, Yeni\u015fehir Belediye Ba\u015fkan\u0131 Abdullah \u00d6zyi\u011fit ve B\u00fcy\u00fck\u015fehir Belediyesi Bas\u0131n Yay\u0131n ve Halkla \u0130li\u015fkiler Dairesi Ba\u015fkan\u0131 Bedrettin G\u00fcnde\u015f yer ald\u0131.<\/p>\n<p>Mersin Latin Katolik Kilisesi\u2019ndeki kutlama ayinini Katolik Kilisesi Ruhani Reisi Fransuva Dondu Peder Roshan Cordeiro y\u00f6netti. Mumlar\u0131n yak\u0131l\u0131p dualar\u0131n edildi\u011fi ayinin ard\u0131ndan kutlamaya kat\u0131lanlara paskalya yumurtas\u0131 ve paskalya \u00e7\u00f6re\u011fi da\u011f\u0131t\u0131ld\u0131.<\/p>\n<p>\u201cDili, dini, rengi ne olursa olsun bu topraklarda ya\u015fayan b\u00fct\u00fcn insanlar karde\u015ftir\u201d<\/p>\n<p>Hristiyan alemi i\u00e7in b\u00fcy\u00fck \u00f6nem ta\u015f\u0131yan Paskalya Bayram\u0131\u2019na ili\u015fkin konu\u015fan Ba\u015fkan Vekili G\u00fclcan K\u0131\u015f, \u015funlar\u0131 s\u00f6yledi:<\/p>\n<p>\u201cMersin\u2019in bar\u0131\u015f\u0131n ve karde\u015fli\u011fin kenti oldu\u011funu her zaman her yerde s\u00f6yl\u00fcyoruz. Bug\u00fcn de bunu ya\u015fad\u0131\u011f\u0131m\u0131z ortamda bu birli\u011fi peki\u015ftirmi\u015f oluyoruz asl\u0131nda. Bir\u00e7ok dinin, bir\u00e7ok etnik k\u00f6kenin bir arada huzur i\u00e7inde ya\u015fad\u0131\u011f\u0131 kent Mersin. Bu da \u00e7ok k\u0131ymet arz ediyor. Bug\u00fcn burada olmaktan mutlu oldu\u011fumuzu belirtmek istiyorum. Dili, dini, rengi ne olursa olsun bu topraklar \u00fczerinde ya\u015fayan b\u00fct\u00fcn insanlar karde\u015ftir. \u0130nsanl\u0131k olarak zor bir s\u00fcre\u00e7ten ge\u00e7iyoruz. \u00d6zellikle pandemi bunlardan en \u00f6nemlisi. Bu t\u00fcr bayramlar da birle\u015ftirici g\u00fc\u00e7 olu\u015fturuyor. Bu vesileyle Mersin\u2019de ya\u015fayan Hristiyanlar ba\u015fta olmak \u00fczere t\u00fcm Hristiyan camias\u0131n\u0131n Paskalya Bayram\u0131\u2019n\u0131 kutluyorum.\u201d<\/p>\n","protected":false},"excerpt":{"rendered":"<p>Mersin B\u00fcy\u00fck\u015fehir Belediye Ba\u015fkan Vekili G\u00fclcan K\u0131\u015f, Hristiyan alemi i\u00e7in \u00f6nemli g\u00fcnler aras\u0131nda yer alan Paskalya Bayram\u0131 i\u00e7in Latin Katolik Kilisesi\u2019nde d\u00fczenlenen ayine kat\u0131larak birlik ve beraberlik mesaj\u0131 verdi. Kutlama &hellip; <a href=\"https:\/\/akdenizolaygazetesi.com\/?p=11716\" class=\"more-link\">Devam\u0131n\u0131 Oku&#8230;<\/a><\/p>\n","protected":false},"author":2,"featured_media":11718,"comment_status":"open","ping_status":"open","sticky":false,"template":"","format":"standard","meta":[],"categories":[1,3,5],"tags":[],"_links":{"self":[{"href":"https:\/\/akdenizolaygazetesi.com\/index.php?rest_route=\/wp\/v2\/posts\/11716"}],"collection":[{"href":"https:\/\/akdenizolaygazetesi.com\/index.php?rest_route=\/wp\/v2\/posts"}],"about":[{"href":"https:\/\/akdenizolaygazetesi.com\/index.php?rest_route=\/wp\/v2\/types\/post"}],"author":[{"embeddable":true,"href":"https:\/\/akdenizolaygazetesi.com\/index.php?rest_route=\/wp\/v2\/users\/2"}],"replies":[{"embeddable":true,"href":"https:\/\/akdenizolaygazetesi.com\/index.php?rest_route=%2Fwp%2Fv2%2Fcomments&post=11716"}],"version-history":[{"count":1,"href":"https:\/\/akdenizolaygazetesi.com\/index.php?rest_route=\/wp\/v2\/posts\/11716\/revisions"}],"predecessor-version":[{"id":11717,"href":"https:\/\/akdenizolaygazetesi.com\/index.php?rest_route=\/wp\/v2\/posts\/11716\/revisions\/11717"}],"wp:featuredmedia":[{"embeddable":true,"href":"https:\/\/akdenizolaygazetesi.com\/index.php?rest_route=\/wp\/v2\/media\/11718"}],"wp:attachment":[{"href":"https:\/\/akdenizolaygazetesi.com\/index.php?rest_route=%2Fwp%2Fv2%2Fmedia&parent=11716"}],"wp:term":[{"taxonomy":"category","embeddable":true,"href":"https:\/\/akdenizolaygazetesi.com\/index.php?rest_route=%2Fwp%2Fv2%2Fcategories&post=11716"},{"taxonomy":"post_tag","embeddable":true,"href":"https:\/\/akdenizolaygazetesi.com\/index.php?rest_route=%2Fwp%2Fv2%2Ftags&post=11716"}],"curies":[{"name":"wp","href":"https:\/\/api.w.org\/{rel}","templated":true}]}}