{"id":11719,"date":"2021-04-06T11:30:05","date_gmt":"2021-04-06T08:30:05","guid":{"rendered":"http:\/\/akdenizolaygazetesi.com\/?p=11719"},"modified":"2021-04-06T11:30:47","modified_gmt":"2021-04-06T08:30:47","slug":"mersinden-kadin-kooperatifi-1-olagan-genel-kurulunu-yapti","status":"publish","type":"post","link":"https:\/\/akdenizolaygazetesi.com\/?p=11719","title":{"rendered":"MERS\u0130NDEN KADIN KOOPERAT\u0130F\u0130 1. OLA\u011eAN GENEL KURULU\u2019NU YAPTI"},"content":{"rendered":"<p>Mersin B\u00fcy\u00fck\u015fehir Belediyesi\u2019nin deste\u011fi ile 1,5 y\u0131l \u00f6nce 8 kurucu ortakla kurulan Mersinden Kad\u0131n Kooperatifi, 1. Ola\u011fan Genel Kurulu\u2019nu ger\u00e7ekle\u015ftirdi. Mersin B\u00fcy\u00fck\u015fehir Belediyesi Kongre ve Sergi Saray\u0131\u2019nda yap\u0131lan genel kurula pandemi nedeniyle s\u0131n\u0131rl\u0131 kat\u0131l\u0131m sa\u011flan\u0131rken, salg\u0131n tedbirlerine azami \u00f6nem g\u00f6sterildi. Genel Kurul g\u00fcndem maddelerinin g\u00f6r\u00fc\u015f\u00fclmesinin ard\u0131ndan yap\u0131lan oylamada Mersinden Kad\u0131n Kooperatifi\u2019nin Y\u00f6netim Kurulu Ba\u015fkanl\u0131\u011f\u0131\u2019na oy birli\u011fi ile yeniden Meral Se\u00e7er se\u00e7ildi.<\/p>\n<p>\u201c1,5 y\u0131l \u00f6nce ba\u015flad\u0131 yol hikayemiz\u201d<\/p>\n<p>Mersinden Kad\u0131n Kooperatifi Ba\u015fkan\u0131 Meral Se\u00e7er, b\u00fcy\u00fck bir azim ve emekle ta\u00e7land\u0131rd\u0131klar\u0131 \u00e7al\u0131\u015fmalar\u0131 anlatt\u0131. Se\u00e7er, \u015funlar\u0131 s\u00f6yledi:<\/p>\n<p>\u201cYakla\u015f\u0131k 1,5 y\u0131l \u00f6nce ba\u015flad\u0131 yol hikayemiz. Bize g\u00fc\u00e7 ve ilham verense \u00fczerinde binlerce y\u0131ll\u0131k kadim bir k\u00fclt\u00fcr\u00fc ya\u015fatan Anadolu topraklar\u0131n\u0131n bereketi ve o bereketi y\u00fczy\u0131llard\u0131r nesilden nesile aktaran Anadolu kad\u0131n\u0131 oldu. Y\u00f6netmeyi, yoktan var etmeyi ve payla\u015fmay\u0131 bilen Anadolu kad\u0131n\u0131\u2026 Y\u00fcz\u00fcm\u00fcz\u00fc bu topraklara \u00e7evirdi\u011fimizde emekle bereketin karde\u015fli\u011fini, biz olunca nas\u0131l g\u00fc\u00e7lendi\u011fimizi, birlikten kuvvetin do\u011fdu\u011funu Anadolu kad\u0131n\u0131ndan \u00f6\u011frendik. Bu anlay\u0131\u015f ve birikimle kurdu\u011fumuz Mersinden Kad\u0131n Kooperatifi ile tar\u0131m ve tekstil alan\u0131nda kad\u0131n eme\u011fini ekonomiye kazand\u0131rmakla birlikte bireysel ve sosyal d\u00f6n\u00fc\u015f\u00fcm\u00fcn ba\u015flang\u0131\u00e7 \u00f6\u011felerinden biri olmay\u0131 ama\u00e7lad\u0131k. \u00dcretimde, \u00fcretti\u011fi \u00fcr\u00fcnlerin sat\u0131\u015f ve pazarlama taraf\u0131nda yanlar\u0131nda oldu\u011fumuz kad\u0131nlar\u0131m\u0131z para kazan\u0131p ev ekonomisine destek sa\u011flad\u0131lar, \u00e7al\u0131\u015fma ortamlar\u0131nda birbirleri ile sosyalle\u015ftiler, kooperatifimizce verilen e\u011fitimlerle kendilerini geli\u015ftirme imkan\u0131 buldular. Hepimiz biliyoruz ki bizleri ya\u015fama ba\u011flayan eme\u011fimizin kar\u015f\u0131l\u0131\u011f\u0131n\u0131 almak, de\u011fer g\u00f6rmek, sosyal payla\u015f\u0131m i\u00e7erisinde olmakt\u0131r. G\u00fcn\u00fcn sonunda kooperatifimiz olarak birlikte \u00e7al\u0131\u015ft\u0131\u011f\u0131m\u0131z t\u00fcm kad\u0131nlar\u0131m\u0131zda g\u00f6rd\u00fc\u011f\u00fcm\u00fcz buydu. Ba\u015farm\u0131\u015f, art\u0131k kendine g\u00fcvenen ve \u00fcretime daha da haz\u0131r kad\u0131nlar. Kooperatif ortaklar\u0131 olarak bizleri birbirimize kenetleyen, daha da azimlendiren, birlikte \u00fcretmenin do\u011fru yol oldu\u011funa bir kez daha inand\u0131ran da bu g\u00f6rd\u00fc\u011f\u00fcm\u00fcz de\u011fi\u015fimler oldu. Do\u011fru yolda idik.\u201d<\/p>\n<p>Se\u00e7er\u2019den kad\u0131n kooperatiflerinin s\u00fcrd\u00fcr\u00fclebilirli\u011fi i\u00e7in mevzuatta de\u011fi\u015fiklik \u00e7a\u011fr\u0131s\u0131<\/p>\n<p>T\u00fcrkiye\u2019deki kooperatiflerin en b\u00fcy\u00fck sorununu s\u00fcrd\u00fcr\u00fclebilir olamamak olarak tan\u0131mlayan Meral Se\u00e7er, \u201cBu problemin \u00e7\u00f6z\u00fclmesinde en b\u00fcy\u00fck destek, kooperatif\u00e7ilik mevzuatlar\u0131n\u0131n kooperatifler lehine de\u011fi\u015ftirilmesi, a\u011f\u0131r vergi y\u00fcklerinin hafifletilmesi, \u00f6zellikle kurulu\u015f a\u015famalar\u0131nda i\u015flemlerin sadele\u015ftirilmesi ve ilk bir y\u0131l i\u00e7erisinde bu desteklerin devam ederek s\u00fcrd\u00fcr\u00fclebilirli\u011fi sa\u011flamak olacakt\u0131r. Bunun yan\u0131nda s\u00fcrd\u00fcr\u00fclebilir olman\u0131z i\u00e7in yapt\u0131\u011f\u0131n\u0131z i\u015fi ciddiye alman\u0131z, \u00e7ok\u00e7a emek vermeniz, g\u00f6n\u00fclden bu i\u015fe ba\u011fl\u0131 olman\u0131z ve de\u011fi\u015fen \u00e7a\u011fa uyum sa\u011flaman\u0131z, de\u011fi\u015fimleri takip etmeniz gerekmektedir\u201d diye konu\u015ftu.<\/p>\n<p>\u201cBirlikte yol y\u00fcr\u00fcd\u00fc\u011f\u00fcm\u00fcz 305 kad\u0131n\u0131n verdi\u011fi t\u00fcm emekler asl\u0131nda \u00fclkemiz ad\u0131nad\u0131r\u201d<\/p>\n<p>Meral Se\u00e7er, Covid-19 pandemisiyle birlikte bir de\u011fi\u015fim ya\u015fand\u0131\u011f\u0131n\u0131, do\u011faya, topra\u011fa ve suya daha \u00e7ok sahip \u00e7\u0131k\u0131lmas\u0131 gerekti\u011fini belirterek, ya\u015fam\u0131n sa\u011fl\u0131kl\u0131 g\u0131daya ba\u011fl\u0131 oldu\u011funun daha net anla\u015f\u0131ld\u0131\u011f\u0131n\u0131 s\u00f6yledi. Se\u00e7er, \u015f\u00f6yle devam etti:<\/p>\n<p>\u201cKooperatif olarak bizler de bu s\u00fcrece uyum sa\u011flayarak gerek \u00fcr\u00fcnlerimizde gerekse \u00fcretim y\u00f6ntemlerimizde geleneksel ile inovatif y\u00f6ntemleri birle\u015ftirecek planlamalar\u0131m\u0131z\u0131 yapt\u0131k. G\u00fcn\u00fcm\u00fcz piyasa talebine uygun katma de\u011ferli \u00fcr\u00fcnler \u00fcrettik. Bu \u00fcr\u00fcnlerimizi ulusal alanda rekabet edebilecek d\u00fczeye getirebilmek i\u00e7in gerekli \u00fcretim standartlar\u0131n\u0131 sa\u011flad\u0131k. Kal\u0131c\u0131 olabilmek, bilinirli\u011fimizi art\u0131rmak i\u00e7in marka ve logo tescilimizi ald\u0131k. T\u00fcm bu s\u00fcre\u00e7ler, \u00fcr\u00fcnlerimizin hem \u015fehrimizde hem de ulusal firmalar\u0131n portf\u00f6ylerine girmesinde \u00f6nemli bir ad\u0131m oldu. Mersinden Kad\u0131n Kooperatifi ortaklar\u0131 ve 1 y\u0131ld\u0131r birlikte yol y\u00fcr\u00fcd\u00fc\u011f\u00fcm\u00fcz 305 kad\u0131n\u0131n verdi\u011fi t\u00fcm emekler asl\u0131nda \u00fclkemiz ad\u0131nad\u0131r. \u00dcretiyoruz, \u00e7\u00fcnk\u00fc bu topraklar\u0131 seviyoruz. Ben t\u00fcm ortaklar\u0131m\u0131zla ger\u00e7ekten \u00e7ok b\u00fcy\u00fck gurur duyuyorum. Hepinize ayr\u0131 ayr\u0131 \u00e7ok te\u015fekk\u00fcr ediyorum. Gelecek y\u0131llarda \u00e7ok daha g\u00fczel i\u015fler ba\u015faraca\u011f\u0131m\u0131za olan inanc\u0131m sonsuz.\u201d<\/p>\n<p>Yeni y\u00f6netim ve denetim kurulu \u00fcyeleri g\u00f6r\u00fc\u015flerini payla\u015ft\u0131<\/p>\n<p>Genel Kurulun dilek ve \u00f6neriler b\u00f6l\u00fcm\u00fcnde y\u00f6netim kurulu ve denetim kurulu \u00fcyeleri de ba\u015far\u0131l\u0131 i\u015flere imza atan Mersinden Kad\u0131n Kooperatifi\u2019ne ili\u015fkin g\u00f6r\u00fc\u015flerini payla\u015ft\u0131. \u0130lk olarak s\u00f6z\u00fc alan e\u011fitmen G\u00fclten \u00c7avu\u015f, \u201c\u0130nsan e\u011fitmek ve insana dokunmak, insan eme\u011fini y\u00fcceltmek ve s\u00fcrd\u00fcrebilmek \u00e7ok k\u0131ymetli. 305 kad\u0131na 1,5 y\u0131lda dokunabilmek ger\u00e7ekten \u00e7ok g\u00fczel bir \u015fey. Daha \u00e7ok kad\u0131na dokunmak ad\u0131na hepinize kolayl\u0131klar gelsin diyorum\u201d dedi.<\/p>\n<p>Y\u00f6netim Kurulu \u00fcyesi olarak se\u00e7ilen Ebru Kaptan, sorumluluk bilincinin \u00e7ok y\u00fcksek oldu\u011fu bir i\u015f yapt\u0131klar\u0131n\u0131 ifade ederek,  \u201c\u00c7ok \u015f\u00fck\u00fcr kooperatif ortaklar\u0131m\u0131z, hepimiz birbirimizle uyum i\u00e7erisinde ve hepimiz ayn\u0131 amaca y\u00f6nelik hareket etti\u011fimiz i\u00e7in biz bug\u00fcne kadar hi\u00e7bir sorun ya\u015famad\u0131k. \u0130n\u015fallah y\u00fczlerce, binlerce orta\u011f\u0131m\u0131z\u0131n oldu\u011fu d\u00f6nemde de yine bu \u015fekilde yol almay\u0131 diliyoruz\u201d diye konu\u015ftu.<\/p>\n<p>Y\u00f6netim Kurulu \u00fcyesi olarak se\u00e7ilen Eylem Bozdo\u011fan, bir aile ortam\u0131 yaratt\u0131klar\u0131n\u0131 vurgulayarak, \u201cHeyecanl\u0131y\u0131z. Ciddi bir \u00e7al\u0131\u015fma yapt\u0131k. G\u00f6n\u00fcl isterdi ki 300 kad\u0131n arkada\u015f\u0131m\u0131z da burada olsayd\u0131. Eminim gelecek y\u0131l daha kalabal\u0131k bir ortamda olaca\u011f\u0131z\u201d ifadelerini kulland\u0131.<\/p>\n<p>Y\u00f6netim Kurulu\u2019na yedek \u00fcye olarak se\u00e7ilen Beyhan G\u00fcrb\u00fcz, Mersinden Kad\u0131n Kooperatifi\u2019nin bir par\u00e7as\u0131 olmaktan dolay\u0131 duydu\u011fu memnuniyeti ifade ederek, \u201cSizlerle bulundu\u011fum bu aile ortam\u0131ndaki ko\u015fullarla \u00e7ok daha farkl\u0131 oldu\u011fumu, baz\u0131 \u015feylere \u00e7ok daha ciddi bak\u0131ld\u0131\u011f\u0131n\u0131, hatta ve hatta \u2018hem dokunal\u0131m ama hem de en iyisi olsun\u2019 tarz\u0131yla hareket edildi\u011fini g\u00f6rd\u00fcm. \u00c7ok titiz bir \u00e7al\u0131\u015fma ile yola \u00e7\u0131k\u0131l\u0131yor. \u0130yi ki gelmi\u015fim, iyi ki bu ailenin ferdi olmu\u015fum\u201d dedi.<\/p>\n<p>Y\u00f6netim Kurulu\u2019na yedek \u00fcye olarak se\u00e7ilen Berrin Yorgun ise \u201cGer\u00e7ekten kooperatif\u00e7ilik deneyimimin g\u00f6sterdi\u011fi veriye dair s\u00f6yleyebilirim ki bu kadar h\u0131zl\u0131 geli\u015fen, bu kadar do\u011fru i\u015fi bir arada yapan ve bu kadar g\u00fczel yapan daha farkl\u0131 bir grup hi\u00e7 g\u00f6rmedim. Ger\u00e7ekten bu ekip \u00e7ok ba\u015far\u0131l\u0131. Ben de b\u00f6yle bir kooperatifin orta\u011f\u0131 olarak \u00e7ok gurur duyuyorum\u201d dedi.<\/p>\n<p>Denetim Kurulu \u00fcyesi olarak se\u00e7ilen G\u00fclay Aksoy, uyum ve \u00f6zveriyle \u00e7al\u0131\u015ft\u0131klar\u0131n\u0131 s\u00f6yleyerek, \u201cOrtak olarak bu kadar her \u015feyi g\u00f6n\u00fclden isteyen, bunun i\u00e7in her t\u00fcrl\u00fc eme\u011fi vermeye haz\u0131r, \u00e7al\u0131\u015fkan arkada\u015flar\u0131ma \u00e7ok te\u015fekk\u00fcr ediyorum. \u00dcretirken bu heyecan\u0131 ya\u015famak \u00e7ok g\u00fczel bir \u015fey. Daha g\u00fczel olacak\u201d diye konu\u015ftu.<\/p>\n<p>Denetim Kurulu \u00fcyesi olarak se\u00e7ilen Z\u00fcbeyde Co\u015fkun, yapt\u0131klar\u0131 g\u00fczel i\u015flerin devam\u0131n\u0131n gelece\u011fini belirterek, \u201cBiz birlikte g\u00fczel i\u015fler yapmaya devam edece\u011fiz\u201d dedi.<\/p>\n","protected":false},"excerpt":{"rendered":"<p>Mersin B\u00fcy\u00fck\u015fehir Belediyesi\u2019nin deste\u011fi ile 1,5 y\u0131l \u00f6nce 8 kurucu ortakla kurulan Mersinden Kad\u0131n Kooperatifi, 1. Ola\u011fan Genel Kurulu\u2019nu ger\u00e7ekle\u015ftirdi. Mersin B\u00fcy\u00fck\u015fehir Belediyesi Kongre ve Sergi Saray\u0131\u2019nda yap\u0131lan genel kurula &hellip; <a href=\"https:\/\/akdenizolaygazetesi.com\/?p=11719\" class=\"more-link\">Devam\u0131n\u0131 Oku&#8230;<\/a><\/p>\n","protected":false},"author":2,"featured_media":11721,"comment_status":"open","ping_status":"open","sticky":false,"template":"","format":"standard","meta":[],"categories":[34,1,3,5],"tags":[],"_links":{"self":[{"href":"https:\/\/akdenizolaygazetesi.com\/index.php?rest_route=\/wp\/v2\/posts\/11719"}],"collection":[{"href":"https:\/\/akdenizolaygazetesi.com\/index.php?rest_route=\/wp\/v2\/posts"}],"about":[{"href":"https:\/\/akdenizolaygazetesi.com\/index.php?rest_route=\/wp\/v2\/types\/post"}],"author":[{"embeddable":true,"href":"https:\/\/akdenizolaygazetesi.com\/index.php?rest_route=\/wp\/v2\/users\/2"}],"replies":[{"embeddable":true,"href":"https:\/\/akdenizolaygazetesi.com\/index.php?rest_route=%2Fwp%2Fv2%2Fcomments&post=11719"}],"version-history":[{"count":2,"href":"https:\/\/akdenizolaygazetesi.com\/index.php?rest_route=\/wp\/v2\/posts\/11719\/revisions"}],"predecessor-version":[{"id":11722,"href":"https:\/\/akdenizolaygazetesi.com\/index.php?rest_route=\/wp\/v2\/posts\/11719\/revisions\/11722"}],"wp:featuredmedia":[{"embeddable":true,"href":"https:\/\/akdenizolaygazetesi.com\/index.php?rest_route=\/wp\/v2\/media\/11721"}],"wp:attachment":[{"href":"https:\/\/akdenizolaygazetesi.com\/index.php?rest_route=%2Fwp%2Fv2%2Fmedia&parent=11719"}],"wp:term":[{"taxonomy":"category","embeddable":true,"href":"https:\/\/akdenizolaygazetesi.com\/index.php?rest_route=%2Fwp%2Fv2%2Fcategories&post=11719"},{"taxonomy":"post_tag","embeddable":true,"href":"https:\/\/akdenizolaygazetesi.com\/index.php?rest_route=%2Fwp%2Fv2%2Ftags&post=11719"}],"curies":[{"name":"wp","href":"https:\/\/api.w.org\/{rel}","templated":true}]}}