{"id":11726,"date":"2021-04-06T11:37:07","date_gmt":"2021-04-06T08:37:07","guid":{"rendered":"http:\/\/akdenizolaygazetesi.com\/?p=11726"},"modified":"2021-04-06T11:37:38","modified_gmt":"2021-04-06T08:37:38","slug":"destek-verin-akdenizde-kentsel-donusumu-gerceklestirelim-yesil-alan-miktarimizi-artiralim","status":"publish","type":"post","link":"https:\/\/akdenizolaygazetesi.com\/?p=11726","title":{"rendered":"\u201cDESTEK VER\u0130N; AKDEN\u0130Z\u2019DE KENTSEL D\u00d6N\u00dc\u015e\u00dcM\u00dc GER\u00c7EKLE\u015eT\u0130REL\u0130M, YE\u015e\u0130L ALAN M\u0130KTARIMIZI ARTIRALIM\u201d"},"content":{"rendered":"<p>Ba\u015fkan G\u00fcltak, t\u00fcm Mersin\u2019in kentsel d\u00f6n\u00fc\u015f\u00fcme ihtiya\u00e7 duydu\u011funu vurgulad\u0131, Meclis \u00fcyeleri, meslek odalar\u0131 ve kent dinamiklerine seslendi. Ba\u015fkan G\u00fcltak, \u201cGelin, il\u00e7emiz ve kentimiz i\u00e7in hayata kataca\u011f\u0131m\u0131z d\u00f6n\u00fc\u015f\u00fcm projelerine destek verin, Akdeniz ve Mersin\u2019de kentsel d\u00f6n\u00fc\u015f\u00fcm\u00fc birlikte ger\u00e7ekle\u015ftirelim\u201d dedi.<br \/>\nAkdeniz Belediye Meclisi\u2019nin Nisan ay\u0131 ilk toplant\u0131s\u0131nda, Meclis \u00fcyelerinin; Akdeniz il\u00e7esine ba\u011fl\u0131 mahallelere yeni park ve ye\u015fil alanlar kazand\u0131r\u0131lmas\u0131 i\u00e7in projeler haz\u0131rlanmas\u0131 gerekti\u011fi y\u00f6n\u00fcndeki ele\u015ftirilerine yan\u0131t veren Ba\u015fkan G\u00fcltak; Mersin\u2019de kentsel d\u00f6n\u00fc\u015f\u00fcm\u00fcn aciliyeti ve gereklili\u011fine bir kez daha dikkat \u00e7ekti.<br \/>\n\u201c\u015eehrimizin giri\u015finin muntazam oldu\u011funu hi\u00e7birimiz iddia edemeyiz. Ayr\u0131ca bir\u00e7o\u011funuzun, T\u00fcrkiye\u2019nin en k\u00f6t\u00fc giri\u015fine sahip kentlerden birinin de Mersin oldu\u011funu mutlaka dile getirdi\u011finize eminim\u201d diyen Ba\u015fkan Mustafa G\u00fcltak, s\u00f6zlerini \u015f\u00f6yle s\u00fcrd\u00fcrd\u00fc; \u201cPeki, biz ne yapt\u0131k? \u00c7ay Mahallesi\u2019nin hemen do\u011fu giri\u015finde, virane durumda Toplu Konut \u0130daresi Ba\u015fkanl\u0131\u011f\u0131\u2019na (TOK\u0130) ait \u00e7ok eski bir fabrika vard\u0131. TOK\u0130 ile irtibata ge\u00e7erek, oran\u0131n y\u0131k\u0131lmas\u0131n\u0131 sa\u011flad\u0131k. Tertemiz bir yer oldu. 19 d\u00f6n\u00fcm; TOK\u0130\u2019nin rezerv alan\u0131, bir anda tertemiz, ferah bir g\u00f6r\u00fcn\u00fcme kavu\u015ftu.\u201d<br \/>\n\u2018TOK\u0130 ile g\u00f6r\u00fc\u015ferek Akdeniz\u2019de projelerin ba\u015flamas\u0131n\u0131 sa\u011flad\u0131k\u2019<br \/>\nBa\u015fkan G\u00fcltak, \u00c7ay Mahallesi\u2019nde \u2018yerinde\u2019 kentsel d\u00f6n\u00fc\u015f\u00fcm projesinin hayata ge\u00e7mesi i\u00e7in de TOK\u0130 yetkilileri ile irtibata ge\u00e7tiklerinin alt\u0131n\u0131 \u00e7izerek, \u201cBurada bulunan ve m\u00fclkiyeti ATA\u015e\u2019a ait 140 d\u00f6n\u00fcml\u00fck yerle\u015fke i\u00e7erisinde 415 konut, 32 d\u00fckk\u00e2n, ticaret merkezi ve caminin in\u015faat \u00e7al\u0131\u015fmalar\u0131 1 y\u0131l gibi k\u0131sa s\u00fcrede bitti. Ayr\u0131ca \u015fehrimizin en merkezi mahallelerinden biri olan Bar\u0131\u015f Mahallesi\u2019nde de yine TOK\u0130 eliyle proje ba\u015flat\u0131ld\u0131\u201d ifadelerini kulland\u0131.<br \/>\nBar\u0131\u015f ve Bah\u00e7e\u2019de kabul oran\u0131 y\u00fczde 80\u2019leri a\u015ft\u0131<br \/>\nBa\u015fkan G\u00fcltak, s\u00f6zlerini; \u201cBu giri\u015fimlerimiz ve m\u00fccadelemiz sonucunda Bar\u0131\u015f ve Bah\u00e7e mahallelerinde de yerinde kentsel d\u00f6n\u00fc\u015f\u00fcm\u00fc ba\u015flatt\u0131k\u201d diyerek s\u00fcrd\u00fcrerek, \u201c\u015eu anda mahallede, y\u00fczde 82 oran\u0131nda kabul ve memnuniyet var. Nas\u0131l oldu biliyor musunuz? Vatanda\u015flar\u0131m\u0131z\u0131n talebi \u00fczerine, onlarla birlikte proje \u00fczerinde revizeler yap\u0131ld\u0131. Ve en sonunda da vatanda\u015flar\u0131m\u0131z belediyemize gelerek projeyi incelediler, kontrol ettiler. B\u00f6ylesi bir de\u011fi\u015fim, d\u00f6n\u00fc\u015f\u00fcm ve yenilenme Bar\u0131\u015f Mahallesi\u2019nde ilk kez oluyor. Mersin\u2019e ve Bar\u0131\u015f Mahallesi sakinlerine Hay\u0131rl\u0131 u\u011furlu olsun\u201d ifadelerini kulland\u0131.<\/p>\n<p>\u201c\u00c7ay Mahallesi\u2019ndeki proje, d\u0131\u015far\u0131dan gelecek olanlara kapal\u0131d\u0131r\u201d<br \/>\n\u00c7ay Mahallesi\u2019nde in\u015faat \u00e7al\u0131\u015fmalar\u0131 tamamlanmak \u00fczere olan kentsel d\u00f6n\u00fc\u015f\u00fcm\u00fcn de \u2018yerinde kentsel d\u00f6n\u00fc\u015f\u00fcm projesi\u2019 oldu\u011funu kaydeden Ba\u015fkan G\u00fcltak, \u201cYani bu proje, d\u0131\u015far\u0131dan gelecek olanlara kapal\u0131d\u0131r. \u00d6zetle, o mahallede ya\u015fayanlar d\u0131\u015f\u0131nda, ba\u015fka yerlerden gelenler bu evleri sat\u0131n alamayacak \u015fekilde bir uygulama yaparak, b\u00fct\u00fcn \u00c7ay Mahallesi ya\u015fayanlar\u0131n\u0131n, kendileri i\u00e7in haz\u0131rlanm\u0131\u015f bu g\u00fcvenli ve modern yap\u0131lara, akrabalar\u0131, yak\u0131n kom\u015fular\u0131 ile birlikte ta\u015f\u0131nmalar\u0131n\u0131 sa\u011flamak istiyoruz\u201d diye konu\u015ftu.<br \/>\n\u201cGelin destek verin, Akdeniz ve Mersin\u2019i kentsel d\u00f6n\u00fc\u015f\u00fcmle de\u011fi\u015ftirelim\u201d<br \/>\nKonu\u015fmas\u0131nda; Meclis \u00fcyeleri, meslek odalar\u0131 ve kentin bu konuda \u00e7al\u0131\u015fmalar yapan t\u00fcm dinamiklerine \u00e7a\u011fr\u0131da da bulunan Ba\u015fkan G\u00fcltak; a\u00e7\u0131klamas\u0131n\u0131 \u015fu s\u00f6zlerle bitirdi; \u201cSizler; Akdeniz\u2019i, Toroslar\u2019\u0131, Yeni\u015fehir\u2019i veya Mezitli\u2019yi, k\u0131sacas\u0131 bu \u015fehrin tamam\u0131n\u0131 de\u011fi\u015ftirmek mi istiyorsunuz? \u00c7ocuklar\u0131n\u0131z\u0131n g\u00fczel parklarda oynamas\u0131n\u0131 m\u0131 istiyorsunuz?<br \/>\nEvlerinin, okullar\u0131n\u0131n ve ibadethanelerinin temiz ve g\u00fcvenli olmas\u0131n\u0131 m\u0131 istiyorsunuz. Kentinizin, mahallelerinizin ye\u015fil alanlar\u0131n\u0131n, d\u00fczenli yollar\u0131n\u0131n olmas\u0131n\u0131 m\u0131 istiyorsunuz? Akdeniz\u2019in bu k\u00f6t\u00fc imar\u0131n\u0131 d\u00fczeltmek i\u00e7in projeler \u00fcretin ve getirin. Bu projeleri de hep birlikte de\u011ferlendirelim. Nitekim belediye olarak biz, bu konuda \u00fczerimize d\u00fc\u015feni yerine getirmeye, imar ve \u015fehircilik anlam\u0131nda gereken \u00e7al\u0131\u015fmalar\u0131 yapmaya ba\u015flad\u0131k. \u0130l\u00e7emiz ve kentimiz i\u00e7in hayata kataca\u011f\u0131m\u0131z hizmet ve projelere gelin destek verin, Akdeniz ve Mersin\u2019de kentsel d\u00f6n\u00fc\u015f\u00fcm\u00fc birlikte ger\u00e7ekle\u015ftirelim.\u201d<\/p>\n","protected":false},"excerpt":{"rendered":"<p>Ba\u015fkan G\u00fcltak, t\u00fcm Mersin\u2019in kentsel d\u00f6n\u00fc\u015f\u00fcme ihtiya\u00e7 duydu\u011funu vurgulad\u0131, Meclis \u00fcyeleri, meslek odalar\u0131 ve kent dinamiklerine seslendi. Ba\u015fkan G\u00fcltak, \u201cGelin, il\u00e7emiz ve kentimiz i\u00e7in hayata kataca\u011f\u0131m\u0131z d\u00f6n\u00fc\u015f\u00fcm projelerine destek verin, &hellip; <a href=\"https:\/\/akdenizolaygazetesi.com\/?p=11726\" class=\"more-link\">Devam\u0131n\u0131 Oku&#8230;<\/a><\/p>\n","protected":false},"author":2,"featured_media":11728,"comment_status":"open","ping_status":"open","sticky":false,"template":"","format":"standard","meta":[],"categories":[8,34,1,2,3,5],"tags":[],"_links":{"self":[{"href":"https:\/\/akdenizolaygazetesi.com\/index.php?rest_route=\/wp\/v2\/posts\/11726"}],"collection":[{"href":"https:\/\/akdenizolaygazetesi.com\/index.php?rest_route=\/wp\/v2\/posts"}],"about":[{"href":"https:\/\/akdenizolaygazetesi.com\/index.php?rest_route=\/wp\/v2\/types\/post"}],"author":[{"embeddable":true,"href":"https:\/\/akdenizolaygazetesi.com\/index.php?rest_route=\/wp\/v2\/users\/2"}],"replies":[{"embeddable":true,"href":"https:\/\/akdenizolaygazetesi.com\/index.php?rest_route=%2Fwp%2Fv2%2Fcomments&post=11726"}],"version-history":[{"count":2,"href":"https:\/\/akdenizolaygazetesi.com\/index.php?rest_route=\/wp\/v2\/posts\/11726\/revisions"}],"predecessor-version":[{"id":11729,"href":"https:\/\/akdenizolaygazetesi.com\/index.php?rest_route=\/wp\/v2\/posts\/11726\/revisions\/11729"}],"wp:featuredmedia":[{"embeddable":true,"href":"https:\/\/akdenizolaygazetesi.com\/index.php?rest_route=\/wp\/v2\/media\/11728"}],"wp:attachment":[{"href":"https:\/\/akdenizolaygazetesi.com\/index.php?rest_route=%2Fwp%2Fv2%2Fmedia&parent=11726"}],"wp:term":[{"taxonomy":"category","embeddable":true,"href":"https:\/\/akdenizolaygazetesi.com\/index.php?rest_route=%2Fwp%2Fv2%2Fcategories&post=11726"},{"taxonomy":"post_tag","embeddable":true,"href":"https:\/\/akdenizolaygazetesi.com\/index.php?rest_route=%2Fwp%2Fv2%2Ftags&post=11726"}],"curies":[{"name":"wp","href":"https:\/\/api.w.org\/{rel}","templated":true}]}}