{"id":1173,"date":"2020-11-04T18:21:46","date_gmt":"2020-11-04T15:21:46","guid":{"rendered":"http:\/\/mersinekonomipolitikagazetesi.com\/?p=1173"},"modified":"2020-11-04T18:21:46","modified_gmt":"2020-11-04T15:21:46","slug":"mersinde-islenen-cinayetle-ilgili-5-suriyeli-tutuklandi","status":"publish","type":"post","link":"https:\/\/akdenizolaygazetesi.com\/?p=1173","title":{"rendered":"Mersin&#8217;de i\u015flenen cinayetle ilgili 5 Suriyeli tutukland\u0131"},"content":{"rendered":"<p>Mersin&#8217;de Suriyeliler ile bir vatanda\u015f aras\u0131nda \u00e7\u0131kan ve 1 ki\u015finin \u00f6l\u00fcm\u00fcyle sonu\u00e7lanan b\u0131\u00e7akl\u0131 kavgan\u0131n ard\u0131ndan 5 Suriyeli tutukland\u0131.Ayr\u0131ca olaya kar\u0131\u015fan ki\u015filerin 36 yak\u0131n\u0131 da s\u0131n\u0131r d\u0131\u015f\u0131 edilmek \u00fczere G\u00f6\u00e7 \u0130daresine teslim edildi.<\/p>\n<p>Edinilen bilgiye g\u00f6re, 3 g\u00fcn \u00f6nce merkez Akdeniz il\u00e7esine ba\u011fl\u0131 \u015eevket S\u00fcmer Mahallesi&#8217;nde ya\u015fayan Suriyeliler ile mahalle sakinlerinden Hanifi Hisak aras\u0131nda kad\u0131n meselesi y\u00fcz\u00fcnden tart\u0131\u015fma \u00e7\u0131kt\u0131. Tart\u0131\u015fman\u0131n kavgaya d\u00f6nmesi ile b\u0131\u00e7aklanarak a\u011f\u0131r yaralanan Hanifi Hisak, hastaneye kald\u0131r\u0131ld\u0131. Hisak, hastanede hayat\u0131n\u0131 kaybederken Mersin \u0130l Emniyet M\u00fcd\u00fcrl\u00fc\u011f\u00fc Asayi\u015f \u015eube M\u00fcd\u00fcrl\u00fc\u011f\u00fcne ba\u011fl\u0131 Cinayet B\u00fcro Amirli\u011fi ekipleri, 5&#8217;i karde\u015f 7 Suriyeliyi merkez Yeni\u015fehir il\u00e7esi Turgutt\u00fcrkalp Mahallesi&#8217;nde yakalad\u0131.<br \/>\n3 g\u00fcnd\u00fcr Emniyet M\u00fcd\u00fcrl\u00fc\u011f\u00fcnde sorgulanan \u015fah\u0131slar, bug\u00fcn ifadelerinin ard\u0131ndan &#8216;kasten i\u015ftirak halinde kesici alet ile adam \u00f6ld\u00fcrme&#8217;, &#8216;kasten i\u015ftirak halinde kesici alet ile adam \u00f6ld\u00fcrmeye te\u015febb\u00fcs ve darp neticesi yaralama&#8217;, &#8216;geceleyin i\u015ftirak halinde konut dokunulmazl\u0131\u011f\u0131n\u0131 ihlal&#8217; su\u00e7undan tutuklama talebi ile mahkemeye sevk edildi. \u015eah\u0131slardan Abdurrahman El Casm, \u0130brahim Alsatouf, Abdulcabbar El Casm, Casm El Casm, Omar Khatab tutuklan\u0131rken, ya\u015flar\u0131 k\u00fc\u00e7\u00fck olan Y.E.C. ile M.E.C. serbest b\u0131rak\u0131ld\u0131.<br \/>\nAyr\u0131ca olaya kar\u0131\u015fan ki\u015filerin 36 yak\u0131n\u0131 da s\u0131n\u0131r d\u0131\u015f\u0131 edilmek \u00fczere G\u00f6\u00e7 \u0130daresine teslim edildi.<\/p>\n","protected":false},"excerpt":{"rendered":"<p>Mersin&#8217;de Suriyeliler ile bir vatanda\u015f aras\u0131nda \u00e7\u0131kan ve 1 ki\u015finin \u00f6l\u00fcm\u00fcyle sonu\u00e7lanan b\u0131\u00e7akl\u0131 kavgan\u0131n ard\u0131ndan 5 Suriyeli tutukland\u0131.Ayr\u0131ca olaya kar\u0131\u015fan ki\u015filerin 36 yak\u0131n\u0131 da s\u0131n\u0131r d\u0131\u015f\u0131 edilmek \u00fczere G\u00f6\u00e7 \u0130daresine &hellip; <a href=\"https:\/\/akdenizolaygazetesi.com\/?p=1173\" class=\"more-link\">Devam\u0131n\u0131 Oku&#8230;<\/a><\/p>\n","protected":false},"author":1,"featured_media":0,"comment_status":"open","ping_status":"open","sticky":false,"template":"","format":"standard","meta":[],"categories":[],"tags":[],"_links":{"self":[{"href":"https:\/\/akdenizolaygazetesi.com\/index.php?rest_route=\/wp\/v2\/posts\/1173"}],"collection":[{"href":"https:\/\/akdenizolaygazetesi.com\/index.php?rest_route=\/wp\/v2\/posts"}],"about":[{"href":"https:\/\/akdenizolaygazetesi.com\/index.php?rest_route=\/wp\/v2\/types\/post"}],"author":[{"embeddable":true,"href":"https:\/\/akdenizolaygazetesi.com\/index.php?rest_route=\/wp\/v2\/users\/1"}],"replies":[{"embeddable":true,"href":"https:\/\/akdenizolaygazetesi.com\/index.php?rest_route=%2Fwp%2Fv2%2Fcomments&post=1173"}],"version-history":[{"count":0,"href":"https:\/\/akdenizolaygazetesi.com\/index.php?rest_route=\/wp\/v2\/posts\/1173\/revisions"}],"wp:attachment":[{"href":"https:\/\/akdenizolaygazetesi.com\/index.php?rest_route=%2Fwp%2Fv2%2Fmedia&parent=1173"}],"wp:term":[{"taxonomy":"category","embeddable":true,"href":"https:\/\/akdenizolaygazetesi.com\/index.php?rest_route=%2Fwp%2Fv2%2Fcategories&post=1173"},{"taxonomy":"post_tag","embeddable":true,"href":"https:\/\/akdenizolaygazetesi.com\/index.php?rest_route=%2Fwp%2Fv2%2Ftags&post=1173"}],"curies":[{"name":"wp","href":"https:\/\/api.w.org\/{rel}","templated":true}]}}