{"id":11734,"date":"2021-04-07T11:49:28","date_gmt":"2021-04-07T08:49:28","guid":{"rendered":"http:\/\/akdenizolaygazetesi.com\/?p=11734"},"modified":"2021-04-07T11:50:04","modified_gmt":"2021-04-07T08:50:04","slug":"3-bin-tane-terorist-sifatiyla-yargilanan-hakim-cikti","status":"publish","type":"post","link":"https:\/\/akdenizolaygazetesi.com\/?p=11734","title":{"rendered":"&#8216;3 Bin Tane Ter\u00f6rist S\u0131fat\u0131yla Yarg\u0131lanan Hakim \u00c7\u0131kt\u0131&#8217;"},"content":{"rendered":"<p>CHP Mersin Milletvekili ve Anayasa Komisyonu \u00dcyesi Av. Ali Mahir Ba\u015far\u0131r TBMM Genel Kurulu\u2019nda G\u00fcvenlik Soru\u015fturmas\u0131 ve Ar\u015fiv Ara\u015ft\u0131rmas\u0131 Kanunu \u00fczerinde konu\u015fma yapt\u0131.<\/p>\n<p>Bu Ki\u015finin Ad\u0131 Mustafa \u015eentop<\/p>\n<p>Konu\u015fmas\u0131na Meclis Ba\u015fkan\u0131 Mustafa \u015eentop\u2019un akademik ge\u00e7mi\u015fine de\u011finerek ba\u015flayan CHP\u2019li Ba\u015far\u0131r; \u201cBurada bir hik\u00e2ye anlatmak istiyorum. 1990\u2019lar\u0131n ba\u015f\u0131. Fak\u00fclteyi bitiren gen\u00e7 bir hukuk\u00e7u, Erzincan Hukuk Fak\u00fcltesi\u2019ne asistan olarak ba\u015fvuru yapar. S\u0131navlar\u0131 ge\u00e7er, prosed\u00fcrleri yerine getirir fakat g\u00fcvenlik soru\u015fturmas\u0131na tak\u0131l\u0131r. Sonras\u0131nda Marmara \u00dcniversitesi\u2019ne ba\u015fvurur, oray\u0131 kazan\u0131r. Doktoras\u0131n\u0131 yapar, do\u00e7ent olur, profes\u00f6r olur, milletvekili olur, Meclis ba\u015fkan\u0131 olur. Bu ki\u015finin ad\u0131 Mustafa \u015eentop. Ben b\u00f6yle bir haks\u0131zl\u0131\u011fa u\u011fram\u0131\u015f bir ki\u015finin; Meclis Ba\u015fkan\u0131\u2019n\u0131n Anayasaya ayk\u0131r\u0131, Anayasa Mahkemesi\u2019nin iptal etti\u011fi ve ge\u00e7en hafta bu Meclis\u2019ten d\u00f6nen yasay\u0131 getirirken benim y\u00fcz\u00fcm k\u0131zar\u0131r.\u201d dedi.<\/p>\n<p>3 Bin Tane Ter\u00f6rist S\u0131fat\u0131yla Yarg\u0131lanan Hakim \u00c7\u0131kt\u0131<\/p>\n<p>Bu g\u00fcvenlik soru\u015fturmas\u0131 ve ar\u015fiv ara\u015ft\u0131rmas\u0131ndan Ba\u015fbakanl\u0131k yapm\u0131\u015f Binali Y\u0131ld\u0131r\u0131m da ma\u011fdur oldu\u011funu belirten CHP\u2019li Ba\u015far\u0131r; \u201cGrup Ba\u015fkanvekilimiz Engin Altay be\u015f y\u0131l atanmam\u0131\u015f ama bug\u00fcn daha beterini getiriyorsunuz. 19 y\u0131ll\u0131k AKP iktidar\u0131nda bu g\u00fcvenlik soru\u015fturmas\u0131ndan ne \u00e7\u0131kt\u0131?  3 bin tane ter\u00f6rist s\u0131fat\u0131yla yarg\u0131lanan hakim \u00e7\u0131kt\u0131. Binlerce bug\u00fcn ayn\u0131 s\u0131fatla yarg\u0131lanan memur \u00e7\u0131kt\u0131. Siz liyakat, bilgi, birikim, vatan sevgisi gibi kavramlar\u0131 ar\u0131yor musunuz? Hay\u0131r.\u201d s\u00f6zlerini dile getirdi.<\/p>\n<p>Bakanl\u0131klar\u0131 Cemaatlere, Vak\u0131flara, Derneklere Teslim Ettiniz<\/p>\n<p>Bakanl\u0131klar\u0131n Cemaat ve Vak\u0131flara teslim edildi\u011fini ifade eden CHP Milletvekili Ba\u015far\u0131r; \u201cBakanl\u0131klara bak\u0131yorum; Sa\u011fl\u0131k Bakanl\u0131\u011f\u0131\u2019na personel al\u0131m\u0131 i\u00e7in Menzil Tarikat\u0131 liste veriyor, Adalet Bakanl\u0131\u011f\u0131\u2019na \u0130skenderpa\u015fa Cemaati blok liste veriyor, di\u011fer bakanl\u0131klara bak\u0131yoruz; onlar da cemaatlere teslim edilmi\u015f. Peki, iyi e\u011fitim alm\u0131\u015f gen\u00e7ler, ger\u00e7ekten bu \u00fclkeyi seven gen\u00e7ler atan\u0131yor mu? Hay\u0131r. Ger\u00e7ekten bu \u00fclkeyi, vatan\u0131 sevseniz, bu \u00fclkede g\u00f6reve gelecek milyonlarca p\u0131r\u0131l p\u0131r\u0131l gen\u00e7 var. Ama onlara lay\u0131k g\u00f6rm\u00fcyorsunuz\u201d dedi.<\/p>\n<p>Ayn\u0131 Anlay\u0131\u015f Vah\u015fi Bir \u015eekilde Devam Ediyor<\/p>\n<p>Bu kanun teklifinin, devleti daha \u00e7ok geriye g\u00f6t\u00fcrece\u011fini belirten CHP\u2019li Ba\u015far\u0131r: \u2018\u2019Sizin i\u00e7in \u00fc\u00e7 tane kavram var: Birincisi, partili olacak. \u0130kincisi, aile soya\u011fac\u0131 \u00e7ok \u00f6nemli. \u00dc\u00e7\u00fcnc\u00fcs\u00fc ise cemaatlerin verdi\u011fi liste. Bu anlay\u0131\u015f olmaz! \u00dclkesini sevenleri at\u0131yoruz deseniz de 15 Temmuz\u2019da g\u00f6rd\u00fck bu \u00fclkesini sevenleri\u2026 Atad\u0131\u011f\u0131n\u0131z polisleri, hakimleri g\u00f6rd\u00fck. Bu Meclis\u2019i bombalad\u0131lar. Ayn\u0131 anlay\u0131\u015f devam etmekte, daha vah\u015fi bir \u015fekilde devam etmekte.  Biz size \u0131srarla, 2009\u2019dan beri s\u00f6yledik. Burada, rahmetli Kamer Gen\u00e7 konu\u015ftu\u011funda sald\u0131rd\u0131n\u0131z. Bu kanun teklifi, devleti \u00e7ok daha fazla geriye g\u00f6t\u00fcrecek. Bu kanun teklifi; Anayasan\u0131n en az 8 maddesine ayk\u0131r\u0131, Anayasa Mahkemesi, bu Kanun\u2019u iptal etmi\u015f. Bu \u0131srar neden? Soru\u015fturmaya ve ara\u015ft\u0131rmaya bir k\u0131stas koyars\u0131n\u0131z anlar\u0131m ama siz, yedi ceddini ara\u015ft\u0131r\u0131yorsunuz. \u2018\u2019 s\u00f6zlerine yer verdi.<\/p>\n<p>Arka Bah\u00e7enizdeki Avukatlar\u0131n\u0131z\u0131 Hakim Yap\u0131yorsunuz<\/p>\n<p>Devlet atamalar\u0131nda muhalefetin ya\u015fad\u0131\u011f\u0131 s\u0131k\u0131nt\u0131lara de\u011finen CHP\u2019li Ba\u015far\u0131r: \u2018\u2019Muhalefet partisinin \u00fcyeleri, \u00e7ocuklar\u0131n\u0131n kamuda i\u015fe girebilmeleri i\u00e7in partilerinden istifa etmek zorunda kal\u0131yor. Bu insanlar, o\u011flu-ye\u011feni i\u00e7in istifa ediyor. Neden ediyor biliyor musunuz? O\u011flu hakim olacak, ye\u011feni asker olacak. Muhalefet partisine \u00fcye oldu\u011fu i\u00e7in istifa etmek zorunda hissediyor kendini. Ama siz partinizin arka bah\u00e7esindeki Gen\u00e7lik Kollar\u0131 ve Kad\u0131n Kollar\u0131 \u00fcyesi olan avukatlar\u0131n\u0131z\u0131, hakim yap\u0131yorsunuz.\u2019\u2019 ifadelerini kulland\u0131.<\/p>\n<p>Mehmet Mo\u011fultay\u2019\u0131n, Seyfi Oktay\u2019\u0131n \u00c7\u0131ra\u011f\u0131 Olmak, FET\u00d6\u2019 n\u00fcn U\u015fa\u011f\u0131 Olmaktan \u00c7ok Daha \u0130yidir<\/p>\n<p>CHP\u2019li Ba\u015far\u0131r, konu\u015fmas\u0131na \u015fu s\u00f6zlerle son verdi: \u2018\u2019Bir CV\u2019ye bak\u0131yorsunuz; en az \u00fc\u00e7 dil biliyor, iyi bir okulu bitirmi\u015f, p\u0131r\u0131l p\u0131r\u0131l bir gen\u00e7, ter\u00f6rle ba\u011flant\u0131s\u0131 yok, s\u0131navdan \u00e7ok y\u00fcksek puan alm\u0131\u015f ama kamuda i\u015fe giremiyor. Bu konularla ilgili \u00e7ok \u00f6rnek var; Sulh Ceza Hakimliklerine, Asli Ceza Hakimliklerine bak\u0131n.  \u00d6zellikle atanan hakim ve savc\u0131lara bak\u0131n! Ben bunu komisyonda s\u00f6yledi\u011fim zaman, dediniz ki; Mehmet Mo\u011fultay, Seyfi Oktay da hakim alm\u0131\u015ft\u0131 ama onlar\u0131n ald\u0131\u011f\u0131 hi\u00e7bir hakim bu Meclis\u2019i bombalamad\u0131. Bana dediniz ki; \u2018Sen Bakan\u2019\u0131n \u00e7\u0131ra\u011f\u0131s\u0131n.\u2019  Buradan a\u00e7\u0131k\u00e7a s\u00f6yleyeyim: Mehmet Mo\u011fultay\u2019\u0131n, Seyfi Oktay\u2019\u0131n \u00e7\u0131ra\u011f\u0131 olmak, FET\u00d6\u2019 n\u00fcn u\u015fa\u011f\u0131 olmaktan \u00e7ok daha iyidir.\u2019\u2019<\/p>\n","protected":false},"excerpt":{"rendered":"<p>CHP Mersin Milletvekili ve Anayasa Komisyonu \u00dcyesi Av. Ali Mahir Ba\u015far\u0131r TBMM Genel Kurulu\u2019nda G\u00fcvenlik Soru\u015fturmas\u0131 ve Ar\u015fiv Ara\u015ft\u0131rmas\u0131 Kanunu \u00fczerinde konu\u015fma yapt\u0131. Bu Ki\u015finin Ad\u0131 Mustafa \u015eentop Konu\u015fmas\u0131na Meclis &hellip; <a href=\"https:\/\/akdenizolaygazetesi.com\/?p=11734\" class=\"more-link\">Devam\u0131n\u0131 Oku&#8230;<\/a><\/p>\n","protected":false},"author":2,"featured_media":11736,"comment_status":"open","ping_status":"open","sticky":false,"template":"","format":"standard","meta":[],"categories":[34,1,2,3,6],"tags":[],"_links":{"self":[{"href":"https:\/\/akdenizolaygazetesi.com\/index.php?rest_route=\/wp\/v2\/posts\/11734"}],"collection":[{"href":"https:\/\/akdenizolaygazetesi.com\/index.php?rest_route=\/wp\/v2\/posts"}],"about":[{"href":"https:\/\/akdenizolaygazetesi.com\/index.php?rest_route=\/wp\/v2\/types\/post"}],"author":[{"embeddable":true,"href":"https:\/\/akdenizolaygazetesi.com\/index.php?rest_route=\/wp\/v2\/users\/2"}],"replies":[{"embeddable":true,"href":"https:\/\/akdenizolaygazetesi.com\/index.php?rest_route=%2Fwp%2Fv2%2Fcomments&post=11734"}],"version-history":[{"count":2,"href":"https:\/\/akdenizolaygazetesi.com\/index.php?rest_route=\/wp\/v2\/posts\/11734\/revisions"}],"predecessor-version":[{"id":11737,"href":"https:\/\/akdenizolaygazetesi.com\/index.php?rest_route=\/wp\/v2\/posts\/11734\/revisions\/11737"}],"wp:featuredmedia":[{"embeddable":true,"href":"https:\/\/akdenizolaygazetesi.com\/index.php?rest_route=\/wp\/v2\/media\/11736"}],"wp:attachment":[{"href":"https:\/\/akdenizolaygazetesi.com\/index.php?rest_route=%2Fwp%2Fv2%2Fmedia&parent=11734"}],"wp:term":[{"taxonomy":"category","embeddable":true,"href":"https:\/\/akdenizolaygazetesi.com\/index.php?rest_route=%2Fwp%2Fv2%2Fcategories&post=11734"},{"taxonomy":"post_tag","embeddable":true,"href":"https:\/\/akdenizolaygazetesi.com\/index.php?rest_route=%2Fwp%2Fv2%2Ftags&post=11734"}],"curies":[{"name":"wp","href":"https:\/\/api.w.org\/{rel}","templated":true}]}}