{"id":11738,"date":"2021-04-07T11:51:49","date_gmt":"2021-04-07T08:51:49","guid":{"rendered":"http:\/\/akdenizolaygazetesi.com\/?p=11738"},"modified":"2021-04-07T11:52:25","modified_gmt":"2021-04-07T08:52:25","slug":"3-ocak-2022de-mersinin-kurtulusu-100-yil-donumune-yarasir-sekilde-kutlanacak","status":"publish","type":"post","link":"https:\/\/akdenizolaygazetesi.com\/?p=11738","title":{"rendered":"3 OCAK 2022\u2019DE MERS\u0130N\u2019\u0130N KURTULU\u015eU 100. YIL D\u00d6N\u00dcM\u00dcNE YARA\u015eIR \u015eEK\u0130LDE KUTLANACAK"},"content":{"rendered":"<p>Mersin B\u00fcy\u00fck\u015fehir Belediyesi ve Mersin Kent Konseyi i\u015f birli\u011finde \u201cMersin\u2019in Kurtulu\u015fu\u2019nun 100. Y\u0131l\u0131 Kutlama \u00c7al\u0131\u015ftay\u0131\u201d d\u00fczenlendi. Pandemi ko\u015fullar\u0131na uygun \u015fekilde d\u00fczenlenen \u00e7al\u0131\u015ftayda, 3 Ocak 2022\u2019de Mersin\u2019in Kurtulu\u015fu\u2019nun 100. y\u0131l\u0131na \u00f6zel yap\u0131lacak etkinlik program\u0131n\u0131n olu\u015fturulmas\u0131 ve ayr\u0131nt\u0131lar\u0131n\u0131n belirlenmesi i\u00e7in tan\u0131t\u0131mlar yap\u0131ld\u0131.<\/p>\n<p>\u00d6zg\u00fcrl\u00fck m\u00fccadelelerinde 100. y\u0131l\u0131n \u00f6nemli bir sembol oldu\u011fu belirtilen \u00e7al\u0131\u015ftayda, Mersin B\u00fcy\u00fck\u015fehir Belediyesi\u2019nin \u00f6nc\u00fcl\u00fc\u011f\u00fcnde yap\u0131lacak program ve etkinliklerin her y\u0131ldan daha yayg\u0131n, daha ak\u0131lda kal\u0131c\u0131 ve bu u\u011furda can veren aziz \u015fehitlerin an\u0131s\u0131na yak\u0131\u015f\u0131r olmas\u0131 gerekti\u011finin vurgusu yap\u0131ld\u0131.<\/p>\n<p>\u201cHer \u00e7eyrek, yar\u0131m ve tam as\u0131r zaman dilimlerinde kutlanan her \u015fey \u00f6nemlidir\u201d<\/p>\n<p>Mersin Kent Konseyi Ba\u015fkan\u0131 Faik Burakgazi, 3 Ocak 2022\u2019de 100. y\u0131l d\u00f6n\u00fcme yara\u015f\u0131r bir kutlama yap\u0131laca\u011f\u0131n\u0131 ifade ederek, \u015funlar\u0131 s\u00f6yledi:<\/p>\n<p>\u201cMersin\u2019in Kurtulu\u015fu\u2019nun 100. y\u0131l\u0131 3 Ocak 2022 y\u0131l\u0131nda kutlanacak. Her \u00e7eyrek, yar\u0131m ve tam as\u0131r zaman dilimlerinde kutlanan her \u015fey \u00f6nemlidir. Hele bir de kazan\u0131lm\u0131\u015f \u00f6zg\u00fcrl\u00fck m\u00fccadelesi ise e\u011fer kazand\u0131\u011f\u0131n\u0131z\u0131n payla\u015f\u0131lmas\u0131 ve bu heyecan\u0131 yeniden ya\u015famak, yeni nesillere aktarmak, bunu zihinlerde iz b\u0131rakacak \u015fekilde kutlamak ba\u015fl\u0131ca bir g\u00f6rev olur.  Onun i\u00e7in biz de Mersin B\u00fcy\u00fck\u015fehir Belediyemiz\u2019in \u00f6nderli\u011finde Mersin\u2019in Kurtulu\u015fu\u2019nun 100. y\u0131l\u0131n\u0131 g\u00f6rkemli bir \u015fekilde, ak\u0131lda kalacak bir \u015fekilde ayr\u0131nt\u0131lar\u0131n\u0131 da planlayarak kutlamak istedik. Bunun haz\u0131rl\u0131klar\u0131n\u0131 yap\u0131yoruz \u015fu anda. Hepiniz tarihe tan\u0131kl\u0131k etmek \u00fczere buradas\u0131n\u0131z. Ve belki de bu yeni \u00e7al\u0131\u015fmalar\u0131n ba\u015flang\u0131c\u0131 olacak.\u201d<\/p>\n","protected":false},"excerpt":{"rendered":"<p>Mersin B\u00fcy\u00fck\u015fehir Belediyesi ve Mersin Kent Konseyi i\u015f birli\u011finde \u201cMersin\u2019in Kurtulu\u015fu\u2019nun 100. Y\u0131l\u0131 Kutlama \u00c7al\u0131\u015ftay\u0131\u201d d\u00fczenlendi. Pandemi ko\u015fullar\u0131na uygun \u015fekilde d\u00fczenlenen \u00e7al\u0131\u015ftayda, 3 Ocak 2022\u2019de Mersin\u2019in Kurtulu\u015fu\u2019nun 100. y\u0131l\u0131na \u00f6zel &hellip; <a href=\"https:\/\/akdenizolaygazetesi.com\/?p=11738\" class=\"more-link\">Devam\u0131n\u0131 Oku&#8230;<\/a><\/p>\n","protected":false},"author":2,"featured_media":11740,"comment_status":"open","ping_status":"open","sticky":false,"template":"","format":"standard","meta":[],"categories":[34,1,2,3,5],"tags":[],"_links":{"self":[{"href":"https:\/\/akdenizolaygazetesi.com\/index.php?rest_route=\/wp\/v2\/posts\/11738"}],"collection":[{"href":"https:\/\/akdenizolaygazetesi.com\/index.php?rest_route=\/wp\/v2\/posts"}],"about":[{"href":"https:\/\/akdenizolaygazetesi.com\/index.php?rest_route=\/wp\/v2\/types\/post"}],"author":[{"embeddable":true,"href":"https:\/\/akdenizolaygazetesi.com\/index.php?rest_route=\/wp\/v2\/users\/2"}],"replies":[{"embeddable":true,"href":"https:\/\/akdenizolaygazetesi.com\/index.php?rest_route=%2Fwp%2Fv2%2Fcomments&post=11738"}],"version-history":[{"count":1,"href":"https:\/\/akdenizolaygazetesi.com\/index.php?rest_route=\/wp\/v2\/posts\/11738\/revisions"}],"predecessor-version":[{"id":11739,"href":"https:\/\/akdenizolaygazetesi.com\/index.php?rest_route=\/wp\/v2\/posts\/11738\/revisions\/11739"}],"wp:featuredmedia":[{"embeddable":true,"href":"https:\/\/akdenizolaygazetesi.com\/index.php?rest_route=\/wp\/v2\/media\/11740"}],"wp:attachment":[{"href":"https:\/\/akdenizolaygazetesi.com\/index.php?rest_route=%2Fwp%2Fv2%2Fmedia&parent=11738"}],"wp:term":[{"taxonomy":"category","embeddable":true,"href":"https:\/\/akdenizolaygazetesi.com\/index.php?rest_route=%2Fwp%2Fv2%2Fcategories&post=11738"},{"taxonomy":"post_tag","embeddable":true,"href":"https:\/\/akdenizolaygazetesi.com\/index.php?rest_route=%2Fwp%2Fv2%2Ftags&post=11738"}],"curies":[{"name":"wp","href":"https:\/\/api.w.org\/{rel}","templated":true}]}}