{"id":11744,"date":"2021-04-07T11:55:14","date_gmt":"2021-04-07T08:55:14","guid":{"rendered":"http:\/\/akdenizolaygazetesi.com\/?p=11744"},"modified":"2021-04-07T11:55:50","modified_gmt":"2021-04-07T08:55:50","slug":"hem-rehberlik-ve-psikolojik-destek-hem-de-sosyal-etkinlik-bu-merkezde","status":"publish","type":"post","link":"https:\/\/akdenizolaygazetesi.com\/?p=11744","title":{"rendered":"HEM REHBERL\u0130K VE PS\u0130KOLOJ\u0130K DESTEK HEM DE SOSYAL ETK\u0130NL\u0130K BU MERKEZDE"},"content":{"rendered":"<p>Mersin B\u00fcy\u00fck\u015fehir Belediyesi Sosyal Hizmetler Dairesi\u2019nin \u00f6\u011frencilere y\u00f6nelik rehberlik ve psikolojik destek hizmeti verecek olan \u201cMerci \u00d6\u011frenci Dan\u0131\u015fma Merkezi\u201d hizmet vermeye ba\u015flad\u0131. Pandemi nedeniyle bir s\u00fcredir g\u00f6r\u00fc\u015fmeleri online s\u00fcrd\u00fcren merkez, sosyal mesafe kurallar\u0131na azami \u00f6zen g\u00f6sterilerek y\u00fcz y\u00fcze g\u00f6r\u00fc\u015fmeleri de kabul ediyor. Merkez, e\u011fitime y\u00f6nelik geli\u015ftirdi\u011fi \u00e7ok kapsaml\u0131 hizmet i\u00e7eri\u011fi ile t\u00fcm Mersinli \u00f6\u011frencilerin yan\u0131nda olacak.<\/p>\n<p>Rehberlik ve psikolojik destek hizmeti de sosyal aktivite at\u00f6lyeleri de var<\/p>\n<p>Yeni\u015fehir il\u00e7esinde yer alan Merci \u00d6\u011frenci Dan\u0131\u015fma Merkezi\u2019nde \u00f6\u011frenciler sadece psikolojik ve rehberlik dan\u0131\u015fmanl\u0131k deste\u011fi almayacak. Merkezde \u00f6\u011frencilerin s\u0131nav kayg\u0131s\u0131n\u0131n bedensel etkilerini en aza indirmek i\u00e7in streslerini at\u0131p spor yapabilecekleri yoga ve pilates odalar\u0131 da bulunuyor. Bu noktalarda \u00f6\u011frencilerin aileleri de yoga ve pilatese dahil olabilecek. Bu hizmetlerin yan\u0131 s\u0131ra s\u0131nav kayg\u0131s\u0131n\u0131 hafifletmek i\u00e7in ince motor becerilerini kullanmay\u0131 art\u0131racak sosyal etkinlik at\u00f6lyeleri de bulunuyor. Pandemi dolay\u0131s\u0131yla etkinliklerin s\u0131n\u0131rl\u0131 d\u00fczeyde, sosyal mesafe ve hijyen kurallar\u0131 \u00e7er\u00e7evesinde yap\u0131ld\u0131\u011f\u0131 at\u00f6lyelerin kapsam\u0131 ilerleyen zamanlarda geni\u015fletilecek.<\/p>\n<p>B\u00fcy\u00fck\u015fehir Belediyesi Sosyal Hizmetler Dairesi Ba\u015fkanl\u0131\u011f\u0131\u2019nda g\u00f6revli psikolog ve Merci \u00d6\u011frenci Dan\u0131\u015fma Merkezi sorumlusu Mustafa Tepretmez, merkezin pandemi d\u00f6neminden gelecek kayg\u0131s\u0131 ile en fazla etkilenen grup olan \u00f6\u011frencilere destek vermek i\u00e7in a\u00e7\u0131ld\u0131\u011f\u0131n\u0131 vurgulad\u0131. Tepretmez, \u201cZaten E\u011fitim \u00d6\u011fretimi Destekleme Kurs Merkezlerimizde derslerimiz, programlar\u0131m\u0131z oldu\u011fu i\u00e7in bir de bu i\u015fin motivasyonel ve psikolojik dan\u0131\u015fmanl\u0131\u011f\u0131n\u0131 yapal\u0131m dedik\u201d dedi.<\/p>\n<p>\u201cHer \u00f6\u011frenciye kap\u0131m\u0131z a\u00e7\u0131k\u201d<\/p>\n<p>Merkezin verdi\u011fi hizmetleri s\u0131ralayan Tepretmez, motivasyonel olarak psikolojik destek verdiklerini ifade ederek, \u201cBireysel terapiler, e\u011fitimsel rehberlik, kariyer planlamas\u0131, meslek se\u00e7imi ve bunlar\u0131n yan\u0131 s\u0131ra pilates, yoga gibi etkinliklerimiz de var. Merkezimizden Mersin\u2019de ya\u015fayan t\u00fcm \u00f6\u011frenciler, s\u0131nav adaylar\u0131 yararlanabilir. \u00d6rne\u011fin ALES\u2019e haz\u0131rlanan \u00f6\u011frenci de gelip bizden istedi\u011fi gibi destek alabilir. E\u011fitimle u\u011fra\u015fan, s\u0131nava giren ya da bu kayg\u0131lar\u0131 ya\u015fayan herkese kap\u0131m\u0131z a\u00e7\u0131k\u201d dedi.<\/p>\n<p>Online g\u00f6r\u00fc\u015fmelerde y\u00fcksek bir kitleye ula\u015ft\u0131klar\u0131n\u0131 belirten Mustafa Tepretmez, Avrupa Birli\u011fi\u2019nin online g\u00f6r\u00fc\u015fmelerle ilgili yapt\u0131\u011f\u0131 memnuniyet anketinden % 98 memnuniyet seviyesi sonucunun \u00e7\u0131kt\u0131\u011f\u0131n\u0131 ifade ederek, kat\u0131l\u0131mc\u0131lar\u0131n Merci \u00d6\u011frenci Dan\u0131\u015fma Merkezi\u2019nden memnun oldu\u011funun alt\u0131n\u0131 \u00e7izdi.<\/p>\n<p>\u201cHaftal\u0131k ve ayl\u0131k \u00e7al\u0131\u015fma planlar\u0131 d\u00fczenliyoruz\u201d<\/p>\n<p>Merci \u00d6\u011frenci Dan\u0131\u015fma Merkezi\u2019nde Rehber \u00d6\u011fretmen olarak g\u00f6rev yapan Canan Serin, her \u00f6\u011frenciye farkl\u0131 bir \u00e7al\u0131\u015fma program\u0131 d\u00fczenlediklerini belirterek, \u201c\u00d6\u011frencilerimizle birlikte deneme s\u0131nav\u0131 analiz sonu\u00e7lar\u0131 \u00e7\u0131kar\u0131yoruz. O sonu\u00e7larda hangi konularda hangi eksikleri varsa her \u00f6\u011frencimize farkl\u0131 haftal\u0131k ve ayl\u0131k \u00e7al\u0131\u015fma planlar\u0131 d\u00fczenliyoruz. Baz\u0131 \u00f6\u011frencilerimize haftal\u0131k yap\u0131yoruz \u00e7\u00fcnk\u00fc takip sistemi oldu\u011fu s\u00fcrece \u00f6\u011frencinin motivasyonu art\u0131yor. Haftal\u0131k deneme baz\u0131nda netlerinin y\u00fckselip y\u00fckselmedi\u011fini g\u00f6rd\u00fc\u011f\u00fcm\u00fczde \u00f6\u011frenci aktif bir \u015fekilde devam ediyor\u201d dedi.<\/p>\n<p>\u201c\u00d6\u011frencilerin ya\u015fad\u0131klar\u0131 zorluklar\u0131 belirlemek i\u00e7in buraday\u0131z\u201d<\/p>\n<p>\u00d6\u011frenci Dan\u0131\u015fma Merkezi\u2019nde g\u00f6rev yapan Uzman Klinik Psikolog Asena Akat\u00fcrk ise \u201cT\u00fcm ya\u015f gruplar\u0131ndaki \u00f6\u011frencilerin akademik hayatlar\u0131nda ya\u015fad\u0131klar\u0131 zorluklar\u0131 belirlemek ve ki\u015fisel s\u00fcre\u00e7lerinde ya\u015fad\u0131klar\u0131 zorluklara destek olmak i\u00e7in buraday\u0131z. Pandemi s\u00fcreciyle beraber \u00f6\u011frencilerimizde artan kayg\u0131 bozukluklar\u0131; s\u0131nav kayg\u0131s\u0131 ve gelecek kayg\u0131s\u0131 a\u011f\u0131rl\u0131kl\u0131 olmak \u00fczere; onun d\u0131\u015f\u0131nda dikkat eksikli\u011fi problemleri de g\u00f6zl\u00fcyoruz. Bunlara y\u00f6nelik \u00e7al\u0131\u015fmalar\u0131m\u0131z devam ediyor\u201d dedi.<\/p>\n<p>\u00d6\u011frenciler nas\u0131l ba\u015fvurabilecek?<\/p>\n<p>Ki\u015fiye uygun randevu saatlerinin ayarland\u0131\u011f\u0131 merkezden \u00f6\u011frenciler https:\/\/mersin.bel.tr\/ogrenci-danismanlik-merkezi&#8212;merci adresinde bulunan Merci \u00d6\u011frenci Dan\u0131\u015fma Merkezi Online Ba\u015fvuru Formu\u2019nu doldurarak veya merkezin 0324 616 04 01 hatl\u0131 numaras\u0131n\u0131 arayarak randevu olu\u015fturabilecek. Merci \u00d6\u011frenci Dan\u0131\u015fma Merkezi hafta i\u00e7i her g\u00fcn saat 09.00-18.00 saatleri aras\u0131nda hizmet veriyor.<\/p>\n","protected":false},"excerpt":{"rendered":"<p>Mersin B\u00fcy\u00fck\u015fehir Belediyesi Sosyal Hizmetler Dairesi\u2019nin \u00f6\u011frencilere y\u00f6nelik rehberlik ve psikolojik destek hizmeti verecek olan \u201cMerci \u00d6\u011frenci Dan\u0131\u015fma Merkezi\u201d hizmet vermeye ba\u015flad\u0131. Pandemi nedeniyle bir s\u00fcredir g\u00f6r\u00fc\u015fmeleri online s\u00fcrd\u00fcren merkez, &hellip; <a href=\"https:\/\/akdenizolaygazetesi.com\/?p=11744\" class=\"more-link\">Devam\u0131n\u0131 Oku&#8230;<\/a><\/p>\n","protected":false},"author":2,"featured_media":11746,"comment_status":"open","ping_status":"open","sticky":false,"template":"","format":"standard","meta":[],"categories":[34,1,2,3,5],"tags":[],"_links":{"self":[{"href":"https:\/\/akdenizolaygazetesi.com\/index.php?rest_route=\/wp\/v2\/posts\/11744"}],"collection":[{"href":"https:\/\/akdenizolaygazetesi.com\/index.php?rest_route=\/wp\/v2\/posts"}],"about":[{"href":"https:\/\/akdenizolaygazetesi.com\/index.php?rest_route=\/wp\/v2\/types\/post"}],"author":[{"embeddable":true,"href":"https:\/\/akdenizolaygazetesi.com\/index.php?rest_route=\/wp\/v2\/users\/2"}],"replies":[{"embeddable":true,"href":"https:\/\/akdenizolaygazetesi.com\/index.php?rest_route=%2Fwp%2Fv2%2Fcomments&post=11744"}],"version-history":[{"count":2,"href":"https:\/\/akdenizolaygazetesi.com\/index.php?rest_route=\/wp\/v2\/posts\/11744\/revisions"}],"predecessor-version":[{"id":11747,"href":"https:\/\/akdenizolaygazetesi.com\/index.php?rest_route=\/wp\/v2\/posts\/11744\/revisions\/11747"}],"wp:featuredmedia":[{"embeddable":true,"href":"https:\/\/akdenizolaygazetesi.com\/index.php?rest_route=\/wp\/v2\/media\/11746"}],"wp:attachment":[{"href":"https:\/\/akdenizolaygazetesi.com\/index.php?rest_route=%2Fwp%2Fv2%2Fmedia&parent=11744"}],"wp:term":[{"taxonomy":"category","embeddable":true,"href":"https:\/\/akdenizolaygazetesi.com\/index.php?rest_route=%2Fwp%2Fv2%2Fcategories&post=11744"},{"taxonomy":"post_tag","embeddable":true,"href":"https:\/\/akdenizolaygazetesi.com\/index.php?rest_route=%2Fwp%2Fv2%2Ftags&post=11744"}],"curies":[{"name":"wp","href":"https:\/\/api.w.org\/{rel}","templated":true}]}}