{"id":11748,"date":"2021-04-07T11:58:02","date_gmt":"2021-04-07T08:58:02","guid":{"rendered":"http:\/\/akdenizolaygazetesi.com\/?p=11748"},"modified":"2021-04-07T11:58:36","modified_gmt":"2021-04-07T08:58:36","slug":"milyonluk-arabalara-binen-ve-yuzbinlerce-dolar-ve-avro-ile-video-ceken-hakan-tek-isimli-kisi-recep-tayyip-erdoganin-korumasi-midir","status":"publish","type":"post","link":"https:\/\/akdenizolaygazetesi.com\/?p=11748","title":{"rendered":"&#8216;Milyonluk arabalara binen ve y\u00fczbinlerce dolar ve Avro ile video \u00e7eken Hakan Tek isimli ki\u015fi Recep Tayyip Erdo\u011fan&#8217;\u0131n korumas\u0131 m\u0131d\u0131r?&#8217;"},"content":{"rendered":"<p>Milyonluk arac\u0131nda kokain \u00e7ekerken ki g\u00f6r\u00fcnt\u00fcleri ortaya \u00e7\u0131kan AKP Genel Merkez \u00c7al\u0131\u015fan\u0131 K\u00fcr\u015fat Ayvato\u011flu vakas\u0131 konu\u015fulmaya devam edilirken bu kez de AKP\u2019li Cumhurba\u015fkan\u0131 Recep Tayyip Erdo\u011fan&#8217;\u0131n korumas\u0131 oldu\u011fu iddia edilen Hakan Tek isimli ki\u015finin, l\u00fcks ara\u00e7larla ve deste deste paralarla yapt\u0131\u011f\u0131 payla\u015f\u0131mlar sosyal medyada g\u00fcndeme geldi. CHP konuyu Meclise ta\u015f\u0131d\u0131. Antmen \u201c\u0130\u015fsizlikten ve paras\u0131zl\u0131ktan her g\u00fcn bir vatanda\u015f\u0131n intihar etti\u011fi bir d\u00f6nemde bu \u015fatafatl\u0131 ve kayna\u011f\u0131 belirsiz paral\u0131 hayatlar vicdan\u0131n\u0131z\u0131 s\u0131zlatm\u0131yor mu?\u201d diye sordu.<\/p>\n<p>CHP Mersin Milletvekili Alpay Antmen, Cumhurba\u015fkan\u0131 Yard\u0131mc\u0131s\u0131 Fuat Oktay taraf\u0131ndan yan\u0131tlanmas\u0131 istemiyle verdi\u011fi soru \u00f6nergesinde Cumhurba\u015fkan\u0131 Recep Tayyip Erdo\u011fan&#8217;\u0131n korumas\u0131 oldu\u011fu iddia edilen Hakan Tek\u2019in, milyonluk l\u00fcks ara\u00e7larla ve deste deste dolar, avro ve T\u00fcrk Liras\u0131 ile sosyal medya hesaplar\u0131ndan payla\u015f\u0131mlar yapt\u0131\u011f\u0131n\u0131 belirterek \u201cHakan Tek isimli ki\u015finin Cumhurba\u015fkanl\u0131\u011f\u0131 Saray\u0131\u2019nda d\u00fczenlenen resepsiyonlarda \u0130\u00e7i\u015fleri Bakan\u0131 S\u00fcleyman Soylu, Mill\u00ee Savunma Bakan\u0131 Hulusi Akar ve Adalet ve Kalk\u0131nma Partisi Genel Ba\u015fkanvekili Binali Y\u0131ld\u0131r\u0131m ile \u00e7ektirdi\u011fi foto\u011fraflar\u0131 bulunmaktad\u0131r. Ge\u00e7ti\u011fimiz hafta AKP Genel Merkez \u00e7al\u0131\u015fan\u0131 K\u00fcr\u015fat Ayvato\u011flu\u2019nun, milyon liral\u0131k bir ara\u00e7ta uyu\u015fturucu \u00e7ekerken g\u00f6r\u00fcnt\u00fcleri ortaya \u00e7\u0131km\u0131\u015ft\u0131. \u0130ktidara yak\u0131n bu ve benzeri ki\u015fi ve \u00e7ok gen\u00e7 ya\u015ftaki gen\u00e7lerin l\u00fcks evlerde, milyonluk ara\u00e7larda ve deste deste d\u00f6viz ve T\u00fcrk liras\u0131 para ile yapt\u0131klar\u0131 payla\u015f\u0131mlar s\u0131k s\u0131k g\u00fcndeme gelmektedir\u201d dedi.<\/p>\n<p>Antmen\u2019in sorular\u0131 \u015fu \u015fekilde;<\/p>\n<p>&#8211; Milyonluk arabalara binen ve y\u00fczbinlerce dolar ve Avro ile video \u00e7eken Hakan Tek isimli ki\u015fi Recep Tayyip Erdo\u011fan&#8217;\u0131n korumas\u0131 m\u0131d\u0131r?<\/p>\n<p>&#8211; Bu ki\u015fi koruma ise bu kadar paray\u0131 nereden kazanm\u0131\u015ft\u0131r? Yahut bu paralar ba\u015fkalar\u0131n\u0131n m\u0131d\u0131r? \u00d6yleyse bunlar kimlerdir? Onlar bu paray\u0131 nas\u0131l kazanm\u0131\u015ft\u0131r? Daha ba\u015fka ka\u00e7 koruma b\u00f6yle zengin olmu\u015ftur?<\/p>\n<p>\u2013 Hakan Tek isimli ki\u015fi koruma de\u011filse; resmi koruma ara\u00e7lar\u0131nda ve Cumhurba\u015fkanl\u0131\u011f\u0131 resepsiyonlar\u0131nda ne i\u015fi vard\u0131r? \u00c7akarl\u0131 araca nas\u0131l sahip olmu\u015ftur? Polis bu ki\u015fi hakk\u0131nda neden i\u015flem yapmam\u0131\u015ft\u0131r? Bu ki\u015finin as\u0131l mesle\u011fi nedir? Milyonluk ara\u00e7lara binecek ve deste deste d\u00f6viz ve T\u00fcrk Liras\u0131 kazanacak hangi i\u015fi yapmaktad\u0131r?<\/p>\n<p>\u2013 \u0130ktidara yak\u0131n olan veya iktidar y\u00f6netiminde bir akrabas\u0131 bulunan baz\u0131 \u00e7ok gen\u00e7 ya\u015ftaki ki\u015finin milyonluk evlerde, milyonluk ara\u00e7larda, y\u00fczbinlerce liral\u0131k saatler ve deste deste paralarla g\u00f6r\u00fcnt\u00fclerinin \u00e7\u0131kmas\u0131 sizi rahats\u0131z etmiyor mu? Bu ki\u015filerin kazand\u0131klar\u0131 paralar\u0131n kayna\u011f\u0131n\u0131 hi\u00e7 sordunuz mu? \u0130\u015fsizlikten ve paras\u0131zl\u0131ktan her g\u00fcn bir vatanda\u015f\u0131n intihar etti\u011fi bir d\u00f6nemde bu \u015fatafatl\u0131 ve kayna\u011f\u0131 belirsiz paral\u0131 hayatlar vicdan\u0131n\u0131z\u0131 s\u0131zlatm\u0131yor mu?<\/p>\n<p>\u2013 G\u00f6r\u00fcnt\u00fcleri \u00e7\u0131kan bu tip ki\u015filerle ilgili ara\u015ft\u0131rma yap\u0131lm\u0131\u015f m\u0131d\u0131r? \u0130ktidar y\u00f6netiminde olan yak\u0131nlar\u0131 ve akrabalar\u0131na bu paralar\u0131n kayna\u011f\u0131 sorulmu\u015f mudur? Y\u00f6netimde bu ki\u015filerle ortak i\u015f yapan ve bunlar\u0131 koruyan ki\u015filer kimlerdir?<\/p>\n","protected":false},"excerpt":{"rendered":"<p>Milyonluk arac\u0131nda kokain \u00e7ekerken ki g\u00f6r\u00fcnt\u00fcleri ortaya \u00e7\u0131kan AKP Genel Merkez \u00c7al\u0131\u015fan\u0131 K\u00fcr\u015fat Ayvato\u011flu vakas\u0131 konu\u015fulmaya devam edilirken bu kez de AKP\u2019li Cumhurba\u015fkan\u0131 Recep Tayyip Erdo\u011fan&#8217;\u0131n korumas\u0131 oldu\u011fu iddia edilen &hellip; <a href=\"https:\/\/akdenizolaygazetesi.com\/?p=11748\" class=\"more-link\">Devam\u0131n\u0131 Oku&#8230;<\/a><\/p>\n","protected":false},"author":2,"featured_media":11750,"comment_status":"open","ping_status":"open","sticky":false,"template":"","format":"standard","meta":[],"categories":[34,1,2,3,6],"tags":[],"_links":{"self":[{"href":"https:\/\/akdenizolaygazetesi.com\/index.php?rest_route=\/wp\/v2\/posts\/11748"}],"collection":[{"href":"https:\/\/akdenizolaygazetesi.com\/index.php?rest_route=\/wp\/v2\/posts"}],"about":[{"href":"https:\/\/akdenizolaygazetesi.com\/index.php?rest_route=\/wp\/v2\/types\/post"}],"author":[{"embeddable":true,"href":"https:\/\/akdenizolaygazetesi.com\/index.php?rest_route=\/wp\/v2\/users\/2"}],"replies":[{"embeddable":true,"href":"https:\/\/akdenizolaygazetesi.com\/index.php?rest_route=%2Fwp%2Fv2%2Fcomments&post=11748"}],"version-history":[{"count":2,"href":"https:\/\/akdenizolaygazetesi.com\/index.php?rest_route=\/wp\/v2\/posts\/11748\/revisions"}],"predecessor-version":[{"id":11751,"href":"https:\/\/akdenizolaygazetesi.com\/index.php?rest_route=\/wp\/v2\/posts\/11748\/revisions\/11751"}],"wp:featuredmedia":[{"embeddable":true,"href":"https:\/\/akdenizolaygazetesi.com\/index.php?rest_route=\/wp\/v2\/media\/11750"}],"wp:attachment":[{"href":"https:\/\/akdenizolaygazetesi.com\/index.php?rest_route=%2Fwp%2Fv2%2Fmedia&parent=11748"}],"wp:term":[{"taxonomy":"category","embeddable":true,"href":"https:\/\/akdenizolaygazetesi.com\/index.php?rest_route=%2Fwp%2Fv2%2Fcategories&post=11748"},{"taxonomy":"post_tag","embeddable":true,"href":"https:\/\/akdenizolaygazetesi.com\/index.php?rest_route=%2Fwp%2Fv2%2Ftags&post=11748"}],"curies":[{"name":"wp","href":"https:\/\/api.w.org\/{rel}","templated":true}]}}