{"id":1175,"date":"2020-11-04T18:21:46","date_gmt":"2020-11-04T15:21:46","guid":{"rendered":"http:\/\/mersinekonomipolitikagazetesi.com\/?p=1175"},"modified":"2020-11-04T18:21:46","modified_gmt":"2020-11-04T15:21:46","slug":"jandarmadan-erdemlide-5-bin-kisiye-trafik-egitimi","status":"publish","type":"post","link":"https:\/\/akdenizolaygazetesi.com\/?p=1175","title":{"rendered":"Jandarmadan Erdemli&#8217;de 5 bin ki\u015fiye trafik e\u011fitimi"},"content":{"rendered":"<p>Erdemli \u0130l\u00e7e Jandarma Komutanl\u0131\u011f\u0131\u2019na ba\u011fl\u0131 trafik timleri, &#8216;Karayolu G\u00fcvenli\u011fi ve Trafik Haftas\u0131&#8217; etkinliklerinde yakla\u015f\u0131k 5 bin ki\u015fiye ula\u015farak e\u011fitim verdi. E\u011fitim \u00e7al\u0131\u015fmalar\u0131n\u0131n yan\u0131 s\u0131ra \u00f6\u011frenciler i\u00e7in bisiklet turlar\u0131 da d\u00fczenledi. Ekiplerce kat\u0131l\u0131mc\u0131lara bro\u015f\u00fcr ve \u00e7e\u015fitli hediyeler verildi.<\/p>\n<p>Jandarma, Trafik Haftas\u0131 kapsam\u0131nda il\u00e7ede e\u011fitim faaliyetlerini artt\u0131r\u0131rken, hafta dolas\u0131yla \u00f6\u011frenciler kask takarak T\u00f6m\u00fck ve Karg\u0131p\u0131nar\u0131 Mahalleleri aras\u0131nda trafik timleri g\u00f6zetiminde bir bisiklet turu ger\u00e7ekle\u015ftirdi.<br \/>\nBelde ve k\u00f6y iken B\u00fct\u00fcnk\u015fehir Yasas\u0131yla mahalleye d\u00f6n\u00fc\u015fen b\u00f6lgelerde \u00f6\u011frencilere y\u00f6nelik e\u011fitim faaliyeti ger\u00e7ekle\u015ftirildi. Vatanda\u015flara y\u00f6nelik ise detayl\u0131 trafik e\u011fitimi verildi. E\u011fitim sonunda y\u00f6neltilen sorular da yan\u0131tland\u0131.<br \/>\nKarg\u0131p\u0131nar\u0131 Mahallesi\u2019ndeki General Vali \u00d6mer L\u00fctfi Hanc\u0131o\u011flu Ortaokulu\u2019nda 148 \u00f6\u011frenci ve \u00f6\u011fretmenlere &#8216;bisiklet ve motosiklet&#8217; konulu seminer verildi. E\u011fitim faaliyetine m\u00fcteakip \u00f6\u011frenciler kasklar\u0131n\u0131 takarak jandarma trafik e\u015fli\u011finde Karg\u0131p\u0131nar\u0131, T\u00f6m\u00fck ve Elvanl\u0131 mahallelerinde bisiklet turu ger\u00e7ekle\u015ftirdi. Bu tur ile \u00f6\u011frenciler \u00f6\u011frendiklerini de uygulama f\u0131rsat\u0131 buldu.<br \/>\n\u0130l\u00e7ede \u00f6\u011frenci ve vatanda\u015flardan olu\u015fan yakla\u015f\u0131k 5 bin ki\u015fiye e\u011fitim veren jandarma trafik timleri taraf\u0131ndan kat\u0131l\u0131mc\u0131lara bro\u015f\u00fcr ve \u00e7e\u015fitli hediyelerde verildi.<\/p>\n","protected":false},"excerpt":{"rendered":"<p>Erdemli \u0130l\u00e7e Jandarma Komutanl\u0131\u011f\u0131\u2019na ba\u011fl\u0131 trafik timleri, &#8216;Karayolu G\u00fcvenli\u011fi ve Trafik Haftas\u0131&#8217; etkinliklerinde yakla\u015f\u0131k 5 bin ki\u015fiye ula\u015farak e\u011fitim verdi. E\u011fitim \u00e7al\u0131\u015fmalar\u0131n\u0131n yan\u0131 s\u0131ra \u00f6\u011frenciler i\u00e7in bisiklet turlar\u0131 da d\u00fczenledi. &hellip; <a href=\"https:\/\/akdenizolaygazetesi.com\/?p=1175\" class=\"more-link\">Devam\u0131n\u0131 Oku&#8230;<\/a><\/p>\n","protected":false},"author":1,"featured_media":0,"comment_status":"open","ping_status":"open","sticky":false,"template":"","format":"standard","meta":[],"categories":[],"tags":[],"_links":{"self":[{"href":"https:\/\/akdenizolaygazetesi.com\/index.php?rest_route=\/wp\/v2\/posts\/1175"}],"collection":[{"href":"https:\/\/akdenizolaygazetesi.com\/index.php?rest_route=\/wp\/v2\/posts"}],"about":[{"href":"https:\/\/akdenizolaygazetesi.com\/index.php?rest_route=\/wp\/v2\/types\/post"}],"author":[{"embeddable":true,"href":"https:\/\/akdenizolaygazetesi.com\/index.php?rest_route=\/wp\/v2\/users\/1"}],"replies":[{"embeddable":true,"href":"https:\/\/akdenizolaygazetesi.com\/index.php?rest_route=%2Fwp%2Fv2%2Fcomments&post=1175"}],"version-history":[{"count":0,"href":"https:\/\/akdenizolaygazetesi.com\/index.php?rest_route=\/wp\/v2\/posts\/1175\/revisions"}],"wp:attachment":[{"href":"https:\/\/akdenizolaygazetesi.com\/index.php?rest_route=%2Fwp%2Fv2%2Fmedia&parent=1175"}],"wp:term":[{"taxonomy":"category","embeddable":true,"href":"https:\/\/akdenizolaygazetesi.com\/index.php?rest_route=%2Fwp%2Fv2%2Fcategories&post=1175"},{"taxonomy":"post_tag","embeddable":true,"href":"https:\/\/akdenizolaygazetesi.com\/index.php?rest_route=%2Fwp%2Fv2%2Ftags&post=1175"}],"curies":[{"name":"wp","href":"https:\/\/api.w.org\/{rel}","templated":true}]}}