{"id":11756,"date":"2021-04-08T11:22:52","date_gmt":"2021-04-08T08:22:52","guid":{"rendered":"http:\/\/akdenizolaygazetesi.com\/?p=11756"},"modified":"2021-04-08T11:23:26","modified_gmt":"2021-04-08T08:23:26","slug":"millet-bahcesi-camlibel-marina-ve-ataturk-parki-butunlesecek-2","status":"publish","type":"post","link":"https:\/\/akdenizolaygazetesi.com\/?p=11756","title":{"rendered":"\u201cMillet Bah\u00e7esi, \u00c7aml\u0131bel Marina ve Atat\u00fcrk Park\u0131 b\u00fct\u00fcnle\u015fecek\u201d"},"content":{"rendered":"<p>\u00c7aml\u0131bel Marina Projesi hakk\u0131nda bir a\u00e7\u0131klama yapan Ba\u015fkan G\u00fcltak; \u201c\u015eehrimizin ortas\u0131nda yer alan marina; yakla\u015f\u0131k 60 bin metrekare kapal\u0131 alana sahip, \u00e7ok modern, al\u0131\u015fveri\u015f ma\u011fazalar\u0131n bulundu\u011fu \u00f6nemli bir ticaret merkezine d\u00f6n\u00fc\u015fecek. Mersin Marina Projesi, \u015fehrimize lig atlatacak proje olacak\u201d dedi.<br \/>\nAkdeniz Belediye Ba\u015fkan\u0131 M. Mustafa G\u00fcltak, \u00c7aml\u0131bel Mahallesi\u2019ni ziyaret ederek, b\u00f6lgede faaliyet g\u00f6steren bal\u0131k\u00e7\u0131 esnaf\u0131 ile vatanda\u015flar\u0131n sorun ve taleplerini mahallinde dinledi, dile getirilen sorunlar\u0131n en k\u0131sa s\u00fcrede \u00e7\u00f6z\u00fcm\u00fc i\u00e7in yetkili birimlere talimat verdi. K\u00fclt\u00fcr Mahallesi Muhtar\u0131 Ali Karadeniz, Meclis \u00dcyesi Ayd\u0131n E\u011fin ve \u00c7aml\u0131bel Dernek Ba\u015fkan\u0131 H\u00fcseyin Karl\u0131kl\u0131&#8217;n\u0131n da e\u015flik etti\u011fi ziyaretinde Ba\u015fkan G\u00fcltak; yak\u0131n zamanda kente kazand\u0131r\u0131lacak olan \u2018Mersin Marina Projesi\u2019 hakk\u0131nda da bir de\u011ferlendirme yapt\u0131.<br \/>\n\u201cMillet Bah\u00e7esi, \u00c7aml\u0131bel Marina ve Atat\u00fcrk Park\u0131 b\u00fct\u00fcnle\u015fecek\u201d<br \/>\nBa\u015fkan G\u00fcltak; \u201cMersin Bal\u0131k\u00e7\u0131 Bar\u0131na\u011f\u0131, 50-60 y\u0131ld\u0131r kimsenin ilgilenmedi\u011fi, kendi haline b\u0131rak\u0131lan bir aland\u0131. Bakanlar\u0131m\u0131z Say\u0131n L\u00fctfi Elvan ve Say\u0131n Adil Karaismailo\u011flu\u2019nun destekleri ile \u015fu an Mersin Bal\u0131k\u00e7\u0131 Bar\u0131na\u011f\u0131 i\u00e7in bir proje haz\u0131rlan\u0131yor. Buran\u0131n hemen yak\u0131n\u0131nda Millet Bah\u00e7esi var, bu ay\u0131n sonunda \u00e7al\u0131\u015fmalar bitiyor. Do\u011fu tarafta Atat\u00fcrk Park\u0131 var. Millet Bah\u00e7esi, \u00c7aml\u0131bel Marina ve Atat\u00fcrk Park\u0131 tamamen entegre olup b\u00fct\u00fcnle\u015fiyor\u201d dedi.<br \/>\n\u201cY\u00fczlerce tekne yana\u015fabilecek, su sporlar\u0131 yap\u0131lacak\u201d<br \/>\nProje sayesinde \u00c7aml\u0131bel Marinas\u0131\u2019n\u0131n tamamen de\u011fi\u015fip d\u00f6n\u00fc\u015fece\u011fini kaydeden Ba\u015fkan G\u00fcltak, \u201cBuradaki t\u00fcm iskeleler kalkacak, 450 tane teknenin yana\u015faca\u011f\u0131 modern bir alan olacak. Su sporlar\u0131n\u0131n yap\u0131labilece\u011fi bu alana yatlar gelecek. Tabi amat\u00f6r bal\u0131k\u00e7\u0131lar\u0131m\u0131z burada kalacak. Ekmek aras\u0131 bal\u0131k satan tekne sahibi karde\u015flerimiz de Atat\u00fcrk Park\u0131 i\u00e7erisinde yapaca\u011f\u0131m\u0131z iskelelere ta\u015f\u0131nacak\u201d diye konu\u015ftu.<br \/>\n\u201cMarina Projesi, Mersin\u2019e adeta lig atlatacak\u201d<br \/>\nBa\u015fkan G\u00fcltak, s\u00f6zlerini \u015f\u00f6yle s\u00fcrd\u00fcrd\u00fc; \u201c\u015eehrimizin ortas\u0131nda kalan bu marinam\u0131z, \u00e7ok modern, yakla\u015f\u0131k 60 bin metrekare kapal\u0131 alana sahip, bir\u00e7ok ma\u011fazalar\u0131n oldu\u011fu \u00f6nemli bir ticaret merkezine d\u00f6n\u00fc\u015fecek. B\u00f6ylelikle hem \u00c7aml\u0131bel hem de merkezde olan t\u00fcm esnaflar\u0131n olumlu etkilenece\u011fini d\u00fc\u015f\u00fcn\u00fcyoruz. \u015eehrimize renk katacak, \u015fehrimize lig atlatacak bir projedir. Santrif\u00fcj ve sondaj ile ilgili \u00e7al\u0131\u015fmalar\u0131 bitti. \u015eu an \u00c7ED raporlar\u0131 s\u00fcreci devam ediyor. tabi bu s\u00fcre\u00e7ler bitti\u011finde de tahmin ediyorum y\u0131lsonuna do\u011fru ihalesine \u00e7\u0131k\u0131lacak. Mersin\u2019e \u015fimdiden hay\u0131rl\u0131 olsun. Destekleri i\u00e7in Maliye Bakan\u0131m\u0131z Say\u0131n Elvan ve Ula\u015ft\u0131rma Bakan\u0131m\u0131z Say\u0131n Adil Karaismailo\u011flu\u2019na tekrar te\u015fekk\u00fcr ediyorum.\u201d<\/p>\n","protected":false},"excerpt":{"rendered":"<p>\u00c7aml\u0131bel Marina Projesi hakk\u0131nda bir a\u00e7\u0131klama yapan Ba\u015fkan G\u00fcltak; \u201c\u015eehrimizin ortas\u0131nda yer alan marina; yakla\u015f\u0131k 60 bin metrekare kapal\u0131 alana sahip, \u00e7ok modern, al\u0131\u015fveri\u015f ma\u011fazalar\u0131n bulundu\u011fu \u00f6nemli bir ticaret merkezine &hellip; <a href=\"https:\/\/akdenizolaygazetesi.com\/?p=11756\" class=\"more-link\">Devam\u0131n\u0131 Oku&#8230;<\/a><\/p>\n","protected":false},"author":2,"featured_media":11758,"comment_status":"open","ping_status":"open","sticky":false,"template":"","format":"standard","meta":[],"categories":[34,1,2,3,5],"tags":[],"_links":{"self":[{"href":"https:\/\/akdenizolaygazetesi.com\/index.php?rest_route=\/wp\/v2\/posts\/11756"}],"collection":[{"href":"https:\/\/akdenizolaygazetesi.com\/index.php?rest_route=\/wp\/v2\/posts"}],"about":[{"href":"https:\/\/akdenizolaygazetesi.com\/index.php?rest_route=\/wp\/v2\/types\/post"}],"author":[{"embeddable":true,"href":"https:\/\/akdenizolaygazetesi.com\/index.php?rest_route=\/wp\/v2\/users\/2"}],"replies":[{"embeddable":true,"href":"https:\/\/akdenizolaygazetesi.com\/index.php?rest_route=%2Fwp%2Fv2%2Fcomments&post=11756"}],"version-history":[{"count":2,"href":"https:\/\/akdenizolaygazetesi.com\/index.php?rest_route=\/wp\/v2\/posts\/11756\/revisions"}],"predecessor-version":[{"id":11759,"href":"https:\/\/akdenizolaygazetesi.com\/index.php?rest_route=\/wp\/v2\/posts\/11756\/revisions\/11759"}],"wp:featuredmedia":[{"embeddable":true,"href":"https:\/\/akdenizolaygazetesi.com\/index.php?rest_route=\/wp\/v2\/media\/11758"}],"wp:attachment":[{"href":"https:\/\/akdenizolaygazetesi.com\/index.php?rest_route=%2Fwp%2Fv2%2Fmedia&parent=11756"}],"wp:term":[{"taxonomy":"category","embeddable":true,"href":"https:\/\/akdenizolaygazetesi.com\/index.php?rest_route=%2Fwp%2Fv2%2Fcategories&post=11756"},{"taxonomy":"post_tag","embeddable":true,"href":"https:\/\/akdenizolaygazetesi.com\/index.php?rest_route=%2Fwp%2Fv2%2Ftags&post=11756"}],"curies":[{"name":"wp","href":"https:\/\/api.w.org\/{rel}","templated":true}]}}