{"id":1176,"date":"2020-11-04T18:21:46","date_gmt":"2020-11-04T15:21:46","guid":{"rendered":"http:\/\/mersinekonomipolitikagazetesi.com\/?p=1176"},"modified":"2020-11-04T18:21:46","modified_gmt":"2020-11-04T15:21:46","slug":"erdemli-esnaflar-odasinda-el-sanatlari-sergisi","status":"publish","type":"post","link":"https:\/\/akdenizolaygazetesi.com\/?p=1176","title":{"rendered":"Erdemli Esnaflar Odas\u0131nda el sanatlar\u0131 sergisi"},"content":{"rendered":"<p>Erdemli Halk E\u011fitimi Merkezi M\u00fcd\u00fcrl\u00fc\u011f\u00fc b\u00fcnyesinde Erdemli Esnaflar Odas\u0131 i\u015fbirli\u011finde 8 ay \u00f6nce a\u00e7\u0131lan &#8220;Makina Nak\u0131\u015flar\u0131nda T\u00fcrk \u0130\u015fi ve Ke\u00e7e \u00c7anta Yap\u0131m\u0131 &#8221; kursu tamamland\u0131. Kurs sonunda pasta kesilerek sergi a\u00e7\u0131l\u0131\u015f\u0131 da yap\u0131ld\u0131.<\/p>\n<p>Kursiyerlere belgelerinin de takdim edildi\u011fi a\u00e7\u0131l\u0131\u015fta konu\u015fan Erdemli Halk E\u011fitim Merkezi M\u00fcd\u00fcr\u00fc \u00d6mer Okur, 8 ay s\u00fcren kursta, kat\u0131l\u0131mc\u0131lara el sanatlar\u0131na y\u00f6nelik e\u011fitimler verildi\u011fini belirtti.<br \/>\nEsnaflar Odas\u0131 Ba\u015fkan\u0131 Halil Metik\u2019e kendilerine yer sa\u011flamalar\u0131ndan dolay\u0131 te\u015fekk\u00fcr eden Okur, &#8220;Her mahalleye gerekirse her haneye b\u00f6ylesine faydal\u0131 meslek kurslar\u0131 a\u00e7abiliriz. Yeter ki talep gelsin. Ben destek verenleri, eme\u011fi ge\u00e7enleri ve kursiyerlerimizi birkez daha kutluyorum&#8221; dedi.<br \/>\nOda olarak bu t\u00fcr kurslara destek olduklar\u0131n\u0131 ve olmaya da devam edeceklerini dile getiren Erdemli Esnaflar Odas\u0131 Ba\u015fkan\u0131 Halil Metik de, &#8220;Bug\u00fcn meslek edindirme kurslar\u0131na kat\u0131lanlar\u0131n gelecekte mutlaka esnaf olacaklar\u0131n\u0131 \u00fcmit ediyoruz. Bizim insan\u0131m\u0131z kanaatkard\u0131r. Bug\u00fcn kursa kat\u0131larak el becerisini ortaya \u00e7\u0131karanlar\u0131n yar\u0131n i\u015fyeri a\u00e7arak, i\u015flerini b\u00fcy\u00fcteceklerine inan\u0131yoruz. Gelecekte esnaf olacak insanlar\u0131m\u0131za hizmet etmekten mutluluk duyuyoruz\u2019\u2019 dedi.<br \/>\nKurs usta \u00f6\u011freticisi \u00d6zlem \u00d6zt\u00fcrk \u00d6nalan ise, yeni mod\u00fcl olan ke\u00e7e \u00e7al\u0131\u015fmas\u0131na a\u011f\u0131rl\u0131k verildi\u011fini belirterek, kursta yap\u0131lan i\u015flerin \u00e7o\u011funlu\u011funun sat\u0131\u015f\u0131n\u0131n yap\u0131larak kursiyerlerin aile b\u00fct\u00e7esine katk\u0131 sa\u011fland\u0131\u011f\u0131na dikkat \u00e7ekti.<br \/>\nErdemli Esnaflar Odas\u0131 toplant\u0131 salonunda a\u00e7\u0131lan kursa kat\u0131lan 18 kursiyere belgeleri Erdemli Halk E\u011fitim Merkezi M\u00fcd\u00fcr\u00fc \u00d6mer Okur, m\u00fcd\u00fcr yard\u0131mc\u0131s\u0131 Ali Cila, Esnaf Odas\u0131 Ba\u015fkan\u0131 Halil Metik, Esnaflar Odas\u0131 Genel Sekreteri Muhlise G\u00fcrsoy, kurs hocas\u0131 \u00d6zlem \u00d6zt\u00fcrk \u00d6nalan taraf\u0131ndan takdim edildi.<br \/>\nKursa kat\u0131lanlar\u0131n eserlerinin bir b\u00f6l\u00fcm\u00fcn\u00fcn yer ald\u0131\u011f\u0131 sergi a\u00e7\u0131l\u0131\u015f\u0131 da yap\u0131l\u0131rken, kursiyerler 8 ayl\u0131k kursun tamamlanmas\u0131n\u0131 pasta keserek kutlad\u0131.<\/p>\n","protected":false},"excerpt":{"rendered":"<p>Erdemli Halk E\u011fitimi Merkezi M\u00fcd\u00fcrl\u00fc\u011f\u00fc b\u00fcnyesinde Erdemli Esnaflar Odas\u0131 i\u015fbirli\u011finde 8 ay \u00f6nce a\u00e7\u0131lan &#8220;Makina Nak\u0131\u015flar\u0131nda T\u00fcrk \u0130\u015fi ve Ke\u00e7e \u00c7anta Yap\u0131m\u0131 &#8221; kursu tamamland\u0131. Kurs sonunda pasta kesilerek sergi &hellip; <a href=\"https:\/\/akdenizolaygazetesi.com\/?p=1176\" class=\"more-link\">Devam\u0131n\u0131 Oku&#8230;<\/a><\/p>\n","protected":false},"author":1,"featured_media":0,"comment_status":"open","ping_status":"open","sticky":false,"template":"","format":"standard","meta":[],"categories":[],"tags":[],"_links":{"self":[{"href":"https:\/\/akdenizolaygazetesi.com\/index.php?rest_route=\/wp\/v2\/posts\/1176"}],"collection":[{"href":"https:\/\/akdenizolaygazetesi.com\/index.php?rest_route=\/wp\/v2\/posts"}],"about":[{"href":"https:\/\/akdenizolaygazetesi.com\/index.php?rest_route=\/wp\/v2\/types\/post"}],"author":[{"embeddable":true,"href":"https:\/\/akdenizolaygazetesi.com\/index.php?rest_route=\/wp\/v2\/users\/1"}],"replies":[{"embeddable":true,"href":"https:\/\/akdenizolaygazetesi.com\/index.php?rest_route=%2Fwp%2Fv2%2Fcomments&post=1176"}],"version-history":[{"count":0,"href":"https:\/\/akdenizolaygazetesi.com\/index.php?rest_route=\/wp\/v2\/posts\/1176\/revisions"}],"wp:attachment":[{"href":"https:\/\/akdenizolaygazetesi.com\/index.php?rest_route=%2Fwp%2Fv2%2Fmedia&parent=1176"}],"wp:term":[{"taxonomy":"category","embeddable":true,"href":"https:\/\/akdenizolaygazetesi.com\/index.php?rest_route=%2Fwp%2Fv2%2Fcategories&post=1176"},{"taxonomy":"post_tag","embeddable":true,"href":"https:\/\/akdenizolaygazetesi.com\/index.php?rest_route=%2Fwp%2Fv2%2Ftags&post=1176"}],"curies":[{"name":"wp","href":"https:\/\/api.w.org\/{rel}","templated":true}]}}