{"id":11760,"date":"2021-04-08T11:24:55","date_gmt":"2021-04-08T08:24:55","guid":{"rendered":"http:\/\/akdenizolaygazetesi.com\/?p=11760"},"modified":"2021-04-08T11:25:59","modified_gmt":"2021-04-08T08:25:59","slug":"mersinli-sehit-durmus-tekin-adi-okul-kutuphanesinde-yasayacak","status":"publish","type":"post","link":"https:\/\/akdenizolaygazetesi.com\/?p=11760","title":{"rendered":"MERS\u0130NL\u0130 \u015eEH\u0130T DURMU\u015e TEK&#8217;\u0130N ADI, OKUL K\u00dcT\u00dcPHANES\u0130NDE YA\u015eAYACAK"},"content":{"rendered":"<p>Mersinli \u015eehit Jandarma Uzman \u00c7avu\u015f Durmu\u015f Tek&#8217;in ad\u0131, Toroslar \u0130l\u00e7esi&#8217;ne ba\u011fl\u0131 Musal\u0131 Veli Ha\u015fim \u00c7ift\u00e7i \u0130lk ve Orta Okulu&#8217;nun arka bah\u00e7esinde faaliyete ge\u00e7en k\u00fct\u00fcphaneye ve sanat soka\u011f\u0131na verildi.<\/p>\n<p>K\u00fct\u00fcphanenin yap\u0131lmas\u0131na sundu\u011fu katk\u0131n\u0131n yan\u0131 s\u0131ra kitap deste\u011fi de sa\u011flayan Toroslar Belediye Ba\u015fkan\u0131 Ats\u0131z Af\u015f\u0131n Y\u0131lmaz; &#8220;Burada bir tek \u00e7ocu\u011fumuzun bile ula\u015ft\u0131\u011f\u0131 kitapla \u00f6n\u00fcnde bir kap\u0131 a\u00e7\u0131l\u0131r ve hayat\u0131 istedi\u011fi y\u00f6nde de\u011fi\u015firse bu bizim i\u00e7in b\u00fcy\u00fck bir mutluluktur&#8221; dedi.<\/p>\n<p>2018 y\u0131l\u0131nda Bitlis&#8217;te ter\u00f6ristlere kar\u015f\u0131 y\u00fcr\u00fct\u00fclen operasyonda, \u00e7\u0131\u011f d\u00fc\u015fmesi sonucu \u015fehit olan Jandarma Uzman \u00c7avu\u015f Durmu\u015f Tek&#8217;in an\u0131s\u0131na yap\u0131lan ve Toroslar Belediyesi&#8217;nin de destek verdi\u011fi k\u00fct\u00fcphane ile sanat soka\u011f\u0131 d\u00fczenlenen bir t\u00f6renle a\u00e7\u0131ld\u0131.<\/p>\n<p>A\u00e7\u0131l\u0131\u015f t\u00f6renine; Toroslar Kaymakam\u0131 Ahmet Hikmet \u015eahin, Toroslar Belediye Ba\u015fkan\u0131 Ats\u0131z Af\u015f\u0131n Y\u0131lmaz, il\u00e7e protokol\u00fc, \u015fehidin babas\u0131 Ali Salim Tek ve annesi Sebahat Tek, kurum ve kurulu\u015flar\u0131n temsilcileri, mahalle muhtarlar\u0131, okul idarecileri, \u00f6\u011fretmenler, \u00f6\u011frenciler ve velileri ile mahalle sakinleri kat\u0131ld\u0131.<\/p>\n<p>Toroslar Belediye Ba\u015fkan\u0131 Ats\u0131z Af\u015f\u0131n Y\u0131lmaz, t\u00f6rende \u00f6\u011frenciler ve mahalle sakinleri taraf\u0131ndan yo\u011fun sevgiyle kar\u015f\u0131land\u0131. Ba\u015fkan Y\u0131lmaz da \u00f6\u011frencilerle yak\u0131ndan ilgilenerek sohbet etti.<\/p>\n<p>Okul M\u00fcd\u00fcr\u00fc Sar; &#8220;G\u00fczel Bir \u0130\u015fbirli\u011finin En G\u00fczel \u00d6rne\u011fini Ya\u015f\u0131yoruz&#8221;<\/p>\n<p>Sayg\u0131 duru\u015fu ve \u0130stiklal Mar\u015f\u0131&#8217;n\u0131n okunmas\u0131yla ba\u015flayan t\u00f6renin a\u00e7\u0131l\u0131\u015f konu\u015fmas\u0131n\u0131 Okul M\u00fcd\u00fcr\u00fc Kenan Sar yaparak; &#8220;Bu k\u00fct\u00fcphaneyle \u015eehidimiz Durmu\u015f Tek&#8217;in ad\u0131 daima bilgi hazinesinde ya\u015fat\u0131lacak. \u0130lk g\u00fcnden bug\u00fcne kadar her daim yan\u0131m\u0131zda olup destek sa\u011flayan Toroslar Belediye Ba\u015fkan\u0131m\u0131z Say\u0131n Ats\u0131z Af\u015f\u0131n Y\u0131lmaz&#8217;a ve k\u00fct\u00fcphanenin yap\u0131lmas\u0131nda emek veren herkese te\u015fekk\u00fcr ediyorum&#8221; dedi.<\/p>\n<p>Ba\u015fkan Y\u0131lmaz: &#8220;Bu K\u00fct\u00fcphane ile \u015eehidimizin Ad\u0131n\u0131 Ya\u015fataca\u011f\u0131z&#8221;<\/p>\n<p>Toroslar Belediye Ba\u015fkan\u0131 Ats\u0131z Af\u015f\u0131n Y\u0131lmaz ise k\u00fct\u00fcphanenin Musal\u0131 Mahallesi&#8217;ne ve Toroslar&#8217;a hay\u0131rl\u0131 olmas\u0131n\u0131 dileyerek; &#8220;\u015eehitlerimiz i\u00e7in ne yapsak azd\u0131r. Onlar, bizler bu topraklarda h\u00fcr ve ba\u011f\u0131ms\u0131z ya\u015fayal\u0131m diye canlar\u0131n\u0131 ortaya koymu\u015f kahramanlard\u0131r. Bu k\u00fct\u00fcphanenin hayata ge\u00e7mesinde eme\u011fi ge\u00e7en herkese te\u015fekk\u00fcr ediyorum&#8221; dedi.<\/p>\n<p>&#8220;E\u011fitim ve \u00f6\u011fretime her zaman deste\u011fimizi s\u00fcrd\u00fcrece\u011fiz&#8221; diyen Ba\u015fkan Y\u0131lmaz; &#8220;Bu k\u00fct\u00fcphanede kitaplarla bulu\u015facak olan \u00e7ocuklar\u0131m\u0131z, gen\u00e7lerimiz \u015fehit a\u011fabeylerini tan\u0131yacaklar ve ona verilen de\u011feri, sayg\u0131y\u0131 idrak edecekler. Burada bilim ve fenle bulu\u015facaklar. Tek bir \u00e7ocu\u011fumuzun bile burada okudu\u011fu kitapla hayat\u0131 de\u011fi\u015fir ve \u00f6n\u00fcnde kap\u0131lar a\u00e7\u0131l\u0131rsa bu bizim i\u00e7in b\u00fcy\u00fck bir mutluluktur. K\u00fct\u00fcphanenin, okulumuza, mahallemize ve il\u00e7emize hay\u0131rl\u0131 olmas\u0131n\u0131 diliyorum&#8221; diye konu\u015ftu.<\/p>\n<p>Kaymakam \u015eahin: &#8220;Eme\u011fi Ge\u00e7en Herkese Te\u015fekk\u00fcr Ederim&#8221;<\/p>\n<p>Toroslar Kaymakam\u0131 Ahmet Hikmet \u015eahin de k\u00fct\u00fcphanenin yap\u0131lmas\u0131nda eme\u011fi ge\u00e7enlere te\u015fekk\u00fcr ederek; &#8220;\u015eehidimiz Durmu\u015f Tek&#8217;in ad\u0131n\u0131n verildi\u011fi bu k\u00fct\u00fcphanenin en \u00f6nemli \u00f6zelli\u011fi bir\u00e7ok ki\u015fi ve kurumun eme\u011finin olmas\u0131d\u0131r. Toroslar Belediye Ba\u015fkan\u0131m\u0131z Ats\u0131z Af\u015f\u0131n Y\u0131lmaz&#8217;a, ekibine ve eme\u011fi ge\u00e7en herkese te\u015fekk\u00fcr ediyorum. K\u00fct\u00fcphanenin Toroslar&#8217;a hay\u0131rl\u0131 olmas\u0131n\u0131 diliyorum&#8221; dedi.<\/p>\n<p>Konu\u015fmalar\u0131n ard\u0131ndan Musal\u0131l\u0131 \u015eehit Jandarma Uzman \u00c7avu\u015f Durmu\u015f Tek&#8217;in ad\u0131n\u0131n verildi\u011fi k\u00fct\u00fcphane ve sanat soka\u011f\u0131n\u0131n a\u00e7\u0131l\u0131\u015f\u0131 yap\u0131ld\u0131.<\/p>\n<p>\u00d6\u011frenciler, \u015eehit Durmu\u015f Tek i\u00e7in Piyano Ba\u015f\u0131na Ge\u00e7ti<\/p>\n<p>Sanat soka\u011f\u0131n\u0131n a\u00e7\u0131l\u0131\u015f\u0131nda okul \u00f6\u011frencilerinin sergiledi\u011fi piyano resitali de b\u00fcy\u00fck be\u011feni toplad\u0131. \u00d6\u011frenciler, \u015eehit Durmu\u015f Tek an\u0131s\u0131na sergiledikleri resital ile kat\u0131l\u0131mc\u0131lara unutulmayacak mini bir konser verdi.<\/p>\n<p>85  Ya\u015f\u0131ndaki \u00c7\u0131nar Mehmet Ba\u011fc\u0131&#8217;dan Duyguland\u0131ran \u015eiir<\/p>\n<p>Musal\u0131 Mahallesi sakinlerinden 1936 do\u011fumlu Mehmet Ba\u011fc\u0131&#8217;n\u0131n okudu\u011fu \u015fiir, a\u00e7\u0131l\u0131\u015f\u0131 daha da anlamland\u0131rd\u0131. Ba\u011fc\u0131&#8217;n\u0131n ezbere s\u00f6yledi\u011fi \u015fiir, milli ve manevi duygular\u0131 doru\u011fa \u00e7\u0131kard\u0131.<\/p>\n<p>Daha sonra \u015fehit Durmu\u015f Tek, Musal\u0131 Mahallesi&#8217;ndeki kabri ba\u015f\u0131nda ve ad\u0131n\u0131n verildi\u011fi \u00e7e\u015fme \u00f6n\u00fcnde dualarla yad edildi.<\/p>\n","protected":false},"excerpt":{"rendered":"<p>Mersinli \u015eehit Jandarma Uzman \u00c7avu\u015f Durmu\u015f Tek&#8217;in ad\u0131, Toroslar \u0130l\u00e7esi&#8217;ne ba\u011fl\u0131 Musal\u0131 Veli Ha\u015fim \u00c7ift\u00e7i \u0130lk ve Orta Okulu&#8217;nun arka bah\u00e7esinde faaliyete ge\u00e7en k\u00fct\u00fcphaneye ve sanat soka\u011f\u0131na verildi. K\u00fct\u00fcphanenin yap\u0131lmas\u0131na &hellip; <a href=\"https:\/\/akdenizolaygazetesi.com\/?p=11760\" class=\"more-link\">Devam\u0131n\u0131 Oku&#8230;<\/a><\/p>\n","protected":false},"author":2,"featured_media":11762,"comment_status":"open","ping_status":"open","sticky":false,"template":"","format":"standard","meta":[],"categories":[34,1,2,3,5],"tags":[],"_links":{"self":[{"href":"https:\/\/akdenizolaygazetesi.com\/index.php?rest_route=\/wp\/v2\/posts\/11760"}],"collection":[{"href":"https:\/\/akdenizolaygazetesi.com\/index.php?rest_route=\/wp\/v2\/posts"}],"about":[{"href":"https:\/\/akdenizolaygazetesi.com\/index.php?rest_route=\/wp\/v2\/types\/post"}],"author":[{"embeddable":true,"href":"https:\/\/akdenizolaygazetesi.com\/index.php?rest_route=\/wp\/v2\/users\/2"}],"replies":[{"embeddable":true,"href":"https:\/\/akdenizolaygazetesi.com\/index.php?rest_route=%2Fwp%2Fv2%2Fcomments&post=11760"}],"version-history":[{"count":2,"href":"https:\/\/akdenizolaygazetesi.com\/index.php?rest_route=\/wp\/v2\/posts\/11760\/revisions"}],"predecessor-version":[{"id":11763,"href":"https:\/\/akdenizolaygazetesi.com\/index.php?rest_route=\/wp\/v2\/posts\/11760\/revisions\/11763"}],"wp:featuredmedia":[{"embeddable":true,"href":"https:\/\/akdenizolaygazetesi.com\/index.php?rest_route=\/wp\/v2\/media\/11762"}],"wp:attachment":[{"href":"https:\/\/akdenizolaygazetesi.com\/index.php?rest_route=%2Fwp%2Fv2%2Fmedia&parent=11760"}],"wp:term":[{"taxonomy":"category","embeddable":true,"href":"https:\/\/akdenizolaygazetesi.com\/index.php?rest_route=%2Fwp%2Fv2%2Fcategories&post=11760"},{"taxonomy":"post_tag","embeddable":true,"href":"https:\/\/akdenizolaygazetesi.com\/index.php?rest_route=%2Fwp%2Fv2%2Ftags&post=11760"}],"curies":[{"name":"wp","href":"https:\/\/api.w.org\/{rel}","templated":true}]}}