{"id":1177,"date":"2020-11-04T18:21:46","date_gmt":"2020-11-04T15:21:46","guid":{"rendered":"http:\/\/mersinekonomipolitikagazetesi.com\/?p=1177"},"modified":"2020-11-04T18:21:46","modified_gmt":"2020-11-04T15:21:46","slug":"silifkeli-muhtarlar-aksifat-suyu-hakkinda-bilgilendirildi","status":"publish","type":"post","link":"https:\/\/akdenizolaygazetesi.com\/?p=1177","title":{"rendered":"Silifkeli muhtarlar Aks\u0131fat suyu hakk\u0131nda bilgilendirildi"},"content":{"rendered":"<p>Aks\u0131fat suyunu tar\u0131msal sulamada verimli kullanmak i\u00e7in Silifkeli muhtarlarla toplant\u0131 d\u00fczenleyen Mersin B\u00f6lge Sulama Kooperatifleri Ba\u015fkan\u0131 Ersin Akdo\u011fan, \u00e7ift\u00e7ilerin tar\u0131msal suyunu daha verimli kullanmas\u0131 i\u00e7in \u00e7al\u0131\u015ft\u0131klar\u0131n\u0131 belirtti<\/p>\n<p>Toplant\u0131da, tar\u0131msal suyun \u00f6nemine vurgu yapan Akdo\u011fan, \u201cSilifke il\u00e7emizde Aks\u0131fat su kayna\u011f\u0131ndan su alan k\u00f6ylerimizde, tar\u0131msal ekili\u015flerde arazilerin tamam\u0131n\u0131 kullanam\u0131yorlard\u0131. Suyu verimli ve etkili kullanmak i\u00e7in Silifke\u2019deki Aks\u0131fat kayna\u011f\u0131ndan tar\u0131msal su kullanan mahallelerimiz, tar\u0131msal arazi ekili\u015flerini d\u00fc\u015f\u00fcrecek. \u00d6rne\u011fin 6 d\u00f6n\u00fcm arazinin 4 d\u00f6n\u00fcm\u00fcn\u00fc kullanacak. Bu anlamda Erdemli gruplar\u0131ndan arazi ekili\u015flerine 6 g\u00fcne g\u00f6re dizayn etmelidir. B\u00f6ylelikle rotasyon uygulamas\u0131n\u0131 yapm\u0131\u015f olacak. Tavsiyemize istinaden di\u011fer mahallelerimizin de bu \u015fekilde uygulamay\u0131 yapt\u0131\u011f\u0131nda ilerde olu\u015fabilecek olumsuzluklar\u0131n \u00f6n\u00fcne ge\u00e7mi\u015f olaca\u011f\u0131z. Zaten tahsisi kadar olan suyu mahallelerimiz alam\u0131yor ve ge\u00e7mi\u015f y\u0131llarda ki gibi olumsuzluklar\u0131n da olu\u015fmamas\u0131 i\u00e7in bu d\u00fczenleme faydal\u0131 olacakt\u0131r. Hem de \u00e7ift\u00e7ilerimiz tar\u0131msal suyu daha verimli kullanm\u0131\u015f olacak. \u0130leride ki g\u00fcnlerde suyumuzu kapat\u0131n su bizim tarafa aks\u0131n gibi bir durumla kar\u015f\u0131la\u015f\u0131rsak, biz suyumuzu kapatmayaca\u011f\u0131z. \u015eimdiden ekili\u015flerimizi d\u00fczenleyerek rotasyonu yap\u0131yoruz. Di\u011fer mahallelerimizin de yapmas\u0131n\u0131 tavsiye ediyoruz. Ayr\u0131ca ge\u00e7en sene su kullanmayan gruplar bile rotasyona tabi tutuluyor. Listenin g\u00fcncellenmesi gerekmektedir\u201d dedi.<br \/>\n\u201cMersin B\u00f6lge Sulama Kooperatifleri Birli\u011fi Tar\u0131msal Sulamadaki \u00e7al\u0131\u015fmalar\u0131 ve izledi\u011fi yol ile tar\u0131ma, suyuna ve \u00e7ift\u00e7isine sahip \u00e7\u0131km\u0131\u015ft\u0131r\u201d diyen Akdo\u011fan, \u015f\u00f6yle devam etti; \u201cMersin B\u00f6lge Sulama Kooperatifleri Birli\u011fimiz, tar\u0131msal sulama altyap\u0131s\u0131n\u0131n evrilmesinde ve modern hale d\u00f6n\u00fc\u015ft\u00fcr\u00fclmesinde stratejik planlama ve karar s\u00fcre\u00e7lerinde yer alm\u0131\u015f, \u00fclkemizdeki di\u011fer b\u00f6lge birliklerine \u00f6nderlik yapm\u0131\u015ft\u0131r. &#8216;En b\u00fcy\u00fck yat\u0131r\u0131m insana yap\u0131lan yat\u0131r\u0131m&#8217; s\u00f6z\u00fcyle b\u00fct\u00fcnle\u015fen birli\u011fimiz hayat\u0131n her evresinde insano\u011flunun \u015fekillenece\u011fi, yeniliklere a\u00e7\u0131k ve merakl\u0131 olmalar\u0131, cesaretle risk \u00fcstlenmeleri, y\u00fcksek enerji potansiyeline sahiplik, tar\u0131m sekt\u00f6r\u00fcm\u00fczde en \u00f6nemli sosyal sermayedir. Bu anlay\u0131\u015f i\u00e7erisinde \u00e7ift\u00e7imize, tar\u0131msal ve ekonomik geli\u015fmeleri a\u00e7\u0131s\u0131ndan da b\u00fcy\u00fck \u00f6nem arz etti\u011fine g\u00f6re, temel insan haklar\u0131 aras\u0131nda say\u0131lmaktad\u0131r. Suyun temel insan haklar\u0131 aras\u0131nda say\u0131l\u0131yor olmas\u0131 ona gerekli \u00f6zenin ve sayg\u0131n\u0131n g\u00f6sterildi\u011fi anlam\u0131na gelmektedir. \u00dclkemizin su kaynaklar\u0131 ancak ihtiyaca cevap verebilecek durumdad\u0131r. Su k\u0131tl\u0131\u011f\u0131 \u00e7eken \u00fclkeler aras\u0131nda yer almamakla birlikte, h\u0131zla n\u00fcfusun artmas\u0131, bilin\u00e7siz kullan\u0131m, y\u0131ll\u0131k ya\u011f\u0131\u015f ortalamas\u0131n\u0131n d\u00fcnya ortalamas\u0131ndan d\u00fc\u015f\u00fck olmas\u0131 gibi etkenlerle suyumuzu her y\u0131l biraz daha kaybetmekteyiz. Sudan bir sebep olarak g\u00f6rd\u00fc\u011f\u00fcm\u00fcz suyumuza sahip \u00e7\u0131k\u0131p etkin kullan\u0131m yoluna gitmeliyiz.\u201d<\/p>\n","protected":false},"excerpt":{"rendered":"<p>Aks\u0131fat suyunu tar\u0131msal sulamada verimli kullanmak i\u00e7in Silifkeli muhtarlarla toplant\u0131 d\u00fczenleyen Mersin B\u00f6lge Sulama Kooperatifleri Ba\u015fkan\u0131 Ersin Akdo\u011fan, \u00e7ift\u00e7ilerin tar\u0131msal suyunu daha verimli kullanmas\u0131 i\u00e7in \u00e7al\u0131\u015ft\u0131klar\u0131n\u0131 belirtti Toplant\u0131da, tar\u0131msal suyun &hellip; <a href=\"https:\/\/akdenizolaygazetesi.com\/?p=1177\" class=\"more-link\">Devam\u0131n\u0131 Oku&#8230;<\/a><\/p>\n","protected":false},"author":1,"featured_media":0,"comment_status":"open","ping_status":"open","sticky":false,"template":"","format":"standard","meta":[],"categories":[],"tags":[],"_links":{"self":[{"href":"https:\/\/akdenizolaygazetesi.com\/index.php?rest_route=\/wp\/v2\/posts\/1177"}],"collection":[{"href":"https:\/\/akdenizolaygazetesi.com\/index.php?rest_route=\/wp\/v2\/posts"}],"about":[{"href":"https:\/\/akdenizolaygazetesi.com\/index.php?rest_route=\/wp\/v2\/types\/post"}],"author":[{"embeddable":true,"href":"https:\/\/akdenizolaygazetesi.com\/index.php?rest_route=\/wp\/v2\/users\/1"}],"replies":[{"embeddable":true,"href":"https:\/\/akdenizolaygazetesi.com\/index.php?rest_route=%2Fwp%2Fv2%2Fcomments&post=1177"}],"version-history":[{"count":0,"href":"https:\/\/akdenizolaygazetesi.com\/index.php?rest_route=\/wp\/v2\/posts\/1177\/revisions"}],"wp:attachment":[{"href":"https:\/\/akdenizolaygazetesi.com\/index.php?rest_route=%2Fwp%2Fv2%2Fmedia&parent=1177"}],"wp:term":[{"taxonomy":"category","embeddable":true,"href":"https:\/\/akdenizolaygazetesi.com\/index.php?rest_route=%2Fwp%2Fv2%2Fcategories&post=1177"},{"taxonomy":"post_tag","embeddable":true,"href":"https:\/\/akdenizolaygazetesi.com\/index.php?rest_route=%2Fwp%2Fv2%2Ftags&post=1177"}],"curies":[{"name":"wp","href":"https:\/\/api.w.org\/{rel}","templated":true}]}}