{"id":11771,"date":"2021-04-08T11:31:37","date_gmt":"2021-04-08T08:31:37","guid":{"rendered":"http:\/\/akdenizolaygazetesi.com\/?p=11771"},"modified":"2021-04-08T11:32:14","modified_gmt":"2021-04-08T08:32:14","slug":"ata-tohumu-sari-bugday-ile-baslayan-tarima-destek-nohut-tohumu-ile-devam-edecek","status":"publish","type":"post","link":"https:\/\/akdenizolaygazetesi.com\/?p=11771","title":{"rendered":"ATA TOHUMU SARI BU\u011eDAY \u0130LE BA\u015eLAYAN TARIMA DESTEK, NOHUT TOHUMU \u0130LE DEVAM EDECEK"},"content":{"rendered":"<p>Mersin B\u00fcy\u00fck\u015fehir Belediyesi, hayata ge\u00e7irdi\u011fi projelerle tar\u0131ma destek olmaya ve \u00fcreticilerin y\u00fcz\u00fcn\u00fc g\u00fcld\u00fcrmeye devam ediyor. B\u00fcy\u00fck\u015fehir\u2019in Silifke il\u00e7esi Baland\u0131z Mahallesi\u2019nde sar\u0131 bu\u011fday deste\u011fi ile ba\u015flayan tar\u0131ma destek projeleri, G\u00fclnar\u2019da ba\u015flat\u0131lacak \u2018Yerel Nohut \u00c7e\u015fitlerinin Yerinde Korunmas\u0131 ve Pazarlanmas\u0131 Projesi\u2019  ile devam edecek. G\u00fclnarl\u0131 \u00fcreticilerin elinde bulunan ve kaybolmaya y\u00fcz tutmu\u015f atal\u0131k tohumlar, B\u00fcy\u00fck\u015fehir Belediyesi sayesinde g\u00fcn y\u00fcz\u00fcne \u00e7\u0131kart\u0131l\u0131p, \u00fcretime kazand\u0131r\u0131lacak.<\/p>\n<p>Ba\u015fkan Se\u00e7er: \u201cBuras\u0131 asl\u0131nda do\u011fal bir gen bankas\u0131\u201d<\/p>\n<p>B\u00fcy\u00fck\u015fehir Belediyesi ve Bahri Da\u011fda\u015f Uluslararas\u0131 Tar\u0131msal Ara\u015ft\u0131rma Enstit\u00fcs\u00fc M\u00fcd\u00fcrl\u00fc\u011f\u00fc aras\u0131nda y\u00fcr\u00fct\u00fclecek proje i\u00e7in imzalar Mersin B\u00fcy\u00fck\u015fehir Belediye Ba\u015fkan\u0131 Vahap Se\u00e7er ile Bahri Da\u011fda\u015f Uluslararas\u0131 Tar\u0131msal Ara\u015ft\u0131rma Enstit\u00fcs\u00fc M\u00fcd\u00fcr\u00fc Dr. Fatih \u00d6zdemir taraf\u0131ndan at\u0131ld\u0131. Ba\u015fkan Se\u00e7er, bu tarz \u00e7al\u0131\u015fmalar\u0131n Mersin tar\u0131m\u0131 ve \u00fcreticiler i\u00e7in \u00f6nemli oldu\u011funu vurgulayarak, \u015funlar\u0131 s\u00f6yledi:<\/p>\n<p>\u201cTar\u0131m t\u00fcm Anadolu\u2019da \u00f6nemli. B\u00f6lgemizde de \u00f6nemli. Tarihsel de\u011feri de son derece farkl\u0131. \u0130nsanlar\u0131n toplu ya\u015famaya ba\u015flad\u0131\u011f\u0131 d\u00f6nemden bu yana Anadolu topraklar\u0131 bug\u00fcn g\u0131da olarak, tar\u0131msal \u00fcretimde \u00fcretilen tar\u0131m \u00fcr\u00fcnlerinin anavatan\u0131 konumunda. Buras\u0131 asl\u0131nda do\u011fal bir gen bankas\u0131. D\u00fcnyan\u0131n en fazla endemik bitkilerinin oldu\u011fu kadim bir co\u011frafya. Bunun yan\u0131nda bizim b\u00f6lgemizin, yani spesifik olarak Mersin\u2019in de yakla\u015f\u0131k olarak y\u00fcz \u00f6l\u00e7\u00fcm\u00fcn\u00fcn 4\u2019te 1\u2019ine yak\u0131n bir k\u0131sm\u0131nda tar\u0131m yap\u0131labiliyor. 380 bin hektar bir tar\u0131msal potansiyele sahip bu b\u00f6lge ve \u00e7ok \u00e7e\u015fitli \u00fcr\u00fcnler yeti\u015ftirilebiliyor. \u00dcreticilerimiz narenciyeden sebzeye, tarla bitkilerine kadar her \u00e7e\u015fit tar\u0131msal \u00fcretim yapabiliyor. Bunun yan\u0131nda hayvanc\u0131l\u0131k yine buras\u0131 i\u00e7in \u00f6nemli bir gelir kayna\u011f\u0131. \u00d6zellikle Toros Da\u011flar\u0131\u2019n\u0131n eteklerinde, k\u0131rsal mahallelerimizde, Y\u00f6r\u00fck vatanda\u015flar\u0131m\u0131z\u0131n ge\u00e7im kayna\u011f\u0131. Biz her alana yerel y\u00f6netimlerin bir g\u00f6rev alan\u0131 anlay\u0131\u015f\u0131 ile m\u00fcdahale etmeye, katk\u0131 sunmaya \u00e7al\u0131\u015f\u0131yoruz.\u201d<\/p>\n<p>\u201cBizim sizlerle i\u015f birli\u011fi yapmam\u0131z T\u00fcrk tar\u0131m\u0131 ve b\u00f6lgemiz tar\u0131m\u0131 a\u00e7\u0131s\u0131ndan \u00f6nemli\u201d<\/p>\n<p>Ba\u015fkan Se\u00e7er, projenin y\u00fcr\u00fct\u00fclece\u011fi Bahri Da\u011fda\u015f Uluslararas\u0131 Tar\u0131msal Ara\u015ft\u0131rma Enstit\u00fcs\u00fc\u2019n\u00fcn kendileri i\u00e7in \u00e7ok de\u011ferli bir yap\u0131 oldu\u011fundan s\u00f6z ederek, \u201cBizim sizlerle i\u015f birli\u011fi yapmam\u0131z T\u00fcrk tar\u0131m\u0131 a\u00e7\u0131s\u0131ndan son derece \u00f6nemli. B\u00f6lgemiz tar\u0131m\u0131 a\u00e7\u0131s\u0131ndan da \u00f6nemli. Ge\u00e7en y\u0131l Baland\u0131z\u2019da sar\u0131 bu\u011fday \u00fcretimi yapt\u0131k. Hem yerli \u00e7e\u015fitlerimizin \u00fcretimi, bunun yayg\u0131nla\u015ft\u0131r\u0131lmas\u0131 a\u00e7\u0131s\u0131ndan \u00f6nemli bir \u00e7al\u0131\u015fma hem de \u00fcretim yapan \u00fcreticilerimizin \u00fcr\u00fcn\u00fcn\u00fc desteklememiz de son derece \u00f6nemli. Bu y\u0131l da yine Baland\u0131z\u2019da devam ediyoruz sar\u0131 bu\u011fdayla. 13 \u00fcreticimize tohum da\u011f\u0131t\u0131m\u0131n\u0131 ger\u00e7ekle\u015ftirmi\u015ftik. Zaten \u015fu anda tarlada bu\u011fday \u00fcretim a\u015famas\u0131nda. \u00d6n\u00fcm\u00fczdeki g\u00fcnlerde de in\u015fallah yine hasad\u0131n\u0131 beraber yapar\u0131z. Hasat d\u00f6nemi de yakla\u015f\u0131yor\u201d diye konu\u015ftu.<\/p>\n<p>\u201cMemleketimize hay\u0131rl\u0131 olsun\u201d<\/p>\n<p>Projenin yerel bir nohut \u00e7e\u015fidinin hem \u00fcretimi hem de b\u00f6lgede yayg\u0131nla\u015ft\u0131r\u0131lmas\u0131 a\u00e7\u0131s\u0131ndan g\u00fczel bir \u00e7al\u0131\u015fma olaca\u011f\u0131n\u0131 umut etti\u011fini dile getiren Se\u00e7er, \u201cYine bu y\u0131l sizlerin \u00f6nemli katk\u0131s\u0131 ile beraberlik i\u00e7erisinde G\u00fclnar\u2019da 34 \u00fcreticimizle yapaca\u011f\u0131m\u0131z bu \u00e7al\u0131\u015fma; ki her birine 5\u2019er dekarl\u0131k tohum verece\u011fiz, toplamda 170 dekar \u00f6nemli bir gelir o b\u00f6lgeler i\u00e7in. \u00c7\u00fcnk\u00fc o b\u00f6lgeler ger\u00e7ekten r\u0131zk\u0131n\u0131 ta\u015ftan, topraktan \u00e7\u0131karan b\u00f6lgeler. K\u00fc\u00e7\u00fck tar\u0131m alanlar\u0131 var. Ya\u015fam \u015fartlar\u0131n\u0131n son derece zor oldu\u011fu yerler. O a\u00e7\u0131dan onlara da bir katk\u0131 olacak ama yine yerel bir nohut \u00e7e\u015fidimizin de hem \u00fcretimi hem de b\u00f6lgede yayg\u0131nla\u015ft\u0131r\u0131lmas\u0131 a\u00e7\u0131s\u0131ndan da g\u00fczel bir \u00e7al\u0131\u015fma olaca\u011f\u0131n\u0131 umut ediyorum. Memleketimize hay\u0131rl\u0131 olsun diyorum\u201d ifadelerini kulland\u0131.<\/p>\n<p>Dr. \u00d6zdemir: \u201cBu\u011fday ile ba\u015flayan proje ser\u00fcvenimiz nohutla devam ediyor\u201d<\/p>\n<p>Bahri Da\u011fda\u015f Uluslararas\u0131 Tar\u0131msal Ara\u015ft\u0131rma Enstit\u00fcs\u00fc M\u00fcd\u00fcr\u00fc Dr. Fatih \u00d6zdemir ise \u201cBurada olmaktan, sizinle olmaktan mutluyuz. Bizlere meslekta\u015f olarak, AR-GE\u2019ci olarak bu biyo\u00e7e\u015fitlilikle, gen kaynaklar\u0131 ile u\u011fra\u015fan bir ekip olarak verdi\u011finiz destek i\u00e7in \u00e7ok te\u015fekk\u00fcr ederiz. Bu\u011fday ile ba\u015flayan maceram\u0131z, proje ser\u00fcvenimiz, nohutla devam ediyor, sizlerin deste\u011fiyle. \u015eahs\u0131m, kurumum ve Genel M\u00fcd\u00fcrl\u00fc\u011f\u00fcm ad\u0131na verdi\u011finiz desteklerden dolay\u0131 \u00e7ok te\u015fekk\u00fcr ediyorum Ba\u015fkan\u0131m. Bu\u011fdayda \u00e7ok g\u00fczel bir program da yapt\u0131k beraber. \u015eimdi devam\u0131nda nohutla, Mersinimiz\u2019in G\u00fclnar il\u00e7esinde 34 \u00e7ift\u00e7imizle 5\u2019er dekarl\u0131k alanlarda yine bir \u00f6rnek \u00fcretim modellemesi ve bu gen kaynaklar\u0131n\u0131n toplanmas\u0131, gen bankalar\u0131na kazand\u0131r\u0131lmas\u0131 ve bunlar\u0131 \u00fcreten \u00e7ift\u00e7ilerle ilgili de sosyo-ekonomik ara\u015ft\u0131rmalar\u0131 da yapaca\u011f\u0131m\u0131z bir proje olacak. Yine sizin desteklerinizle. Mutluyuz desteklerinizden dolay\u0131. Sizlere, ekibinize te\u015fekk\u00fcr ediyoruz\u201d dedi.<\/p>\n<p>\u0130mzalar at\u0131ld\u0131ktan sonra Dr. Fatih \u00d6zdemir, g\u00fcn\u00fcn an\u0131s\u0131na Ba\u015fkan Se\u00e7er\u2019e i\u00e7erisinde siyez bu\u011fday\u0131 yer alan cam fanus hediye etti.<\/p>\n<p>Yerel nohut \u00e7e\u015fitlerinin s\u00fcrd\u00fcr\u00fclebilirli\u011fi sa\u011flanacak<\/p>\n<p>B\u00fcy\u00fck\u015fehir Belediyesi Tar\u0131msal ve Veteriner Hizmetleri Dairesi taraf\u0131ndan y\u00fcr\u00fct\u00fclecek proje ile G\u00fclnar\u2019da Bereket, Day\u0131c\u0131k ve \u015eeyh\u00f6mer mahallelerinde belirlenen \u00fcreticilere 5 dekar alana 60 kilo tohum deste\u011fi sa\u011flanacak. Gerekli g\u00f6r\u00fclmesi durumunda ise \u00fcreticilere g\u00fcbre ve zirai ila\u00e7 deste\u011fi de verilecek. Proje ile \u2018Yerel Nohut \u00c7e\u015fitlerinin\u2019 \u00fcretiminin d\u00fczenli bir \u015fekilde yap\u0131lmas\u0131 ve pazarlanmas\u0131 ile s\u00fcrd\u00fcr\u00fclebilirli\u011fi sa\u011flanacak. Proje kapsam\u0131nda genetik materyallerin \u00f6nemi, korunmas\u0131 ve s\u00fcrd\u00fcr\u00fclebilirli\u011finin sa\u011flanmas\u0131 konusunda bilin\u00e7lendirme e\u011fitimleri de verilecek. Yerel nohut \u00e7e\u015fitlerinin \u00fcretiminin yap\u0131lmas\u0131nda fark\u0131ndal\u0131k yaratmak amac\u0131 ile Tarla G\u00fcnleri D\u00fczenlenmesi yap\u0131lacak.<\/p>\n<p>Proje ile yerel tohum \u00fcretimine te\u015fvik edilen \u00fcreticilerin elde ettikleri \u00fcr\u00fcnler, Toprak Mahsulleri Ofisi\u2019nin belirlemi\u015f oldu\u011fu fiyat\u0131n % 25 fazlas\u0131na al\u0131m garantili olacak. G\u00fclnar\u2019\u0131n Bereket Mahallesi\u2019nde 7 \u00fcretici, Day\u0131c\u0131k Mahallesi\u2019nde 18 \u00fcretici ve \u015eeyh\u00f6mer Mahallesi\u2019nde de 9 \u00fcretici olmak \u00fczere toplam 34 \u00fcreticiye 170 dekar alan i\u00e7in 2 bin 40 kilo tohum deste\u011fi sa\u011flanacak.<\/p>\n","protected":false},"excerpt":{"rendered":"<p>Mersin B\u00fcy\u00fck\u015fehir Belediyesi, hayata ge\u00e7irdi\u011fi projelerle tar\u0131ma destek olmaya ve \u00fcreticilerin y\u00fcz\u00fcn\u00fc g\u00fcld\u00fcrmeye devam ediyor. B\u00fcy\u00fck\u015fehir\u2019in Silifke il\u00e7esi Baland\u0131z Mahallesi\u2019nde sar\u0131 bu\u011fday deste\u011fi ile ba\u015flayan tar\u0131ma destek projeleri, G\u00fclnar\u2019da ba\u015flat\u0131lacak &hellip; <a href=\"https:\/\/akdenizolaygazetesi.com\/?p=11771\" class=\"more-link\">Devam\u0131n\u0131 Oku&#8230;<\/a><\/p>\n","protected":false},"author":2,"featured_media":11773,"comment_status":"open","ping_status":"open","sticky":false,"template":"","format":"standard","meta":[],"categories":[8,34,1,2,3,6],"tags":[],"_links":{"self":[{"href":"https:\/\/akdenizolaygazetesi.com\/index.php?rest_route=\/wp\/v2\/posts\/11771"}],"collection":[{"href":"https:\/\/akdenizolaygazetesi.com\/index.php?rest_route=\/wp\/v2\/posts"}],"about":[{"href":"https:\/\/akdenizolaygazetesi.com\/index.php?rest_route=\/wp\/v2\/types\/post"}],"author":[{"embeddable":true,"href":"https:\/\/akdenizolaygazetesi.com\/index.php?rest_route=\/wp\/v2\/users\/2"}],"replies":[{"embeddable":true,"href":"https:\/\/akdenizolaygazetesi.com\/index.php?rest_route=%2Fwp%2Fv2%2Fcomments&post=11771"}],"version-history":[{"count":1,"href":"https:\/\/akdenizolaygazetesi.com\/index.php?rest_route=\/wp\/v2\/posts\/11771\/revisions"}],"predecessor-version":[{"id":11772,"href":"https:\/\/akdenizolaygazetesi.com\/index.php?rest_route=\/wp\/v2\/posts\/11771\/revisions\/11772"}],"wp:featuredmedia":[{"embeddable":true,"href":"https:\/\/akdenizolaygazetesi.com\/index.php?rest_route=\/wp\/v2\/media\/11773"}],"wp:attachment":[{"href":"https:\/\/akdenizolaygazetesi.com\/index.php?rest_route=%2Fwp%2Fv2%2Fmedia&parent=11771"}],"wp:term":[{"taxonomy":"category","embeddable":true,"href":"https:\/\/akdenizolaygazetesi.com\/index.php?rest_route=%2Fwp%2Fv2%2Fcategories&post=11771"},{"taxonomy":"post_tag","embeddable":true,"href":"https:\/\/akdenizolaygazetesi.com\/index.php?rest_route=%2Fwp%2Fv2%2Ftags&post=11771"}],"curies":[{"name":"wp","href":"https:\/\/api.w.org\/{rel}","templated":true}]}}