{"id":1178,"date":"2020-11-04T18:21:46","date_gmt":"2020-11-04T15:21:46","guid":{"rendered":"http:\/\/mersinekonomipolitikagazetesi.com\/?p=1178"},"modified":"2020-11-04T18:21:46","modified_gmt":"2020-11-04T15:21:46","slug":"silifkede-engelsiz-park-acilisi-ve-2-engelliler-senligi","status":"publish","type":"post","link":"https:\/\/akdenizolaygazetesi.com\/?p=1178","title":{"rendered":"Silifke\u2019de Engelsiz Park a\u00e7\u0131l\u0131\u015f\u0131 ve 2. Engelliler \u015eenli\u011fi"},"content":{"rendered":"<p>Silifke Belediyesi taraf\u0131ndan Engelliler Haftas\u0131 dolay\u0131s\u0131yla d\u00fczenlenen 2. Engelliler \u015eenli\u011fi ve Engelsiz Park a\u00e7\u0131l\u0131\u015f\u0131, davetlilerin yo\u011fun kat\u0131l\u0131m\u0131yla ger\u00e7ekle\u015ftirildi.<\/p>\n<p>Etkinlikte, engelli \u00f6\u011frenciler birbirinden g\u00fczel oyun, tiyatro ve dans g\u00f6sterileri yaparken, vatanda\u015flar yeni yap\u0131lan engelsiz park i\u00e7in Ba\u015fkan Mustafa Turgut\u2019a te\u015fekk\u00fcr ettiler.<br \/>\n\u015eenlik a\u00e7\u0131l\u0131\u015f\u0131nda konu\u015fan Engelliler Derne\u011fi Ba\u015fkan\u0131 Nurettin Ate\u015f, Silifke Belediyesine ve Ba\u015fkan Dr. Mustafa Turgut\u2019a yapm\u0131\u015f oldu\u011fu hizmetlerden dolay\u0131 te\u015fekk\u00fcr ederek, 2500 civar\u0131nda engelli bireyin ya\u015fad\u0131\u011f\u0131 kente, engelsiz park gibi bir hizmeti kazand\u0131rmas\u0131n\u0131n kendilerini ve engelli \u00e7ocuklar\u0131 \u00e7ok mutlu etti\u011fini ifade etti. Ate\u015f, her bireyin bir engelli aday\u0131 oldu\u011funu belirterek, kendilerini her zaman destekleyen ve yanlar\u0131nda hissettiren Ba\u015fkan Turgut\u2019a Engelliler Haftas\u0131 dolay\u0131s\u0131yla d\u00fczenlenen etkinliklerden dolay\u0131 te\u015fekk\u00fcr etti.<br \/>\n\u201cSevginin her engeli a\u015ft\u0131\u011f\u0131n\u0131 g\u00f6rd\u00fck\u201d diyerek a\u00e7\u0131l\u0131\u015fta konu\u015fan Silifke Belediye Ba\u015fkan\u0131 Dr. Mustafa Turgut, \u201cBiz her zaman engelli karde\u015flerimizle ve b\u00fcy\u00fcklerimizle beraberiz. Ama baz\u0131 \u015feylerin hat\u0131rlanmas\u0131 ve g\u00fcndeme gelmesi a\u00e7\u0131s\u0131ndan da bu haftalar\u0131n en iyi \u015fekilde kutlanmas\u0131 gerekiyor. Silifke\u2019de yakla\u015f\u0131k 2500 civar\u0131nda engellimiz var. Tabi biz bu engelli karde\u015flerimizin hepsini g\u00f6remiyoruz. Bir\u00e7o\u011fu belki evlerinden d\u0131\u015far\u0131 \u00e7\u0131kam\u0131yorlar. Bizim yapmak istedi\u011fimiz bu engelli karde\u015flerimizin sosyal hayata kar\u0131\u015fmas\u0131 ve d\u0131\u015far\u0131 \u00e7\u0131kmas\u0131. Biz belediye olarak bu konuda her \u015feyi yapma gayreti i\u00e7erisindeyiz.<br \/>\nTabi\u00ee ki hastaneye ula\u015fmak, tedavi olmak herkesin hakk\u0131 ama hastaneye ula\u015fma konusunda engelli karde\u015flerimizin \u00e7ok b\u00fcy\u00fck sorun ve s\u0131k\u0131nt\u0131lar ya\u015fad\u0131\u011f\u0131n\u0131 biliyordum. Bunun bilincinde olarak ge\u00e7ti\u011fimiz y\u0131l Ya\u015fl\u0131 ve Engelli Ta\u015f\u0131ma arac\u0131m\u0131z\u0131 hizmete sunduk. Bu arac\u0131m\u0131z bug\u00fcne kadar yakla\u015f\u0131k 1000 defa hastaneye ya\u015fl\u0131 ve engelli vatanda\u015f\u0131m\u0131z\u0131 getirip g\u00f6t\u00fcrd\u00fc.\u201d<\/p>\n<p>Silifke\u2019de hi\u00e7 bir engelli yaln\u0131z de\u011fildir<br \/>\nEngelli bireylerin hayatlar\u0131n\u0131 kolayla\u015ft\u0131racak ve ya\u015fam standartlar\u0131n\u0131 y\u00fckseltecek hizmetler yapmaya devam edeceklerini belirten Belediye Ba\u015fkan\u0131 Mustafa Turgut, \u201cSosyal anlamda yapm\u0131\u015f oldu\u011fumuz \u00e7al\u0131\u015fmalar\u0131m\u0131zda engelli vatanda\u015flar\u0131m\u0131z ile korumada \u00f6ncelikli g\u00f6rd\u00fc\u011f\u00fcm\u00fcz ya\u015fl\u0131lar\u0131m\u0131z, kad\u0131nlar\u0131m\u0131z ve gen\u00e7lerimizle ilgili bir\u00e7ok faaliyeti y\u00fcr\u00fct\u00fcyoruz. Engelli vatanda\u015flar\u0131m\u0131z\u0131n hayat\u0131n\u0131 kolayla\u015ft\u0131rmak ise \u00e7al\u0131\u015fmalar\u0131m\u0131z\u0131n en \u00f6nemli ve en \u00f6zel taraf\u0131n\u0131 olu\u015fturmaktad\u0131r. Engelli vatanda\u015flar\u0131m\u0131z\u0131n tedavileri i\u00e7in hastane ula\u015f\u0131m\u0131nda \u00e7al\u0131\u015fan servislerimiz ve personelimiz bu hizmetini en iyi \u015fekilde y\u00fcr\u00fctmektedir. Bunun yan\u0131nda burada yapt\u0131\u011f\u0131m\u0131z proje kapsam\u0131nda engelli \u00e7ocuklar\u0131m\u0131z\u0131n rahat ve g\u00fcvenilir bir \u015fekilde engelsiz parktan faydalanmalar\u0131 i\u00e7in yeni bir \u00e7al\u0131\u015fma yapt\u0131k.<br \/>\nA\u00e7\u0131l\u0131\u015f\u0131n\u0131 hep birlikte ger\u00e7ekle\u015ftirdi\u011fimiz Engelsiz Park ile amac\u0131m\u0131z engelli \u00e7ocuklar\u0131m\u0131z\u0131n rahatl\u0131kla dola\u015fabilecekleri gezi, oyun ve dinlence alan\u0131 olu\u015fturmakt\u0131r. Bu sayede daha sa\u011fl\u0131kl\u0131 vakit ge\u00e7irme keyfini onlar\u0131n ya\u015famlar\u0131na kazand\u0131rm\u0131\u015f olaca\u011f\u0131z. \u00c7ocuklar\u0131m\u0131za ve kentimize hay\u0131rl\u0131 olmas\u0131n\u0131 diliyorum\u201d dedi.<br \/>\nYap\u0131lan konu\u015fmalar\u0131n ard\u0131ndan Engelsiz Park\u2019\u0131n a\u00e7\u0131l\u0131\u015f\u0131 hep birlikte yap\u0131ld\u0131. A\u00e7\u0131l\u0131\u015f\u0131n hemen ard\u0131ndan rehabilitasyon merkezlerinin d\u00fczenledi\u011fi heyecan ve co\u015fku dolu g\u00f6steriler davetlilerden b\u00fcy\u00fck alk\u0131\u015f ald\u0131.<\/p>\n","protected":false},"excerpt":{"rendered":"<p>Silifke Belediyesi taraf\u0131ndan Engelliler Haftas\u0131 dolay\u0131s\u0131yla d\u00fczenlenen 2. Engelliler \u015eenli\u011fi ve Engelsiz Park a\u00e7\u0131l\u0131\u015f\u0131, davetlilerin yo\u011fun kat\u0131l\u0131m\u0131yla ger\u00e7ekle\u015ftirildi. Etkinlikte, engelli \u00f6\u011frenciler birbirinden g\u00fczel oyun, tiyatro ve dans g\u00f6sterileri yaparken, vatanda\u015flar &hellip; <a href=\"https:\/\/akdenizolaygazetesi.com\/?p=1178\" class=\"more-link\">Devam\u0131n\u0131 Oku&#8230;<\/a><\/p>\n","protected":false},"author":1,"featured_media":0,"comment_status":"open","ping_status":"open","sticky":false,"template":"","format":"standard","meta":[],"categories":[],"tags":[],"_links":{"self":[{"href":"https:\/\/akdenizolaygazetesi.com\/index.php?rest_route=\/wp\/v2\/posts\/1178"}],"collection":[{"href":"https:\/\/akdenizolaygazetesi.com\/index.php?rest_route=\/wp\/v2\/posts"}],"about":[{"href":"https:\/\/akdenizolaygazetesi.com\/index.php?rest_route=\/wp\/v2\/types\/post"}],"author":[{"embeddable":true,"href":"https:\/\/akdenizolaygazetesi.com\/index.php?rest_route=\/wp\/v2\/users\/1"}],"replies":[{"embeddable":true,"href":"https:\/\/akdenizolaygazetesi.com\/index.php?rest_route=%2Fwp%2Fv2%2Fcomments&post=1178"}],"version-history":[{"count":0,"href":"https:\/\/akdenizolaygazetesi.com\/index.php?rest_route=\/wp\/v2\/posts\/1178\/revisions"}],"wp:attachment":[{"href":"https:\/\/akdenizolaygazetesi.com\/index.php?rest_route=%2Fwp%2Fv2%2Fmedia&parent=1178"}],"wp:term":[{"taxonomy":"category","embeddable":true,"href":"https:\/\/akdenizolaygazetesi.com\/index.php?rest_route=%2Fwp%2Fv2%2Fcategories&post=1178"},{"taxonomy":"post_tag","embeddable":true,"href":"https:\/\/akdenizolaygazetesi.com\/index.php?rest_route=%2Fwp%2Fv2%2Ftags&post=1178"}],"curies":[{"name":"wp","href":"https:\/\/api.w.org\/{rel}","templated":true}]}}