{"id":11780,"date":"2021-04-09T10:04:49","date_gmt":"2021-04-09T07:04:49","guid":{"rendered":"http:\/\/akdenizolaygazetesi.com\/?p=11780"},"modified":"2021-04-09T10:05:24","modified_gmt":"2021-04-09T07:05:24","slug":"baskan-yilmaz-planli-ve-ozveriyle-calisiyoruz","status":"publish","type":"post","link":"https:\/\/akdenizolaygazetesi.com\/?p=11780","title":{"rendered":"Ba\u015fkan Y\u0131lmaz; &#8220;Planl\u0131 ve \u00d6zveriyle \u00c7al\u0131\u015f\u0131yoruz&#8221;"},"content":{"rendered":"<p>Toroslar Belediyesi, temizlik hizmetinin yan\u0131 s\u0131ra yol ve \u00e7evre d\u00fczeni konusunda y\u00fcr\u00fctt\u00fc\u011f\u00fc \u00e7al\u0131\u015fmalarla hem merkezde hem y\u00fcksek kesimlerdeki mahallelerde vatanda\u015flar\u0131n takdirini toplama devam ediyor.<\/p>\n<p>Toroslar Belediye Ba\u015fkan\u0131 Ats\u0131z Af\u015f\u0131n Y\u0131lmaz&#8217;\u0131n yak\u0131n takibi ile s\u00fcrd\u00fcr\u00fclen yol bak\u0131m \u00e7al\u0131\u015fmalar\u0131 en \u00fccra noktalara kadar ula\u015ft\u0131r\u0131l\u0131yor.<\/p>\n<p>Yaz aylar\u0131nda yo\u011fun n\u00fcfus art\u0131\u015f\u0131n\u0131n ya\u015fand\u0131\u011f\u0131 yaylalarda vatanda\u015flar\u0131n ula\u015f\u0131m konusunda sorun ya\u015famamas\u0131 amac\u0131yla aral\u0131ks\u0131z s\u00fcren \u00e7al\u0131\u015fmalar kapsam\u0131nda tespit edilen eksiklikler de giderilerek yeni yollar hizmete sunuluyor.<\/p>\n<p>Hasat zaman\u0131 \u00f6ncesinde k\u0131\u015f \u015fartlar\u0131 nedeniyle tahrip olan bah\u00e7e yollar\u0131n\u0131 da bak\u0131m ve onar\u0131mdan ge\u00e7iren belediye bu kapsamda; \u00c7elebili, Ayvagedi\u011fi, Kepirli ve Musal\u0131 Mahalleleri&#8217;nde yeni yol a\u00e7\u0131m\u0131 ve d\u00fczenleme, Dar\u0131sekisi Mahallesi&#8217;nde de ta\u015f duvar \u00f6rme \u00e7al\u0131\u015fmalar\u0131 yapt\u0131.<\/p>\n<p>Ba\u015fkan Y\u0131lmaz; &#8220;Planl\u0131 ve \u00d6zveriyle \u00c7al\u0131\u015f\u0131yoruz&#8221;<\/p>\n<p>Toroslar Belediye Ba\u015fkan\u0131 Ats\u0131z Af\u015f\u0131n Y\u0131lmaz; &#8220;\u0130l\u00e7emizde ula\u015f\u0131m a\u011f\u0131m\u0131z\u0131n kalitesini planl\u0131 ve \u00f6zveriyle \u00e7al\u0131\u015farak art\u0131rmaktay\u0131z&#8221; dedi.<\/p>\n<p>Toroslar&#8217;\u0131n daha g\u00fczel yollara kavu\u015fmas\u0131 i\u00e7in yol yap\u0131m \u00e7al\u0131\u015fmalar\u0131n\u0131n ihtiya\u00e7 duyulan t\u00fcm mahalle ve sokaklarda devam edece\u011fini belirten Ba\u015fkan Y\u0131lmaz; &#8220;Hayata ge\u00e7irdi\u011fimiz hizmetlerle il\u00e7emiz h\u0131zla geli\u015fip b\u00fcy\u00fcrken, hem\u015fehrilerimizin daha konforlu ve g\u00fcvenli yollarda seyahat etmeleri i\u00e7in yeni yol a\u00e7\u0131m, asfaltlama, kilit parke yol ve kald\u0131r\u0131m \u00e7al\u0131\u015fmalar\u0131m\u0131z\u0131 aral\u0131ks\u0131z s\u00fcrd\u00fcr\u00fcyoruz. Hizmetleri, \u00f6nem ve aciliyet s\u0131ras\u0131na g\u00f6re de\u011ferlendirerek en k\u0131sa s\u00fcrede yerine getiriyoruz. Yaz sezonunun yakla\u015fmas\u0131yla birlikte ekiplerimiz, yaylalar\u0131m\u0131zda da \u00e7al\u0131\u015fmalar\u0131 tamamlamak ad\u0131na b\u00fcy\u00fck bir \u00f6zveriyle \u00e7al\u0131\u015f\u0131yorlar. Yenilenen yollar\u0131m\u0131z, hem\u015fehrilerimize hay\u0131rl\u0131 olsun&#8221; diye konu\u015ftu.<\/p>\n","protected":false},"excerpt":{"rendered":"<p>Toroslar Belediyesi, temizlik hizmetinin yan\u0131 s\u0131ra yol ve \u00e7evre d\u00fczeni konusunda y\u00fcr\u00fctt\u00fc\u011f\u00fc \u00e7al\u0131\u015fmalarla hem merkezde hem y\u00fcksek kesimlerdeki mahallelerde vatanda\u015flar\u0131n takdirini toplama devam ediyor. Toroslar Belediye Ba\u015fkan\u0131 Ats\u0131z Af\u015f\u0131n Y\u0131lmaz&#8217;\u0131n &hellip; <a href=\"https:\/\/akdenizolaygazetesi.com\/?p=11780\" class=\"more-link\">Devam\u0131n\u0131 Oku&#8230;<\/a><\/p>\n","protected":false},"author":2,"featured_media":11782,"comment_status":"open","ping_status":"open","sticky":false,"template":"","format":"standard","meta":[],"categories":[34,1,2,3,5],"tags":[],"_links":{"self":[{"href":"https:\/\/akdenizolaygazetesi.com\/index.php?rest_route=\/wp\/v2\/posts\/11780"}],"collection":[{"href":"https:\/\/akdenizolaygazetesi.com\/index.php?rest_route=\/wp\/v2\/posts"}],"about":[{"href":"https:\/\/akdenizolaygazetesi.com\/index.php?rest_route=\/wp\/v2\/types\/post"}],"author":[{"embeddable":true,"href":"https:\/\/akdenizolaygazetesi.com\/index.php?rest_route=\/wp\/v2\/users\/2"}],"replies":[{"embeddable":true,"href":"https:\/\/akdenizolaygazetesi.com\/index.php?rest_route=%2Fwp%2Fv2%2Fcomments&post=11780"}],"version-history":[{"count":2,"href":"https:\/\/akdenizolaygazetesi.com\/index.php?rest_route=\/wp\/v2\/posts\/11780\/revisions"}],"predecessor-version":[{"id":11783,"href":"https:\/\/akdenizolaygazetesi.com\/index.php?rest_route=\/wp\/v2\/posts\/11780\/revisions\/11783"}],"wp:featuredmedia":[{"embeddable":true,"href":"https:\/\/akdenizolaygazetesi.com\/index.php?rest_route=\/wp\/v2\/media\/11782"}],"wp:attachment":[{"href":"https:\/\/akdenizolaygazetesi.com\/index.php?rest_route=%2Fwp%2Fv2%2Fmedia&parent=11780"}],"wp:term":[{"taxonomy":"category","embeddable":true,"href":"https:\/\/akdenizolaygazetesi.com\/index.php?rest_route=%2Fwp%2Fv2%2Fcategories&post=11780"},{"taxonomy":"post_tag","embeddable":true,"href":"https:\/\/akdenizolaygazetesi.com\/index.php?rest_route=%2Fwp%2Fv2%2Ftags&post=11780"}],"curies":[{"name":"wp","href":"https:\/\/api.w.org\/{rel}","templated":true}]}}