{"id":11784,"date":"2021-04-09T10:06:42","date_gmt":"2021-04-09T07:06:42","guid":{"rendered":"http:\/\/akdenizolaygazetesi.com\/?p=11784"},"modified":"2021-04-09T10:10:56","modified_gmt":"2021-04-09T07:10:56","slug":"secer-cevre-dostu-otobus-kredisiyle-ilgili-konustu-eger-zaman-asimi-olursa-biz-buna-uzuluruz","status":"publish","type":"post","link":"https:\/\/akdenizolaygazetesi.com\/?p=11784","title":{"rendered":"SE\u00c7ER, \u00c7EVRE DOSTU OTOB\u00dcS KRED\u0130S\u0130YLE \u0130LG\u0130L\u0130 KONU\u015eTU: \u201cE\u011eER ZAMAN A\u015eIMI OLURSA B\u0130Z BUNA \u00dcZ\u00dcL\u00dcR\u00dcZ\u201d"},"content":{"rendered":"<p>Mersin B\u00fcy\u00fck\u015fehir Belediye Meclisi\u2019nin 2021 y\u0131l\u0131 Nisan ay\u0131 toplant\u0131s\u0131n\u0131n birinci birle\u015fimi, B\u00fcy\u00fck\u015fehir Belediye Ba\u015fkan\u0131 Vahap Se\u00e7er ba\u015fkanl\u0131\u011f\u0131nda Kongre ve Sergi Saray\u0131\u2019nda topland\u0131. Toplant\u0131da, kentsel d\u00f6n\u00fc\u015f\u00fcm, kat\u0131 at\u0131k bedelleri ve  yeni al\u0131nacak CNG yak\u0131tl\u0131 \u00e7evre dostu otob\u00fcslerle ilgili kullan\u0131lacak d\u0131\u015f kredi g\u00fcndeme geldi. Meclis\u2019te konu\u015fulan bir di\u011fer konu da Mart ay\u0131 Meclisi 2. birle\u015fiminde Mersin Liman\u0131 ile ilgili oy \u00e7oklu\u011fuyla al\u0131nan temenni karar\u0131n\u0131n usul y\u00f6n\u00fcnden hatal\u0131 oldu\u011fu iddialar\u0131yd\u0131.<\/p>\n<p>\u201cBu bir \u00e7o\u011fulcu demokrasi anlay\u0131\u015f\u0131d\u0131r\u201d<\/p>\n<p>Toplant\u0131da, Meclis\u2019te komisyonlara \u00fcye veremeyen siyasi partilerin \u00fcyeleri ile ba\u011f\u0131ms\u0131z \u00fcyelerin de ihtisas komisyonlar\u0131nda g\u00f6rev alabilmesine y\u00f6nelik g\u00fcndem d\u0131\u015f\u0131 madde g\u00f6r\u00fc\u015f\u00fcld\u00fc. Maddeyle ilgili g\u00f6r\u00fc\u015flerini payla\u015fan Ba\u015fkan Se\u00e7er, \u201cBurada ba\u011f\u0131ms\u0131z \u00fcyelerimiz var. Say\u0131sal olarak komisyonlarda temsil edilemeyen, say\u0131sal \u00e7o\u011funlu\u011fu komisyonlara \u00fcye vermeyi engelleyen baz\u0131 parti gruplar\u0131m\u0131z var. Halklar\u0131n Demokratik Partisi, \u0130Y\u0130 Parti, ba\u011f\u0131ms\u0131z var. Burada iki arkada\u015f\u0131m\u0131z ba\u011f\u0131ms\u0131z. Biz bu Meclis \u00fcyelerimizin de komisyonlarda yer almas\u0131n\u0131 arzu ederiz. Onlar da katk\u0131 sunsun \u00e7al\u0131\u015fmalara. Bu bir \u00e7o\u011fulcu demokrasi anlay\u0131\u015f\u0131d\u0131r. Ya da di\u011fer bir tabirle kat\u0131l\u0131mc\u0131 bir anlay\u0131\u015f\u0131n d\u00fc\u015f\u00fcncesi ya da de\u011ferlendirmesi diye d\u00fc\u015f\u00fcn\u00fcyorum. Ama tabii ki mevzuat da b\u00f6yle bir uygulamay\u0131 meclis karar\u0131na ba\u011flam\u0131\u015f. Meclis b\u00f6yle bir karar al\u0131rsa bunu yapabiliriz. Dolay\u0131s\u0131yla b\u00f6yle bir \u00f6nerge verdim\u201d dedi. G\u00fcndem d\u0131\u015f\u0131 madde Meclis oylamas\u0131 ile reddedildi.<\/p>\n<p>\u201cKimse sizi buraya zorla se\u00e7medi\u201d<\/p>\n<p>G\u00fcndem d\u0131\u015f\u0131 konu\u015fmalarla ilgili Meclis \u00fcyelerinin ele\u015ftirilerine de yan\u0131t veren Se\u00e7er, \u015funlar\u0131 s\u00f6yledi:<\/p>\n<p>\u201cBelki bu g\u00fcndem maddesinde baz\u0131 yeni uygulamalar getirilebilir ama meclis \u00fcyesinin duygu ve d\u00fc\u015f\u00fcncelerini burada ifade etmelerini engelleyecek bir karar almam\u0131z m\u00fcmk\u00fcn de\u011fil. Buras\u0131 Meclis, burada insanlar oturmaya gelmez. Burada insanlar konu\u015fmaya gelir. Kentin sorunlar\u0131n\u0131 aktarmaya gelir. L\u00fctfen herkesin a\u011fz\u0131ndan \u00e7\u0131kan\u0131 kula\u011f\u0131 duysun. Bunu defaatle s\u00f6yl\u00fcyorum biz buraya gelip, g\u00fcndemimiz \u015fudur deyip, katip \u00fcyelerimize \u2018maddeyi okuyun\u2019 deyip, kabul edenler, etmeyenler \u015feklinde\u2026 B\u00f6yle bir Meclis yok. Kapatal\u0131m o zaman Meclisi. Konu\u015faca\u011f\u0131z elbette. Arkada\u015flar siz Meclistesiniz. Bu 10, 20, 30 saat s\u00fcrer. \u00c7ok acil i\u015fi olan bir arkada\u015f\u0131m\u0131z\u0131n Belediye Ba\u015fkanl\u0131\u011f\u0131\u2019nda, Meclis \u00fcyeli\u011finde ne i\u015fi var? Gitsin o i\u015fini yaps\u0131n. Kimse sizi buraya zorla se\u00e7medi. Beni buraya zorla oturtturmad\u0131. Ben bunu anlamakta zorlan\u0131yorum ama bana deyin ki gereksiz konular konu\u015fulmas\u0131n. \u015eimdi herkes gayet g\u00fczel \u015feyler s\u00f6yl\u00fcyor, sorunlar\u0131 s\u00f6yl\u00fcyor. Neyi konu\u015faca\u011f\u0131z burada bana bir s\u00f6yler misiniz? G\u00fcndemdeki maddeler okunacak, falanca komisyona sevki kabul edenler, etmeyenler kapatt\u0131k, ge\u00e7. Komisyondan gelenler; zaten orada g\u00f6r\u00fc\u015f\u00fclm\u00fc\u015f, kabul edilmi\u015f. Kabul edenler, etmeyenler ge\u00e7. Haydi, eyvallah gidiyoruz. Ne anlad\u0131k bu i\u015ften? Buras\u0131 Meclis olmaktan \u00e7\u0131kar o zaman. B\u00f6yle bir anlay\u0131\u015f\u0131 kabul etmiyorum.\u201d<\/p>\n<p>Cumhur \u0130ttifak\u0131\u2019na mensup bir Meclis \u00fcyesinin \u2018\u015fehir gerilmesin\u2019 s\u00f6z\u00fc \u00fczerine Ba\u015fkan Se\u00e7er, \u201c\u015eehri geren yok. Konu\u015fmalar esnas\u0131nda baz\u0131 arzu etmedi\u011fimiz geli\u015fmeler olabiliyor. Bu \u015fehrin gerildi\u011fi anlam\u0131na gelmiyor. Dikkat edin genelde burada idarenin sizlerden talep etti\u011fi baz\u0131 konularda tart\u0131\u015fmalar b\u00fcy\u00fcyor ve \u015fehir geriliyor. Onun d\u0131\u015f\u0131nda \u015fehri gerecek bir \u015fey yok. Herkes nezaketli bir \u015fekilde konular\u0131 tart\u0131\u015f\u0131yor. \u0130ktidar\u0131n oldu\u011fu kadar muhalefetin de Ba\u015fkan\u0131n oldu\u011fu kadar Meclis \u00fcyelerinin de buna riayet etmesi gerekiyor\u201d dedi.<\/p>\n<p>Ba\u015fkan Se\u00e7er\u2019den AKP Milletvekili Y\u0131lmaz\u2019a yan\u0131t<\/p>\n<p>Ba\u015fkan Se\u00e7er, AKP Mersin Milletvekili Zeynep G\u00fcl Y\u0131lmaz\u2019\u0131n \u201cG\u00fcvenlik soru\u015fturmas\u0131\u201d tasar\u0131s\u0131 g\u00f6r\u00fc\u015fmelerinde sarf etti\u011fi \u201cBa\u011f\u0131rta ba\u011f\u0131rta Akdeniz Belediyesi&#8217;ni ald\u0131k, kan\u0131rta kan\u0131rta da B\u00fcy\u00fck\u015fehir&#8217;i alaca\u011f\u0131z\u201d s\u00f6zleriyle ilgili olarak \u015funlar\u0131 s\u00f6yledi:<\/p>\n<p>\u201cBen Say\u0131n Milletvekilimiz hakk\u0131nda, Zeynep G\u00fcl Y\u0131lmaz han\u0131mefendi hakk\u0131nda bir yorumda bulunmak istemiyorum. Neden bulunmak istemiyorum? \u00dcz\u00fcld\u00fcm. Kentimin bir kad\u0131n milletvekili. Milletvekillerime sayg\u0131 duyar\u0131m. Kad\u0131n oldu\u011fu i\u00e7in 2 kez sayg\u0131 duyar\u0131m. Zaten eni topu toplam \u015fu anda 12 milletvekilimiz var, 2 kad\u0131n milletvekilimiz var. Yani 12\u2019de 2. Onun i\u00e7in bir kat daha fazla sayg\u0131 duyar\u0131m. Ke\u015fke Meclis\u2019te, parlamentoda o k\u00fcrs\u00fcn\u00fcn ona yaratt\u0131\u011f\u0131 strese, hezeyana, heyecana kap\u0131lmasayd\u0131, b\u00f6yle bir s\u00f6z etmeseydi. Ke\u015fke etmeseydi ama b\u00f6yle bir s\u00f6z etmi\u015f. Bunun \u00fczerine benim bir han\u0131mefendiye burada bir g\u00f6nderme yapmam, bir laf s\u00f6ylemem zaten ahlak\u0131ma ayk\u0131r\u0131 bir \u015fey. Onu takdirlerinize b\u0131rak\u0131yorum.\u201d<\/p>\n<p>\u201cMutabakat\u0131 sa\u011flanm\u0131\u015f her \u00e7al\u0131\u015fmaya ben de yard\u0131mc\u0131 olurum, desteklerim\u201d<\/p>\n<p>Meclis\u2019te kentsel d\u00f6n\u00fc\u015f\u00fcm konusu da g\u00fcndeme geldi. Kentsel d\u00f6n\u00fc\u015f\u00fcmle ilgili \u2018topyek\u00fbn kar\u015f\u0131y\u0131z\u2019 ya da \u2018topyek\u00fbn evet dememiz m\u00fcmk\u00fcn de\u011fil\u2019 ifadelerine yer veren Se\u00e7er, \u201cBu bir mutabakat. Yani burada halk var, orada ya\u015fayan insanlar var. Getireceksiniz bir y\u00fcklenici firma bulacaks\u0131n\u0131z. Siz idari olarak onlar\u0131n i\u015fini kolayla\u015ft\u0131racaks\u0131n\u0131z, onun s\u0131k\u0131nt\u0131lar\u0131 var. \u0130marda belki baz\u0131 d\u00fczenlemeler yapacaks\u0131n\u0131z. Bir altyap\u0131 olu\u015fturacaks\u0131n\u0131z. \u015eimdi bu konu siyah beyaz de\u011fil, bu gri bir alan. Mutabakat\u0131 sa\u011flanm\u0131\u015f her \u00e7al\u0131\u015fmaya ben de yard\u0131mc\u0131 olurum, desteklerim. Halk\u0131n onay\u0131 al\u0131nm\u0131\u015fsa benim i\u015fi kolayla\u015ft\u0131rmam gerekir ve bu g\u00f6revi de ben harfiyen yerine getiririm. Biz i\u015flerin \u00f6n\u00fcn\u00fc t\u0131kamak de\u011fil kentin \u00f6n\u00fcn\u00fc a\u00e7mak i\u00e7in sorunlar\u0131 bir an \u00f6nce \u00e7\u00f6zmeye gayret ediyoruz. B\u00fct\u00fcn belediyelerimiz idaremizle, B\u00fcy\u00fck\u015fehir\u2019le ilgili oturulup, konu\u015fulup, mutabakat sa\u011flanan b\u00fct\u00fcn konularda, emrivaki olmayan konularda bizim katk\u0131m\u0131z\u0131 g\u00f6rm\u00fc\u015ft\u00fcr. Bunun aksi bir durum varsa bir g\u00f6zden ka\u00e7mad\u0131r, bir yanl\u0131\u015fl\u0131kt\u0131r, biz bunu da d\u00fczeltiriz\u201d dedi.<\/p>\n<p>Se\u00e7er, \u00e7evre dostu otob\u00fcslerle ilgili krediyi de de\u011ferlendirdi: \u201cZaman a\u015f\u0131m\u0131 olursa \u00fcz\u00fcl\u00fcr\u00fcz\u201d<\/p>\n<p>Ba\u015fkan Se\u00e7er, \u00e7evre dostu yeni otob\u00fcsler i\u00e7in EBRD Green City kapsam\u0131nda kullan\u0131lacak krediyle ilgili ya\u015fanan s\u0131k\u0131nt\u0131lar\u0131 de\u011ferlendirirken, \u201cHer \u015fey bitmi\u015f, i\u015f yat\u0131r\u0131m program\u0131na almaya kalm\u0131\u015f. Say\u0131n Cumhurba\u015fkan\u0131\u2019ndan bu talepte bulunulmu\u015f. \u015eu g\u00fcne kadar bir arpa boyu yol alamad\u0131k. Bu krediler siz de takdir edersiniz ki bir proje kapsam\u0131nda geliyor. Belli bir s\u00fcre kullan\u0131lmad\u0131\u011f\u0131 taktirde bu krediler geri gidiyor. E\u011fer zaman a\u015f\u0131m\u0131 olursa biz buna \u00fcz\u00fcl\u00fcr\u00fcz. Bundan kent kaybeder. Tekrar s\u00f6yl\u00fcyorum 22 milyon Avro gelecek, 7 milyonu silinecek. \u00dczerine binen faiziyle beraber eni topu bizim \u00f6deyece\u011fimiz 18 milyon lira olacak. Yani 22 alaca\u011f\u0131z, 18 \u00f6deyece\u011fiz. 2 y\u0131l \u00f6demesiz, 10 y\u0131lda \u00f6deyece\u011fiz. Yakla\u015f\u0131k olarak bug\u00fcnk\u00fc bedelleriyle 110-120 CNG\u2019li yeni otob\u00fcs alaca\u011f\u0131z. Bu da buradan bir sesimizdir. Bunun da duyulmas\u0131n\u0131 istiyoruz\u201d diye konu\u015ftu.<\/p>\n<p>\u201cKat\u0131 at\u0131k bedellerinin B\u00fcy\u00fck\u015fehir\u2019le alakas\u0131 yok\u201d<\/p>\n<p>Meclis\u2019te kat\u0131 at\u0131k bedelleriyle ilgili \u015fik\u00e2yetler de g\u00fcndeme geldi. Kat\u0131 at\u0131k bedellerinin Mersin B\u00fcy\u00fck\u015fehir Belediyesi\u2019yle ilgisinin olmad\u0131\u011f\u0131n\u0131 vurgulayan Se\u00e7er, s\u00f6zlerine \u015f\u00f6yle devam etti:<\/p>\n<p>\u201cAnamur Belediyemiz de bir a\u00e7\u0131klama yapm\u0131\u015f. \u2018Benim haberim yok bundan\u2019 demi\u015f ya da \u2018bunu MESK\u0130 topluyor\u2019. Bildiri kendisinde. Tekrar okuyabilir. Bak\u0131n inan\u0131n ben hayretle okudum. \u2018Bug\u00fcne kadar bize bir para gelmedi\u2019 demi\u015f. \u015eimdi bak\u0131n bu bir ba\u015fkana uygun bir davran\u0131\u015f de\u011fil. Buradan Anamur halk\u0131, Tarsus halk\u0131, Mersin\u2019in merkezdeki 4 il\u00e7e halk\u0131, herkes beni dinlesin. Bu al\u0131nan paralar\u0131n, kat\u0131 at\u0131k bedellerinin B\u00fcy\u00fck\u015fehir\u2019le alakas\u0131 yoktur. Bir delikli kuru\u015f bizim kesemize girmiyor. Bizim hakk\u0131m\u0131za d\u00fc\u015feni biz kendi tasarrufumuzla almayaca\u011f\u0131z dedik. Baz\u0131 belediyelerimiz, il\u00e7e belediyelerimiz de alm\u0131yor. Ama sizin Anamur Belediyesi al\u0131yor. Di\u011fer belediyeler al\u0131yor. Biz sizin ad\u0131n\u0131za bunu kesiyoruz. Bu ald\u0131\u011f\u0131m\u0131z Meclis karar\u0131nda var. Sizin de onay\u0131n\u0131z var. MESK\u0130 sizlere yat\u0131racak ama siz vatanda\u015f\u0131 aldat\u0131yorsunuz Say\u0131n Ba\u015fkan. Bu \u00e7ok yanl\u0131\u015ft\u0131r. Ha bunlar\u0131 g\u00f6r\u00fc\u015fmeyelim, kenti germeyelim. Ortada g\u00f6z g\u00f6re g\u00f6re bir yanl\u0131\u015f y\u00f6nlendirme var. Anamur\u2019da al\u0131nan her delikli kuru\u015f Anamur Belediyesi\u2019nindir. Merkezde hangi belediye olursa olsun, her delikli kuru\u015f il\u00e7e belediyesinindir.\u201d<\/p>\n<p>Mersin Liman\u0131\u2019yla ilgili temenni karar\u0131 g\u00fcndeme geldi<\/p>\n<p>Ba\u015fkan Se\u00e7er, bir \u00f6nceki Meclis toplant\u0131s\u0131nda Mersin Liman\u0131 konusunda al\u0131nan temenni karar\u0131na kat\u0131lmay\u0131p, salonu terk eden \u00fcyelerin Toplant\u0131 Tutanak \u00d6zeti\u2019yle ilgili itirazlar\u0131na da yan\u0131t verdi. Bir Meclis \u00fcyesinin oy \u00e7oklu\u011fu ile verilen temenni karar\u0131nda usul olarak bir hata oldu\u011funu iddia etmesi \u00fczerine Ba\u015fkan Se\u00e7er, s\u00f6z konusu toplant\u0131n\u0131n g\u00f6r\u00fcnt\u00fclerini yeniden izlettirdi. Se\u00e7er, maddenin kabul edilmesinde usul olarak bir yanl\u0131\u015f\u0131n olmad\u0131\u011f\u0131n\u0131 belirterek, \u201cToplant\u0131 yeter say\u0131s\u0131 43. Bizim benimle beraber 79 \u00fcyemiz var. 40, toplant\u0131y\u0131 a\u00e7maya yeterli oluyor, 21 de karar almaya yeterli oluyor. Hem toplant\u0131y\u0131 a\u00e7arken hem karar al\u0131rken, yani oylama yaparken biz bunu sa\u011flam\u0131\u015f\u0131z. B\u00f6yle bir \u015fey olsa oldubittiye getirip b\u00f6yle hukuksuz bir davran\u0131\u015f i\u00e7erisinde olunabilir mi?\u201d diye sordu. Toplant\u0131 Tutana\u011f\u0131\u2019n\u0131n tamam\u0131m\u0131n kabul edilmemesi gibi bir durumun s\u00f6z konusu olamayaca\u011f\u0131n\u0131, sadece Mersin Liman\u0131 ile ilgili maddeye \u015ferh konulabilece\u011fini ifade eden Ba\u015fkan Se\u00e7er, Toplant\u0131 Tutanak \u00d6zeti\u2019nin do\u011frulu\u011funu oylad\u0131. Tutanak \u00d6zeti\u2019nin do\u011frulu\u011fu oy \u00e7oklu\u011fuyla reddedildi.<\/p>\n<p>\u201cToplant\u0131da oylamaya kat\u0131lmama kamuoyuna kar\u015f\u0131 net bir tav\u0131r de\u011fildir\u201d<\/p>\n<p>Limanla ilgili temenni karar\u0131n\u0131n tarihe not d\u00fc\u015fmek amac\u0131yla al\u0131nd\u0131\u011f\u0131n\u0131, ret oyu kullananlar\u0131n Mart ay\u0131 2. birle\u015fiminin 2. oturumunda olmad\u0131\u011f\u0131n\u0131 hat\u0131rlatan Se\u00e7er, temenni karar\u0131n\u0131 alan \u00fcyelere y\u00f6nelik \u20183-5 Meclis \u00fcyesi\u201d tabirinin kullan\u0131lmas\u0131 \u00fczerine de \u201cBu \u00e7ok \u015f\u0131k olmam\u0131\u015ft\u0131r\u201d dedi. Se\u00e7er, konuyla ilgili \u015funlar\u0131 s\u00f6yledi:<\/p>\n<p>\u201cZaten o anda sizler orada yoktunuz. Bunun gerek\u00e7esi asl\u0131nda tart\u0131\u015fmaya a\u00e7\u0131k siyasi olarak da. Bir karardan ka\u00e7ma m\u0131d\u0131r? Yani kamuoyuna kar\u015f\u0131 net bir tav\u0131r de\u011fildir toplant\u0131da oylamaya kat\u0131lmama. Asl\u0131nda do\u011fru olan bir \u015feyi kamuoyunun \u00f6n\u00fcnden ka\u00e7\u0131rma ad\u0131na yap\u0131lm\u0131\u015f bir eylem olarak de\u011ferlendiriyorum. Yani vicdan diyor ki; \u2018oras\u0131n\u0131n doldurulmas\u0131 bu \u015fekilde uygun de\u011fildir ama siyaseten b\u00f6yle bir karar al\u0131nm\u0131\u015f, hadi biz buray\u0131 terk edelim\u2019. Kamuoyuna deyin ki; \u2018do\u011frudur\u2019. Bunda bir \u015fey yok. Kimse size buradan zorla Meclis d\u0131\u015f\u0131na \u00e7\u0131k\u0131n demedi. Ben de \u00fcz\u00fcld\u00fcm. O \u015fekilde bir tav\u0131r hangi \u00fcst ak\u0131l taraf\u0131ndan bu gruba dikte edildi? Yoksa Say\u0131n Ba\u015fkan geldi, konu\u015fma yapt\u0131, g\u00f6r\u00fc\u015flerini s\u00f6yledi. Birka\u00e7 arkada\u015f\u0131m yine oturuyordu. San\u0131yorum Say\u0131n Ba\u015fkan da buradayd\u0131 ama daha sonra d\u0131\u015far\u0131 \u00e7\u0131kt\u0131lar. Yani birileri demek ki bu \u015fekilde gruba y\u00f6n verdi diyelim. \u015eimdi burada halk\u0131n \u00f6n\u00fcnde neyi tart\u0131\u015f\u0131yoruz? Bu bir niyet meselesi. B\u00f6yle bir niyetimiz var, biz niyetimizi bildiriyoruz Meclis olarak. Siz o toplant\u0131da kalsayd\u0131n\u0131z \u2018hay\u0131r\u2019 deseydiniz, hay\u0131r \u00e7\u0131ksayd\u0131. Niye \u00e7\u0131kt\u0131n\u0131z? Neyi tart\u0131\u015f\u0131yorsunuz? Neyin tutanak \u00f6zetini bana itiraz ediyorsunuz? Limana kar\u015f\u0131ysan kalsayd\u0131n \u2018evet\u2019 oyu verenlerle evet oyu kullansayd\u0131n. Hay\u0131rsa niye d\u0131\u015far\u0131 \u00e7\u0131kt\u0131n? Burada kalsayd\u0131n \u2018hay\u0131r karde\u015fim liman doldurulsun\u2019 deseydin. Ben itiraz\u0131n\u0131 anlamakta zorlan\u0131yorum.\u201d<\/p>\n<p>\u201cBelediyemizin dava gerek\u00e7esini bilirki\u015fi makul bulmu\u015f, do\u011fru bulmu\u015f\u201d<\/p>\n<p>Mersin Liman\u0131 ile ilgili a\u00e7t\u0131klar\u0131 davada ke\u015fif yap\u0131ld\u0131\u011f\u0131n\u0131 ve bilirki\u015fi raporunun geldi\u011fini s\u00f6yleyen Ba\u015fkan Se\u00e7er, \u201cBiz hukuk devleti oldu\u011fumuza hala inan\u0131yoruz. Gittik dava a\u00e7t\u0131k. \u0130dare Mahkemesi\u2019nde s\u00fcren davam\u0131zda 1 \u015eubat tarihinde bir ke\u015fif yap\u0131ld\u0131 ve sonu\u00e7 geldi bilirki\u015fi raporunda; 30 sayfal\u0131k, daha \u00e7ok yeni, d\u00fcn bunlar da yay\u0131nland\u0131; \u2018kapasite art\u0131r\u0131m\u0131n\u0131n plan kademelenmesine \u015fehircilik ilkelerine ve kamu yarar\u0131na uygun olmad\u0131\u011f\u0131 kanaatine var\u0131lm\u0131\u015ft\u0131r\u2019 diyor. Yani bizim belediyemizin dava gerek\u00e7esini bilirki\u015fi makul bulmu\u015f, do\u011fru bulmu\u015f ve bilirki\u015fi o y\u00f6nde karar vermi\u015f\u201d dedi.<\/p>\n<p>Se\u00e7er, liman i\u00e7in al\u0131nan temenni karar\u0131n\u0131n sonucu de\u011fi\u015ftirmeyece\u011finin ve temelinin at\u0131ld\u0131\u011f\u0131n\u0131n hat\u0131rlat\u0131lmas\u0131 \u00fczerine, \u201cBuras\u0131 bir hukuk devleti. Bakan geldi temel att\u0131 diye otural\u0131m kaderimize raz\u0131 m\u0131 olal\u0131m? Yok b\u00f6yle bir \u015fey. Kanun var, nizam var\u201d diye konu\u015ftu.<\/p>\n<p>\u201cMersinimiz\u2019e bu g\u00fczel insanlar de\u011fer kat\u0131yor\u201d<\/p>\n<p>Ba\u015fkan Se\u00e7er, 8 Nisan D\u00fcnya Romanlar G\u00fcn\u00fc\u2019n\u00fc kutlad\u0131. Romanlar\u0131n kadim bir gelene\u011fe sahip oldu\u011funu ifade eden Se\u00e7er, \u201cMersin\u2019imize bu g\u00fczel insanlar de\u011fer kat\u0131yorlar\u201d ifadelerine yer verdi. Polis Haftas\u0131\u2019n\u0131 da kutlayan Se\u00e7er, \u201c\u015eehit olan polislerimize Allah\u2019tan rahmet diliyorum. G\u00f6revi ba\u015f\u0131nda olanlara ba\u015far\u0131lar diliyorum\u201d dedi.<\/p>\n","protected":false},"excerpt":{"rendered":"<p>Mersin B\u00fcy\u00fck\u015fehir Belediye Meclisi\u2019nin 2021 y\u0131l\u0131 Nisan ay\u0131 toplant\u0131s\u0131n\u0131n birinci birle\u015fimi, B\u00fcy\u00fck\u015fehir Belediye Ba\u015fkan\u0131 Vahap Se\u00e7er ba\u015fkanl\u0131\u011f\u0131nda Kongre ve Sergi Saray\u0131\u2019nda topland\u0131. Toplant\u0131da, kentsel d\u00f6n\u00fc\u015f\u00fcm, kat\u0131 at\u0131k bedelleri ve yeni &hellip; <a href=\"https:\/\/akdenizolaygazetesi.com\/?p=11784\" class=\"more-link\">Devam\u0131n\u0131 Oku&#8230;<\/a><\/p>\n","protected":false},"author":2,"featured_media":11786,"comment_status":"open","ping_status":"open","sticky":false,"template":"","format":"standard","meta":[],"categories":[34,1,2,3,5],"tags":[],"_links":{"self":[{"href":"https:\/\/akdenizolaygazetesi.com\/index.php?rest_route=\/wp\/v2\/posts\/11784"}],"collection":[{"href":"https:\/\/akdenizolaygazetesi.com\/index.php?rest_route=\/wp\/v2\/posts"}],"about":[{"href":"https:\/\/akdenizolaygazetesi.com\/index.php?rest_route=\/wp\/v2\/types\/post"}],"author":[{"embeddable":true,"href":"https:\/\/akdenizolaygazetesi.com\/index.php?rest_route=\/wp\/v2\/users\/2"}],"replies":[{"embeddable":true,"href":"https:\/\/akdenizolaygazetesi.com\/index.php?rest_route=%2Fwp%2Fv2%2Fcomments&post=11784"}],"version-history":[{"count":2,"href":"https:\/\/akdenizolaygazetesi.com\/index.php?rest_route=\/wp\/v2\/posts\/11784\/revisions"}],"predecessor-version":[{"id":11788,"href":"https:\/\/akdenizolaygazetesi.com\/index.php?rest_route=\/wp\/v2\/posts\/11784\/revisions\/11788"}],"wp:featuredmedia":[{"embeddable":true,"href":"https:\/\/akdenizolaygazetesi.com\/index.php?rest_route=\/wp\/v2\/media\/11786"}],"wp:attachment":[{"href":"https:\/\/akdenizolaygazetesi.com\/index.php?rest_route=%2Fwp%2Fv2%2Fmedia&parent=11784"}],"wp:term":[{"taxonomy":"category","embeddable":true,"href":"https:\/\/akdenizolaygazetesi.com\/index.php?rest_route=%2Fwp%2Fv2%2Fcategories&post=11784"},{"taxonomy":"post_tag","embeddable":true,"href":"https:\/\/akdenizolaygazetesi.com\/index.php?rest_route=%2Fwp%2Fv2%2Ftags&post=11784"}],"curies":[{"name":"wp","href":"https:\/\/api.w.org\/{rel}","templated":true}]}}