{"id":11789,"date":"2021-04-09T10:12:00","date_gmt":"2021-04-09T07:12:00","guid":{"rendered":"http:\/\/akdenizolaygazetesi.com\/?p=11789"},"modified":"2021-04-09T10:12:36","modified_gmt":"2021-04-09T07:12:36","slug":"belediyemizin-borc-stokunda-838-milyon-593-bin-liralik-azalma-var","status":"publish","type":"post","link":"https:\/\/akdenizolaygazetesi.com\/?p=11789","title":{"rendered":"\u201cBELED\u0130YEM\u0130Z\u0130N BOR\u00c7 STOKUNDA 838 M\u0130LYON 593 B\u0130N L\u0130RALIK AZALMA VAR\u201d"},"content":{"rendered":"<p>Mersin B\u00fcy\u00fck\u015fehir Belediye Meclisi\u2019nin 2021 y\u0131l\u0131 Nisan Ay\u0131 1. birle\u015fimi, B\u00fcy\u00fck\u015fehir Belediye Ba\u015fkan\u0131 Vahap Se\u00e7er ba\u015fkanl\u0131\u011f\u0131nda yap\u0131ld\u0131. B\u00fcy\u00fck\u015fehir Belediyesi Kongre ve Sergi Saray\u0131\u2019nda yap\u0131lan toplant\u0131da Ba\u015fkan Se\u00e7er, 31 Mart 2019 yerel se\u00e7imlerinden bu yana ge\u00e7en 2 y\u0131lda hayata ge\u00e7irdikleri hizmet ve projelere dair konu\u015ftu. Se\u00e7er, se\u00e7im \u00f6ncesi verdikleri s\u00f6zleri bir bir yerine getirdiklerini belirterek, \u00f6nceki y\u00f6netimden devrald\u0131klar\u0131 bor\u00e7 stokunu da \u00f6nemli oranda azaltt\u0131klar\u0131n\u0131 s\u00f6yledi.<\/p>\n<p>\u201cB\u00fcy\u00fck\u015fehir Belediyemizin bor\u00e7 stokunda 838 milyon 593 bin 887 liral\u0131k azalma var\u201d<\/p>\n<p>Se\u00e7im \u00f6ncesi verilen s\u00f6zlerin hayata ge\u00e7irildi\u011fi proje ve faaliyetler ile y\u00f6netim anlay\u0131\u015f\u0131 ilkelerinin anlat\u0131ld\u0131\u011f\u0131 sunumun ard\u0131ndan konu\u015fan Ba\u015fkan Se\u00e7er, \u201cEn \u00f6nemli konu birinci s\u0131rada para, ikinci s\u0131rada ise insan kayna\u011f\u0131. Kenti ve do\u011fal olarak b\u00f6yle de\u011ferlerimizi iyi sevk ve idare edebilmemiz i\u00e7in bu s\u00fcre i\u00e7erisinde mali disiplini sa\u011flad\u0131k. \u015eu anki son tabloyu veriyorum: Bizim devrald\u0131\u011f\u0131m\u0131z 2 milyar 246 milyon 949 bin liral\u0131k toplam borcumuz, 1 milyar 408 milyon 355 bin lira d\u00fczeyine indi. Yani bor\u00e7 stokumuzda sadece B\u00fcy\u00fck\u015fehir Belediyemizde 838 milyon 593 bin 887 liral\u0131k azalma var. MESK\u0130\u2019yi ayr\u0131 tutuyorum, onu da onun genel kurulunda anlataca\u011f\u0131z. Demek ki, \u2018Belediye hi\u00e7 yat\u0131r\u0131m yapm\u0131yor\u2019 \u015feklinde bir de\u011ferlendirme olabilir. Nas\u0131l olabilir? Bor\u00e7lanma alamad\u0131k. 2019\u2019da 164 milyon liral\u0131k bor\u00e7lanma yetkisi ve bankaya bor\u00e7lanma d\u0131\u015f\u0131nda 2020 y\u0131l\u0131 i\u00e7erisinde bor\u00e7lanma alamad\u0131k. Kendi \u00f6z gelirlerimiz, \u0130ller Bankas\u0131 gelirlerimiz ve genel b\u00fct\u00e7e gelirlerinden g\u00f6nderilen pay\u0131n d\u0131\u015f\u0131nda Belediyemizin herhangi bir geliri yoktur. Ancak tabi ki yat\u0131r\u0131m da yapt\u0131k, yapmaya da devam ediyoruz. Biten projelerimiz var, devam eden projelerimiz var, ihale a\u015famas\u0131nda olan projelerimiz var\u201d dedi.<\/p>\n<p>\u201c2020 y\u0131l\u0131nda proje say\u0131m\u0131z 150, biten proje say\u0131m\u0131z ise 127\u201d<\/p>\n<p>2019 y\u0131l\u0131 b\u00fct\u00e7esinin bir \u00f6nceki y\u00f6netim taraf\u0131ndan ger\u00e7ekle\u015ftirildi\u011fini an\u0131msatan Se\u00e7er, \u015f\u00f6yle devam etti:<\/p>\n<p>\u201cMart ay\u0131 se\u00e7imlerinden sonra 2 milyar 255 milyon liral\u0131k bir b\u00fct\u00e7e devrald\u0131k. Kuca\u011f\u0131m\u0131zda buldu\u011fumuz bu. Ama az \u00f6nce de s\u00f6yledi\u011fim gibi 2 milyar 246 milyon liral\u0131k devrald\u0131\u011f\u0131m\u0131z bir bor\u00e7 y\u00fck\u00fc ile ve tabi ki zorunlu giderler, rutin harcamalar ve cari harcamalar\u0131m\u0131z\u0131 da bunun i\u00e7ine katarsan\u0131z asl\u0131nda \u00e7ok rahat bir tablo ile biz kar\u015f\u0131 kar\u015f\u0131ya kalmad\u0131k. 2019 y\u0131l\u0131nda b\u00fct\u00e7emiz 2 milyar 255 milyon lira iken biz 2020 y\u0131l\u0131 i\u00e7erisinde de yakla\u015f\u0131k olarak ayn\u0131 b\u00fct\u00e7eyi yapt\u0131k. Daha ger\u00e7ek\u00e7i bir b\u00fct\u00e7e yapal\u0131m, dedik. Bu y\u0131l i\u00e7erisinde de 2 milyar 695 milyon liral\u0131k bir b\u00fct\u00e7e revize ettik. Daha ger\u00e7ek\u00e7i b\u00fct\u00e7eler yapt\u0131k. Bizim 2019 y\u0131l\u0131ndaki bir \u00f6nceki y\u00f6netimin stratejik plan\u0131ndaki, yat\u0131r\u0131m program\u0131ndaki proje say\u0131s\u0131 130 adet. Biten proje say\u0131s\u0131 84. Devam eden, ba\u015flamayan proje tabloda g\u00f6r\u00fcld\u00fc\u011f\u00fc gibi. Bu projelerin toplamda fiziki ger\u00e7ekle\u015fme oran\u0131 y\u00fczde 45\u2019lerde kalm\u0131\u015f ilk y\u0131l. \u00c7ok d\u00fc\u015f\u00fck bir rakam. Parasal ger\u00e7ekle\u015fme oran\u0131 da y\u00fczde 54 seviyelerinde yani 376 milyon 696 bin liral\u0131k bir \u00f6denek var projeleri ger\u00e7ekle\u015ftirmek i\u00e7in. Bunun sadece 203 milyon 601 bin liral\u0131k k\u0131sm\u0131 ger\u00e7ekle\u015ftirilmi\u015f ve y\u00fczde 54\u2019l\u00fck bir oran elde edebilmi\u015fiz. Ancak 2020 y\u0131l\u0131na geldi\u011fimizde proje say\u0131m\u0131z 150\u2019ye \u00e7\u0131km\u0131\u015f, biten proje say\u0131m\u0131z ise 127\u2019ye. Burada ay\u0131rd\u0131\u011f\u0131m\u0131z yat\u0131r\u0131mlara \u00f6denek miktar\u0131 492 milyon lira. Projelerin ger\u00e7ekle\u015fme oran\u0131 y\u00fczde 96\u2019ya \u00e7\u0131km\u0131\u015f. Fiziki ger\u00e7ekle\u015fme oran\u0131 y\u00fczde 45\u2019lerden y\u00fczde 96\u2019lara ve parasal ger\u00e7ekle\u015fme de y\u00fczde 54\u2019lerden y\u00fczde 92\u2019ye y\u00fckseldi.\u201d<\/p>\n<p>\u201c\u0130sraf\u0131 \u00f6nledi\u011fimiz zaman param\u0131z kasam\u0131zda birikiyor\u201d<\/p>\n<p>Meclis\u2019te g\u00f6r\u00fc\u015f\u00fclecek faaliyet raporu ile ilgili de\u011ferlendirmeler yapt\u0131\u011f\u0131n\u0131 belirten Se\u00e7er, \u201cDemek ki yap\u0131lan b\u00fct\u00e7e, yat\u0131r\u0131m program\u0131, harcama \u00f6dene\u011fi, yap\u0131lan ger\u00e7ek harcama bunlara bakt\u0131\u011f\u0131n\u0131z zaman y\u00fczde 96 gibi projelerde bir ger\u00e7ekle\u015fme ve harcama tutar\u0131nda y\u00fczde 92\u2019lik bir ger\u00e7ekle\u015fme son derece de\u011ferlidir\u201d dedi. B\u00fcy\u00fck\u015fehir Belediyesi\u2019nin yat\u0131r\u0131m b\u00fct\u00e7esinin toplam b\u00fct\u00e7eye oran\u0131n\u0131n \u00f6nemli oldu\u011funu da s\u00f6yleyen Se\u00e7er, konu\u015fmas\u0131n\u0131n devam\u0131nda \u015fu ifadeleri kulland\u0131:<\/p>\n<p>\u201cB\u00fct\u00e7eniz var da ne kadar\u0131n\u0131 yat\u0131r\u0131ma d\u00f6n\u00fc\u015ft\u00fcr\u00fcyorsunuz? Di\u011ferlerini biliyorsunuz, yat\u0131r\u0131m d\u0131\u015f\u0131nda kalanlar genellikle cari harcamalara gidiyor. Akaryak\u0131t bedeli, elektrik bedeli, personel gideri, rutin harcamalar\u2026 Yedi\u011finiz i\u00e7ti\u011finiz, belediyenin sabit giderleri\u2026 Sizin b\u00fct\u00e7enizin ne kadar\u0131n\u0131n yat\u0131r\u0131m b\u00fct\u00e7esi oldu\u011fu da \u00f6nemli. Biz devrald\u0131\u011f\u0131m\u0131zda bizden \u00f6nceki y\u00f6netim bu oran\u0131 y\u00fczde 17 olarak belirlemi\u015f. Y\u00fczde 92\u2019sini ger\u00e7ekle\u015ftirdi\u011fimiz bu projelerin, yat\u0131r\u0131m b\u00fct\u00e7esinin toplam b\u00fct\u00e7eye oran\u0131 y\u00fczde 22\u2019ye \u00e7\u0131km\u0131\u015f. Yine 2019 y\u0131l\u0131na g\u00f6re yat\u0131r\u0131m b\u00fct\u00e7esi de\u011fi\u015fim oran\u0131 da 376 milyon liradan 492 milyon liraya \u00e7\u0131karak y\u00fczde 31 seviyelerine ula\u015fm\u0131\u015f. Gelelim bu y\u0131la. Tabi bu y\u0131l\u0131n i\u00e7erisindeyiz. Bizim b\u00fct\u00e7emiz, sizin de onaylad\u0131\u011f\u0131n\u0131z b\u00fct\u00e7e 2 milyar 695 milyon lira ve 169 proje ger\u00e7ekle\u015ftirece\u011fimizi s\u00f6yledik. Bu projelerin tutar\u0131 da 666 milyon lira ve onun da yani yat\u0131r\u0131m b\u00fct\u00e7esinin toplam b\u00fct\u00e7eye oran\u0131 y\u00fczde 25 civar\u0131nda. Yani y\u00fczde 17\u2019de devrald\u0131\u011f\u0131m\u0131z b\u00fct\u00e7eyi, y\u00fczde 22\u2019ye \u00e7\u0131karm\u0131\u015f\u0131z 2020\u2019de. \u015eimdi de yat\u0131r\u0131m oran\u0131n\u0131n b\u00fct\u00e7eye oran\u0131n\u0131 y\u00fczde 25 seviyelerine \u00e7\u0131karm\u0131\u015f\u0131z. Her ge\u00e7en g\u00fcn, her ge\u00e7en y\u0131l bu oran\u0131 art\u0131rarak daha fazla yat\u0131r\u0131m hedeflemi\u015fiz. Tekrar tekrar alt\u0131n\u0131 \u00e7iziyorum; y\u00fczde 90\u2019\u0131n \u00fczerinde y\u00fczde 96 gibi bir proje ger\u00e7ekle\u015fmesi ve harcama ger\u00e7ekle\u015fmesi yine y\u00fczde 90 \u00fczerinde y\u00fczde 92 seviyelerinde. Bor\u00e7lanmadan, har\u00e7lanmadan bunlar\u0131 yapmak zorunday\u0131z. \u0130\u015flerimiz devam ediyor, devam edecek. Elbette ki eksik kald\u0131\u011f\u0131m\u0131z noktalar var. \u0130yi oldu\u011fumuz noktalar var ve daha iyi olabilece\u011fimiz noktalar var.\u201d<\/p>\n<p>B\u00fcy\u00fck\u015fehir Belediyesi\u2019nin dairelerinin yapt\u0131\u011f\u0131 hizmetleri anlatmaya saatlerin yetmeyece\u011fini ifade eden Se\u00e7er, \u201cBen Belediye Ba\u015fkan\u0131 olmazdan \u00f6nce belediyenin gelirlerinin fena gelirler olmad\u0131\u011f\u0131n\u0131 savundum ve bu gelirlerin ak\u0131lc\u0131 kullan\u0131lmas\u0131 durumunda, israf edilmemesi durumunda, gereksiz projelere kaynak ayr\u0131lmamas\u0131 durumunda fevkalade hizmetler yap\u0131labilece\u011fini hep iddia ettim ve etmeye de devam ediyorum. Bakt\u0131m ki biz israf\u0131 \u00f6nledi\u011fimiz zaman param\u0131z kasada birikiyor. Ama i\u015fi takip etmedi\u011finiz, har vurup harman savurdu\u011funuz, proje analizini do\u011fru yapmad\u0131\u011f\u0131n\u0131z, i\u015fin arkas\u0131n\u0131 aramad\u0131\u011f\u0131n\u0131z, i\u015finizi ciddiye almad\u0131\u011f\u0131n\u0131z zaman i\u015fler k\u00f6t\u00fcye gidiyor\u201d dedi.<\/p>\n<p>Se\u00e7er, ak\u0131lc\u0131 y\u00f6ntemlerle akaryak\u0131t al\u0131mlar\u0131nda yakalad\u0131klar\u0131 ba\u015far\u0131y\u0131 anlatt\u0131<\/p>\n<p>2 y\u0131l i\u00e7erisinde \u00f6nemli tasarruflar sa\u011flad\u0131klar\u0131n\u0131 vurgulayan Ba\u015fkan Se\u00e7er, giderlerde \u00f6nemli kaleme sahip olan akaryak\u0131t\u0131n al\u0131m y\u00f6nteminde g\u00f6reve geldikten sonra de\u011fi\u015fikli\u011fe gittiklerini belirtti. Ba\u015fkan Se\u00e7er, 2019 y\u0131l\u0131nda yap\u0131lan akaryak\u0131t ihalesinde motorinin yakla\u015f\u0131k 108 milyon 523 bin lira, kur\u015funsuz benzinin 1 milyon 767 bin lira, AdBlue\u2019nun ise 172 bin liral\u0131k maliyete sahip oldu\u011funu s\u00f6yledi. 2019 y\u0131l\u0131 sonuna kadar motorinde y\u00fczde 1, kur\u015funsuz benzinde y\u00fczde 0.3 k\u0131r\u0131m ald\u0131klar\u0131n\u0131 belirten Ba\u015fkan Se\u00e7er, \u201cAdBlue\u2019da b\u0131rak\u0131n k\u0131r\u0131m\u0131, yakla\u015f\u0131k maliyetin y\u00fczde 8 \u00fczerine \u00e7\u0131k\u0131lm\u0131\u015f. Bu belgeler burada\u201d dedi.<\/p>\n<p>2020 y\u0131l\u0131nda ak\u0131lc\u0131 y\u00f6ntemlerle akaryak\u0131t al\u0131m oranlar\u0131nda yakalad\u0131klar\u0131 ba\u015far\u0131ya de\u011finen Ba\u015fkan Se\u00e7er, d\u00f6kme olan motorin birim fiyat\u0131-k\u0131r\u0131m oran\u0131n\u0131n y\u00fczde 14.8, istasyondan temin edilen motorinin k\u0131r\u0131m oran\u0131n\u0131n ise y\u00fczde 9.5 oldu\u011funu belirterek, motorinde ortalama k\u0131r\u0131m oran\u0131n\u0131n y\u00fczde 13.3 oldu\u011funu s\u00f6yledi. 2020 y\u0131l\u0131n\u0131n AdBlue al\u0131m\u0131na da de\u011finen Ba\u015fkan Se\u00e7er, AdBlue\u2019da k\u0131r\u0131m oran\u0131n\u0131n y\u00fczde 16 d\u00fczeyinde bulundu\u011funu s\u00f6yledi.<\/p>\n<p>\u201c20 milyona yak\u0131n bir rakam kasam\u0131zda kal\u0131yor\u201d<\/p>\n<p>2021 y\u0131l\u0131na gelindi\u011finde ise d\u00f6kme motorin k\u0131r\u0131m oran\u0131n\u0131n y\u00fczde 11.5, istasyondan temin edilen motorinin k\u0131r\u0131m oran\u0131n\u0131n y\u00fczde 9.2 oldu\u011funu belirten Ba\u015fkan Se\u00e7er, toplam k\u0131r\u0131m\u0131n y\u00fczde 11 oldu\u011funu vurgulayarak, \u201cBu k\u0131r\u0131mlar\u0131 yabana atmay\u0131n. Bizim B\u00fcy\u00fck\u015fehir\u2019imizin, MESK\u0130\u2019mizin, ba\u011fl\u0131 kurulu\u015flar\u0131m\u0131z\u0131n akaryak\u0131t t\u00fcketimini g\u00f6z \u00f6n\u00fcne al\u0131rsan\u0131z, yakla\u015f\u0131k olarak 15-20 milyon gibi bir rakam, bu y\u0131l i\u00e7in belki de 20 milyona yak\u0131n bir rakam kasam\u0131zda kal\u0131yor. Bizim son yapt\u0131\u011f\u0131m\u0131z katl\u0131 kav\u015fa\u011f\u0131n y\u00fczde 50\u2019ye yak\u0131n maliyetidir. Yani yar\u0131m katl\u0131 kav\u015fak yapabiliyorsunuz\u201d ifadelerine yer verdi.<\/p>\n<p>2017\u2019de katl\u0131 kav\u015fak maliyeti 64 milyon, 2020\u2019de ise 44 milyon!<\/p>\n<p>2017 y\u0131l\u0131nda yap\u0131lan bir katl\u0131 kav\u015fakla yeni yap\u0131lan Sevgi Katl\u0131 Kav\u015fa\u011f\u0131\u2019n\u0131n ihale maliyetlerini de de\u011ferlendiren Ba\u015fkan Se\u00e7er, 2017 y\u0131l\u0131nda yap\u0131lan katl\u0131 kav\u015fa\u011f\u0131n ba\u011flant\u0131 yollar\u0131yla birlikte toplam yol uzunlu\u011funun 3 bin 104 metre oldu\u011funu s\u00f6yledi. \u0130ki katl\u0131 kav\u015fa\u011f\u0131n da birbirine yak\u0131n \u00f6zelliklere sahip oldu\u011funu vurgulayan Ba\u015fkan Se\u00e7er, 2017 y\u0131l\u0131nda yap\u0131lan katl\u0131 kav\u015fa\u011f\u0131 ba\u011flant\u0131 yollar\u0131yla birlikte yol alan\u0131n\u0131n toplam 57 bin 305 metrekare, Sevgi Katl\u0131 Kav\u015fa\u011f\u0131\u2019n\u0131n ise 50 bin 571 metrekare gibi bir yol alan\u0131na sahip oldu\u011funu kaydetti. \u0130ki katl\u0131 kav\u015fa\u011f\u0131n ihale maliyetlerini a\u00e7\u0131klayan Ba\u015fkan Se\u00e7er, \u201c2017 y\u0131l\u0131nda dolar kuru 3 lira 54 kuru\u015f. Bizim ihaleyi yapt\u0131\u011f\u0131m\u0131z g\u00fcn 7 lira 67 kuru\u015f. Bug\u00fcn 8 liran\u0131n \u00fczerinde. TL cinsinden s\u00f6yl\u00fcyorum; o d\u00f6nemde ayn\u0131 emsalde yap\u0131lan katl\u0131 kav\u015fa\u011f\u0131n belediyeye maliyeti 64 milyon 534 bin lira. Bizim d\u00f6nemimizde yap\u0131lan ayn\u0131 yap\u0131, ayn\u0131 proje, birbirine benzer proje. Belki de estetik a\u00e7\u0131s\u0131ndan da bu projenin daha iyi oldu\u011funu da vatanda\u015flardan gelen d\u00f6n\u00fc\u015flerden al\u0131yorum. Daha iyi olan bir projenin bize maliyeti 44 milyon 494 bin lira. Bizim d\u00f6nemde yap\u0131lan ihale ve d\u00f6viz kuru 7 lira 67 kuru\u015f. D\u00f6viz kuru o d\u00f6neme g\u00f6re \u00e7ok artm\u0131\u015f ama TL maliyeti ne hikmetse azalm\u0131\u015f\u201d dedi.<\/p>\n<p>190 g\u00fcnde yar\u0131s\u0131 yap\u0131lan An\u0131t Katl\u0131 Kav\u015fa\u011f\u0131\u2019n\u0131n kalan yar\u0131s\u0131 35 g\u00fcnde tamamland\u0131<\/p>\n<p>G\u00f6reve gelmeden 4,5-5 ay \u00f6nce yap\u0131m\u0131na ba\u015flanan, 190 g\u00fcn s\u00fcren ve yap\u0131m\u0131 yar\u0131m kalan An\u0131t Katl\u0131 Kav\u015fa\u011f\u0131\u2019n\u0131 g\u00f6reve geldikten sonra k\u0131sa s\u00fcrede tamamlad\u0131klar\u0131n\u0131 da vurgulayan Ba\u015fkan Se\u00e7er, \u201cY\u00fcklenici firmayla problemlerimiz olmas\u0131na ra\u011fmen, oran\u0131n yap\u0131lmas\u0131 konusunda mutabakat sa\u011flam\u0131\u015f\u0131z. 35 g\u00fcn s\u00fcre i\u00e7erisinde bu yap\u0131y\u0131 bitirmesini sa\u011flam\u0131\u015f\u0131z y\u00fcklenici firman\u0131n. 19 May\u0131s\u2019ta a\u00e7\u0131l\u0131\u015f\u0131n\u0131 yapm\u0131\u015f\u0131z. O k\u00f6pr\u00fcn\u00fcn de bize maliyeti 58 milyon 300 bin lira. Ama bir de \u015feye dikkat edin, bak\u0131n, bizim yapt\u0131\u011f\u0131m\u0131z k\u00f6pr\u00fcn\u00fcn ba\u011flant\u0131 yollar\u0131yla birlikte toplam yol uzunlu\u011fu 3 bin 83 metreyken, oras\u0131 2 bin 158 metre. Daha d\u00fc\u015f\u00fck. A\u015fa\u011f\u0131 yukar\u0131 yar\u0131 yar\u0131ya bir oranda mevcut yeni yap\u0131lanla 3\u2019te bir oran\u0131nda eski yap\u0131yla yar\u0131 fazlas\u0131 yeni yap\u0131lan\u0131n fark\u0131 var. Dolar baz\u0131nda da bakabilirsiniz. O d\u00f6nemin d\u00f6viz kurlar\u0131yla 9 ile 10 milyon lira maliyetli yap\u0131lan bu katl\u0131 kav\u015faklar, bug\u00fcnk\u00fc ihale d\u00f6nemi kuruyla 5 milyon 347 bin dolara yap\u0131lm\u0131\u015f katl\u0131 kav\u015faklar\u201d diye konu\u015ftu.<\/p>\n<p>\u201cSiz bizi s\u0131k\u0131nt\u0131ya soktunuz ama asl\u0131nda halk\u0131 s\u0131k\u0131nt\u0131ya soktunuz\u201d<\/p>\n<p>Belediye b\u00fct\u00e7esini ve imkanlar \u00f6l\u00e7\u00fcs\u00fcnde hizmetleri art\u0131rmaya \u00e7al\u0131\u015ft\u0131klar\u0131n\u0131 s\u00f6zlerine ekleyen Ba\u015fkan Se\u00e7er, \u201cMeclisimizin deste\u011fi \u00f6nemli. Ge\u00e7en y\u0131l muvaffak olamad\u0131k. Bor\u00e7lanma talebi taraf\u0131m\u0131za verilmedi. Verilse iyi olurdu. \u015eu anda faizler ald\u0131 ba\u015f\u0131n\u0131 gitti. O d\u00f6nemde bu paralar \u00e7ok ak\u0131lc\u0131 kullan\u0131l\u0131rd\u0131. \u00c7\u00fcnk\u00fc devlete olan bor\u00e7larda, bu bor\u00e7 stokumuz i\u00e7inde devlete olan bor\u00e7lar da var ve afaki faizler d\u00f6n\u00fcyor. Yaz\u0131k oldu. O zaman otururduk, uzla\u015f\u0131rd\u0131k ilgili kurumlarla. O da kamu kurumu. \u0130ndirim yapt\u0131r\u0131rd\u0131k, \u00f6derdik. Faizi bu kadar \u00f6demezdik, halk kazan\u0131rd\u0131. Siz bizi s\u0131k\u0131nt\u0131ya soktunuz ama asl\u0131nda halk\u0131 s\u0131k\u0131nt\u0131ya soktunuz. Ke\u015fke b\u00f6yle \u015feyler olmasayd\u0131\u201d ifadelerine yer verdi.<\/p>\n<p>\u201cDo\u011fru yolday\u0131z, halk ad\u0131na \u00e7al\u0131\u015f\u0131yoruz\u201d<\/p>\n<p>AK Parti\u2019li bir meclis \u00fcyesinin Ankara ile Mersin g\u00fcndeminin farkl\u0131 oldu\u011fu y\u00f6n\u00fcndeki s\u00f6ylemine de de\u011finen Ba\u015fkan Se\u00e7er, \u201c\u00c7ok do\u011fru ama ke\u015fke o s\u00f6ylediklerinizi buradaki uygulamalarda da harfiyen yerine getirseniz Say\u0131n Ba\u015fkan. Yani Ankara g\u00fcndemi buray\u0131 etkiledi\u011fi zaman burada bir mutabakat sa\u011flayam\u0131yoruz. O da kente zarar veriyor. \u015eu anda faiz oranlar\u0131 alm\u0131\u015f ba\u015f\u0131n\u0131 gitmi\u015f. Ama biz her \u015feye ra\u011fmen \u00e7ok \u015f\u00fck\u00fcr do\u011fru yolda oldu\u011fumuza inan\u0131yoruz. Ama \u015funa inanm\u0131yoruz, baz\u0131 ele\u015ftiriler gibi, hi\u00e7bir \u015fey yapm\u0131yorlar. Buna inanm\u0131yoruz. Ama do\u011fru yolday\u0131z. Halk ad\u0131na \u00e7al\u0131\u015f\u0131yoruz. Toplum menfaati ad\u0131na \u00e7al\u0131\u015f\u0131yoruz. Gecemizi g\u00fcnd\u00fcz\u00fcm\u00fcze kat\u0131yoruz. Buna can\u0131 y\u00fcrekten inan\u0131yoruz, vicdanen de son derece rahat\u0131z. Ba\u015far\u0131l\u0131 olaca\u011f\u0131m\u0131za inan\u0131yoruz. \u0130n\u015fallah kalan 3 y\u0131l i\u00e7erisinde de sizlerin de deste\u011fiyle \u00e7ok daha g\u00fczel \u00f6nemli i\u015fler yapabilece\u011fimizi d\u00fc\u015f\u00fcn\u00fcyorum\u201d dedi.<\/p>\n","protected":false},"excerpt":{"rendered":"<p>Mersin B\u00fcy\u00fck\u015fehir Belediye Meclisi\u2019nin 2021 y\u0131l\u0131 Nisan Ay\u0131 1. birle\u015fimi, B\u00fcy\u00fck\u015fehir Belediye Ba\u015fkan\u0131 Vahap Se\u00e7er ba\u015fkanl\u0131\u011f\u0131nda yap\u0131ld\u0131. B\u00fcy\u00fck\u015fehir Belediyesi Kongre ve Sergi Saray\u0131\u2019nda yap\u0131lan toplant\u0131da Ba\u015fkan Se\u00e7er, 31 Mart 2019 &hellip; <a href=\"https:\/\/akdenizolaygazetesi.com\/?p=11789\" class=\"more-link\">Devam\u0131n\u0131 Oku&#8230;<\/a><\/p>\n","protected":false},"author":2,"featured_media":11791,"comment_status":"open","ping_status":"open","sticky":false,"template":"","format":"standard","meta":[],"categories":[8,34,1,2,3,6],"tags":[],"_links":{"self":[{"href":"https:\/\/akdenizolaygazetesi.com\/index.php?rest_route=\/wp\/v2\/posts\/11789"}],"collection":[{"href":"https:\/\/akdenizolaygazetesi.com\/index.php?rest_route=\/wp\/v2\/posts"}],"about":[{"href":"https:\/\/akdenizolaygazetesi.com\/index.php?rest_route=\/wp\/v2\/types\/post"}],"author":[{"embeddable":true,"href":"https:\/\/akdenizolaygazetesi.com\/index.php?rest_route=\/wp\/v2\/users\/2"}],"replies":[{"embeddable":true,"href":"https:\/\/akdenizolaygazetesi.com\/index.php?rest_route=%2Fwp%2Fv2%2Fcomments&post=11789"}],"version-history":[{"count":1,"href":"https:\/\/akdenizolaygazetesi.com\/index.php?rest_route=\/wp\/v2\/posts\/11789\/revisions"}],"predecessor-version":[{"id":11790,"href":"https:\/\/akdenizolaygazetesi.com\/index.php?rest_route=\/wp\/v2\/posts\/11789\/revisions\/11790"}],"wp:featuredmedia":[{"embeddable":true,"href":"https:\/\/akdenizolaygazetesi.com\/index.php?rest_route=\/wp\/v2\/media\/11791"}],"wp:attachment":[{"href":"https:\/\/akdenizolaygazetesi.com\/index.php?rest_route=%2Fwp%2Fv2%2Fmedia&parent=11789"}],"wp:term":[{"taxonomy":"category","embeddable":true,"href":"https:\/\/akdenizolaygazetesi.com\/index.php?rest_route=%2Fwp%2Fv2%2Fcategories&post=11789"},{"taxonomy":"post_tag","embeddable":true,"href":"https:\/\/akdenizolaygazetesi.com\/index.php?rest_route=%2Fwp%2Fv2%2Ftags&post=11789"}],"curies":[{"name":"wp","href":"https:\/\/api.w.org\/{rel}","templated":true}]}}