{"id":11792,"date":"2021-04-09T10:13:49","date_gmt":"2021-04-09T07:13:49","guid":{"rendered":"http:\/\/akdenizolaygazetesi.com\/?p=11792"},"modified":"2021-04-09T10:14:36","modified_gmt":"2021-04-09T07:14:36","slug":"dikkat-eksikligi-ve-hiperaktivite-bozuklugu-bilincli-aile-projesine-yogun-ilgi","status":"publish","type":"post","link":"https:\/\/akdenizolaygazetesi.com\/?p=11792","title":{"rendered":"D\u0130KKAT EKS\u0130KL\u0130\u011e\u0130 VE H\u0130PERAKT\u0130V\u0130TE BOZUKLU\u011eU B\u0130L\u0130N\u00c7L\u0130 A\u0130LE PROJES\u0130\u2019NE YO\u011eUN \u0130LG\u0130"},"content":{"rendered":"<p>Mersin B\u00fcy\u00fck\u015fehir Belediyesi Engelliler ve Sa\u011fl\u0131k Hizmetleri Dairesi taraf\u0131ndan d\u00fczenlenen Dikkat Eksikli\u011fi ve Hiperaktivite Bozuklu\u011fu Bilin\u00e7li Aile Projesi\u2019nin birinci e\u011fitim program\u0131 tamamland\u0131. Dikkat eksikli\u011fi ve hiperaktivite bozuklu\u011fu olan \u00e7ocuklar\u0131n ailelerini bilgilendirmeye ve bilin\u00e7lendirmeye y\u00f6nelik yap\u0131lan e\u011fitim, dikkat \u00e7eken i\u00e7eri\u011fi ile hem yurt i\u00e7inden hem yurt d\u0131\u015f\u0131ndan yo\u011fun ilgi g\u00f6rd\u00fc.<\/p>\n<p>Dikkat eksikli\u011fi ve hiperaktivite bozukluklar\u0131nda ebeveyn fakt\u00f6r\u00fc ele al\u0131nd\u0131<\/p>\n<p>10 \u015eubat\u2019ta ba\u015flayan ve online 9 oturum \u015feklinde, 5 uzmanla ger\u00e7ekle\u015fen projeye 300 ki\u015fi kat\u0131ld\u0131. E\u011fitim, dikkat eksikli\u011fi ve hiperaktivite bozuklu\u011fu olan \u00e7ocuklar\u0131n tedavisinde anne, baba ve sosyal \u00e7evrenin e\u011fitiminin \u00f6nemine dikkat \u00e7ekmek amac\u0131yla ger\u00e7ekle\u015ftirildi. Hedef kitle olarak ailelerin se\u00e7ildi\u011fi proje, akademisyenler, doktorlar, \u00f6\u011fretmenler, psikologlar ve alanda \u00e7al\u0131\u015fan farkl\u0131 meslek uzmanlar\u0131 taraf\u0131ndan da yo\u011fun ilgi g\u00f6rd\u00fc. Projeye T\u00fcrkiye\u2019nin yan\u0131 s\u0131ra Dubai, Azerbaycan ve K\u0131br\u0131s\u2019tan da kat\u0131l\u0131m sa\u011fland\u0131.<\/p>\n<p>10 \u015eubat\u2019tan itibaren her \u00e7ar\u015famba saat 20.00\u2019de ger\u00e7ekle\u015ftirilen e\u011fitimler, \u00c7ocuk Ergen Psikiyatristi Dr. \u00d6zlem S\u00fcr\u00fcc\u00fc, \u00c7ocuk Kardiyoloji Uzman\u0131 Prof. Dr. Olgu Hall\u0131o\u011flu K\u0131l\u0131n\u00e7, Kad\u0131n Do\u011fum Uzman\u0131 Op. Dr. Haldun Canova, Diyetisyen Burcu Ada Talas ve Uzman Klinik Psikolog Y\u00fccel \u015eavkl\u0131 taraf\u0131ndan verildi.<\/p>\n<p>9 oturumluk 2. e\u011fitim program\u0131 planland\u0131<\/p>\n<p>G\u00f6sterilen yo\u011fun ilgi ve kat\u0131lamayanlar da d\u00fc\u015f\u00fcn\u00fclerek projenin 9 oturumluk 2. e\u011fitim program\u0131 da planland\u0131. Kay\u0131tlar\u0131n ba\u015flad\u0131\u011f\u0131 2. oturuma kat\u0131lmak isteyenler 0324 232 00 72 hatl\u0131 numaray\u0131 08.00-17.00 saatleri aras\u0131nda arayarak \u00fccretsiz kay\u0131t olu\u015fturabilecek. B\u00fcy\u00fck\u015fehir Belediyesi taraf\u0131ndan online e\u011fitime giri\u015f i\u00e7in link, \u015fifre ve e\u011fitimle ilgili di\u011fer t\u00fcm bilgilendirmeler SMS \u00fczerinden yap\u0131lacak.<\/p>\n","protected":false},"excerpt":{"rendered":"<p>Mersin B\u00fcy\u00fck\u015fehir Belediyesi Engelliler ve Sa\u011fl\u0131k Hizmetleri Dairesi taraf\u0131ndan d\u00fczenlenen Dikkat Eksikli\u011fi ve Hiperaktivite Bozuklu\u011fu Bilin\u00e7li Aile Projesi\u2019nin birinci e\u011fitim program\u0131 tamamland\u0131. Dikkat eksikli\u011fi ve hiperaktivite bozuklu\u011fu olan \u00e7ocuklar\u0131n ailelerini &hellip; <a href=\"https:\/\/akdenizolaygazetesi.com\/?p=11792\" class=\"more-link\">Devam\u0131n\u0131 Oku&#8230;<\/a><\/p>\n","protected":false},"author":2,"featured_media":11794,"comment_status":"open","ping_status":"open","sticky":false,"template":"","format":"standard","meta":[],"categories":[1,2,3],"tags":[],"_links":{"self":[{"href":"https:\/\/akdenizolaygazetesi.com\/index.php?rest_route=\/wp\/v2\/posts\/11792"}],"collection":[{"href":"https:\/\/akdenizolaygazetesi.com\/index.php?rest_route=\/wp\/v2\/posts"}],"about":[{"href":"https:\/\/akdenizolaygazetesi.com\/index.php?rest_route=\/wp\/v2\/types\/post"}],"author":[{"embeddable":true,"href":"https:\/\/akdenizolaygazetesi.com\/index.php?rest_route=\/wp\/v2\/users\/2"}],"replies":[{"embeddable":true,"href":"https:\/\/akdenizolaygazetesi.com\/index.php?rest_route=%2Fwp%2Fv2%2Fcomments&post=11792"}],"version-history":[{"count":2,"href":"https:\/\/akdenizolaygazetesi.com\/index.php?rest_route=\/wp\/v2\/posts\/11792\/revisions"}],"predecessor-version":[{"id":11795,"href":"https:\/\/akdenizolaygazetesi.com\/index.php?rest_route=\/wp\/v2\/posts\/11792\/revisions\/11795"}],"wp:featuredmedia":[{"embeddable":true,"href":"https:\/\/akdenizolaygazetesi.com\/index.php?rest_route=\/wp\/v2\/media\/11794"}],"wp:attachment":[{"href":"https:\/\/akdenizolaygazetesi.com\/index.php?rest_route=%2Fwp%2Fv2%2Fmedia&parent=11792"}],"wp:term":[{"taxonomy":"category","embeddable":true,"href":"https:\/\/akdenizolaygazetesi.com\/index.php?rest_route=%2Fwp%2Fv2%2Fcategories&post=11792"},{"taxonomy":"post_tag","embeddable":true,"href":"https:\/\/akdenizolaygazetesi.com\/index.php?rest_route=%2Fwp%2Fv2%2Ftags&post=11792"}],"curies":[{"name":"wp","href":"https:\/\/api.w.org\/{rel}","templated":true}]}}