{"id":1180,"date":"2020-11-04T18:21:46","date_gmt":"2020-11-04T15:21:46","guid":{"rendered":"http:\/\/mersinekonomipolitikagazetesi.com\/?p=1180"},"modified":"2020-11-04T18:21:46","modified_gmt":"2020-11-04T15:21:46","slug":"ogrencilerin-sergisi-buyuk-ilgi-gordu","status":"publish","type":"post","link":"https:\/\/akdenizolaygazetesi.com\/?p=1180","title":{"rendered":"\u00d6\u011eRENC\u0130LER\u0130N SERG\u0130S\u0130 B\u00dcY\u00dcK \u0130LG\u0130 G\u00d6RD\u00dc"},"content":{"rendered":"<p>Mersin \u00c7aml\u0131bel Mesleki ve Teknik Anadolu Lisesi \u00f6\u011frencilerinin haz\u0131rlad\u0131\u011f\u0131 sergi b\u00fcy\u00fck ilgi g\u00f6rd\u00fc.<\/p>\n<p>Mersin Akdeniz Belediyesi Hadra K\u00fclt\u00fcr ve Sanat Evinde ger\u00e7ekle\u015fen Sergi a\u00e7\u0131l\u0131\u015f\u0131na Milli E\u011fitim Mersin \u015eube M\u00fcd\u00fcr Yard\u0131mc\u0131s\u0131 Cevat \u00c7akal, Maarif M\u00fcfetti\u015fleri Ba\u015fkan Yard\u0131mc\u0131s\u0131 Necip Tokyay&#8217;\u0131n yan\u0131 s\u0131ra Mersin \u00c7aml\u0131bel Mesleki ve Teknik Anadolu Lisesi \u00f6\u011fretmenleri ve \u00f6\u011frencilerinden b\u00fcy\u00fck kat\u0131l\u0131m sa\u011fland\u0131.<\/p>\n<p>Mersin \u00c7aml\u0131bel Mesleki ve Teknik Anadolu Lisesi \u00f6\u011fretmenlerinden Z\u00fclfiye G\u00fcm\u00fc\u015f himayesinde ger\u00e7ekle\u015ftirilen ve \u00f6\u011frencilerin bir y\u0131ll\u0131k \u00e7al\u0131\u015fmalar\u0131n\u0131 ele alan sergide resim, heykel ve \u00e7e\u015fitli sanat dallar\u0131nda yapt\u0131klar\u0131 \u00e7al\u0131\u015fmalar sanat severlerle bulu\u015ftu. Gen\u00e7lerin sanat ile tan\u0131\u015ft\u0131r\u0131lmalar\u0131 ve bu do\u011frultuda kendilerini daha rahat ifade edebilecekleri vurgulan\u0131rken, bu t\u00fcr sergilerin te\u015fvik y\u00f6n\u00fcyle ele al\u0131nmas\u0131 gerekti\u011fi ifade edildi. \u0130kram ve sunumlar e\u015fli\u011finde ger\u00e7ekle\u015fen serginin 16-18 May\u0131s Tarihleri aras\u0131nda Akdeniz Belediyesi Hadra K\u00fclt\u00fcr ve Sanat Evinde devam edece\u011fi bildirildi.<\/p>\n","protected":false},"excerpt":{"rendered":"<p>Mersin \u00c7aml\u0131bel Mesleki ve Teknik Anadolu Lisesi \u00f6\u011frencilerinin haz\u0131rlad\u0131\u011f\u0131 sergi b\u00fcy\u00fck ilgi g\u00f6rd\u00fc. Mersin Akdeniz Belediyesi Hadra K\u00fclt\u00fcr ve Sanat Evinde ger\u00e7ekle\u015fen Sergi a\u00e7\u0131l\u0131\u015f\u0131na Milli E\u011fitim Mersin \u015eube M\u00fcd\u00fcr Yard\u0131mc\u0131s\u0131 &hellip; <a href=\"https:\/\/akdenizolaygazetesi.com\/?p=1180\" class=\"more-link\">Devam\u0131n\u0131 Oku&#8230;<\/a><\/p>\n","protected":false},"author":1,"featured_media":0,"comment_status":"open","ping_status":"open","sticky":false,"template":"","format":"standard","meta":[],"categories":[],"tags":[],"_links":{"self":[{"href":"https:\/\/akdenizolaygazetesi.com\/index.php?rest_route=\/wp\/v2\/posts\/1180"}],"collection":[{"href":"https:\/\/akdenizolaygazetesi.com\/index.php?rest_route=\/wp\/v2\/posts"}],"about":[{"href":"https:\/\/akdenizolaygazetesi.com\/index.php?rest_route=\/wp\/v2\/types\/post"}],"author":[{"embeddable":true,"href":"https:\/\/akdenizolaygazetesi.com\/index.php?rest_route=\/wp\/v2\/users\/1"}],"replies":[{"embeddable":true,"href":"https:\/\/akdenizolaygazetesi.com\/index.php?rest_route=%2Fwp%2Fv2%2Fcomments&post=1180"}],"version-history":[{"count":0,"href":"https:\/\/akdenizolaygazetesi.com\/index.php?rest_route=\/wp\/v2\/posts\/1180\/revisions"}],"wp:attachment":[{"href":"https:\/\/akdenizolaygazetesi.com\/index.php?rest_route=%2Fwp%2Fv2%2Fmedia&parent=1180"}],"wp:term":[{"taxonomy":"category","embeddable":true,"href":"https:\/\/akdenizolaygazetesi.com\/index.php?rest_route=%2Fwp%2Fv2%2Fcategories&post=1180"},{"taxonomy":"post_tag","embeddable":true,"href":"https:\/\/akdenizolaygazetesi.com\/index.php?rest_route=%2Fwp%2Fv2%2Ftags&post=1180"}],"curies":[{"name":"wp","href":"https:\/\/api.w.org\/{rel}","templated":true}]}}