{"id":11805,"date":"2021-04-10T17:32:44","date_gmt":"2021-04-10T14:32:44","guid":{"rendered":"http:\/\/akdenizolaygazetesi.com\/?p=11805"},"modified":"2021-04-10T17:33:34","modified_gmt":"2021-04-10T14:33:34","slug":"baskan-yilmazdan-emniyet-teskilatina-kutlama","status":"publish","type":"post","link":"https:\/\/akdenizolaygazetesi.com\/?p=11805","title":{"rendered":"BA\u015eKAN YILMAZ\u2019DAN EMN\u0130YET TE\u015eK\u0130LATINA KUTLAMA"},"content":{"rendered":"<p>Toroslar Belediye Ba\u015fkan\u0131 Ats\u0131z Af\u015f\u0131n Y\u0131lmaz, T\u00fcrk Polis Te\u015fkilat\u0131\u2019n\u0131n 176. kurulu\u015f y\u0131l d\u00f6n\u00fcm\u00fc ve Polis Haftas\u0131 dolay\u0131s\u0131yla Mersin \u0130l Emniyet M\u00fcd\u00fcr\u00fc Mehmet \u015eahne\u2019yi ziyaret etti.<\/p>\n<p>Emniyet M\u00fcd\u00fcr\u00fc \u015eahne\u2019ye \u00e7i\u00e7ek takdim ederek, Polis Haftas\u0131\u2019n\u0131 kutlayan Ba\u015fkan Y\u0131lmaz; \u201cToplumun huzuru ve g\u00fcvenli\u011fi i\u00e7in gece g\u00fcnd\u00fcz demeden fedakarca \u00e7al\u0131\u015fan t\u00fcm emniyet te\u015fkilat\u0131m\u0131za minnettar\u0131z\u201d dedi.<\/p>\n<p>\u201cPolis Te\u015fkilat\u0131m\u0131z, Milletimizin Gurur ve G\u00fcven Kayna\u011f\u0131d\u0131r\u201d<\/p>\n<p>Ba\u015fkan Y\u0131lmaz, Polis Te\u015fkilat\u0131\u2019n\u0131n 176. kurulu\u015f y\u0131l d\u00f6n\u00fcm\u00fcnde Toroslar il\u00e7esindeki emniyet mensuplar\u0131n\u0131 da unutmayarak, il\u00e7ede g\u00f6rev yapan t\u00fcm emniyet mensuplar\u0131n\u0131n isimlerine \u00f6zel olarak kupa bardak haz\u0131rlatt\u0131. Ba\u015fkan Y\u0131lmaz\u2019\u0131n hediyeleri, \u0130l\u00e7e Emniyet M\u00fcd\u00fcr\u00fc Zeki Av\u015far ve t\u00fcm emniyet personeline tek tek takdim edilerek, Polis Haftas\u0131 kutland\u0131.<\/p>\n<p>\u201cT\u00fcm g\u00fcvenlik g\u00fc\u00e7lerimizin \u00f6zverili ve ba\u015far\u0131l\u0131 \u00e7al\u0131\u015fmalar\u0131yla gurur duyuyoruz\u201d diyen Ba\u015fkan Y\u0131lmaz; \u201c\u00d6zellikle i\u00e7inde bulundu\u011fumuz pandemi s\u00fcrecinde de \u00f6nemli vazifeler \u00fcstlenen t\u00fcm g\u00fcvenlik g\u00fc\u00e7lerimize g\u00f6revlerinde ba\u015far\u0131 ve kolayl\u0131klar diliyorum. Biz de belediye olarak g\u00fcvenlik g\u00fc\u00e7lerimizin her zaman yan\u0131nday\u0131z. Polis Haftas\u0131 vesilesiyle aziz \u015fehitlerimizi rahmetle an\u0131yor, kahraman gazilerimize \u015f\u00fckranlar\u0131m\u0131 sunuyorum. B\u00fcy\u00fck bir fedakarl\u0131kla g\u00f6revlerini s\u00fcrd\u00fcren polislerimize de aileleriyle birlikte sa\u011fl\u0131k ve mutluluklar diliyorum\u201d diye konu\u015ftu.<\/p>\n","protected":false},"excerpt":{"rendered":"<p>Toroslar Belediye Ba\u015fkan\u0131 Ats\u0131z Af\u015f\u0131n Y\u0131lmaz, T\u00fcrk Polis Te\u015fkilat\u0131\u2019n\u0131n 176. kurulu\u015f y\u0131l d\u00f6n\u00fcm\u00fc ve Polis Haftas\u0131 dolay\u0131s\u0131yla Mersin \u0130l Emniyet M\u00fcd\u00fcr\u00fc Mehmet \u015eahne\u2019yi ziyaret etti. Emniyet M\u00fcd\u00fcr\u00fc \u015eahne\u2019ye \u00e7i\u00e7ek takdim &hellip; <a href=\"https:\/\/akdenizolaygazetesi.com\/?p=11805\" class=\"more-link\">Devam\u0131n\u0131 Oku&#8230;<\/a><\/p>\n","protected":false},"author":2,"featured_media":11807,"comment_status":"open","ping_status":"open","sticky":false,"template":"","format":"standard","meta":[],"categories":[34,1,3,5],"tags":[],"_links":{"self":[{"href":"https:\/\/akdenizolaygazetesi.com\/index.php?rest_route=\/wp\/v2\/posts\/11805"}],"collection":[{"href":"https:\/\/akdenizolaygazetesi.com\/index.php?rest_route=\/wp\/v2\/posts"}],"about":[{"href":"https:\/\/akdenizolaygazetesi.com\/index.php?rest_route=\/wp\/v2\/types\/post"}],"author":[{"embeddable":true,"href":"https:\/\/akdenizolaygazetesi.com\/index.php?rest_route=\/wp\/v2\/users\/2"}],"replies":[{"embeddable":true,"href":"https:\/\/akdenizolaygazetesi.com\/index.php?rest_route=%2Fwp%2Fv2%2Fcomments&post=11805"}],"version-history":[{"count":2,"href":"https:\/\/akdenizolaygazetesi.com\/index.php?rest_route=\/wp\/v2\/posts\/11805\/revisions"}],"predecessor-version":[{"id":11808,"href":"https:\/\/akdenizolaygazetesi.com\/index.php?rest_route=\/wp\/v2\/posts\/11805\/revisions\/11808"}],"wp:featuredmedia":[{"embeddable":true,"href":"https:\/\/akdenizolaygazetesi.com\/index.php?rest_route=\/wp\/v2\/media\/11807"}],"wp:attachment":[{"href":"https:\/\/akdenizolaygazetesi.com\/index.php?rest_route=%2Fwp%2Fv2%2Fmedia&parent=11805"}],"wp:term":[{"taxonomy":"category","embeddable":true,"href":"https:\/\/akdenizolaygazetesi.com\/index.php?rest_route=%2Fwp%2Fv2%2Fcategories&post=11805"},{"taxonomy":"post_tag","embeddable":true,"href":"https:\/\/akdenizolaygazetesi.com\/index.php?rest_route=%2Fwp%2Fv2%2Ftags&post=11805"}],"curies":[{"name":"wp","href":"https:\/\/api.w.org\/{rel}","templated":true}]}}