{"id":11812,"date":"2021-04-10T17:37:18","date_gmt":"2021-04-10T14:37:18","guid":{"rendered":"http:\/\/akdenizolaygazetesi.com\/?p=11812"},"modified":"2021-04-10T17:38:05","modified_gmt":"2021-04-10T14:38:05","slug":"buyuksehirden-toplam-249-roman-sanatciya-destek","status":"publish","type":"post","link":"https:\/\/akdenizolaygazetesi.com\/?p=11812","title":{"rendered":"B\u00dcY\u00dcK\u015eEH\u0130R\u2019DEN TOPLAM 249 ROMAN SANAT\u00c7IYA DESTEK"},"content":{"rendered":"<p>Mersin B\u00fcy\u00fck\u015fehir Belediyesi, \u201c8 Nisan D\u00fcnya Romanlar G\u00fcn\u00fc\u201d dolay\u0131s\u0131yla bir dizi kutlama program\u0131 d\u00fczenledi. Kentte say\u0131s\u0131 yakla\u015f\u0131k 50 bini bulan Roman vatanda\u015flar, kutlamalar\u0131n heyecan\u0131n\u0131 ya\u015f\u0131yor. \u0130lk olarak B\u00fcy\u00fck\u015fehir\u2019in organize etti\u011fi dinletide \u015fark\u0131lar s\u00f6yleyen Romanlar keyifli bir g\u00fcn ge\u00e7irdi. Roman sanat\u00e7\u0131lar \u00fcst\u00fc a\u00e7\u0131k otob\u00fcste verdikleri konserler ile de Mersinliler\u2019in evine konuk olup, kenti dola\u015ft\u0131. Bu etkinliklerle toplam 249 Roman sanat\u00e7\u0131ya destek olundu.<\/p>\n<p>Romanlar g\u00fcne\u015fe kar\u015f\u0131 umutla \u201cEderlezi\u201dyi s\u00f6yledi<\/p>\n<p>Mersin\u2019deki Roman vatanda\u015flar B\u00fcy\u00fck\u015fehir\u2019in Atat\u00fcrk Park\u0131\u2019nda d\u00fczenledi\u011fi dinletiye darbukalar\u0131n\u0131, kemanlar\u0131n\u0131 ve klarnetlerini alarak kat\u0131ld\u0131. Geleneksel k\u0131yafetlerini giyip \u015fark\u0131lar s\u00f6yleyen Roman k\u0131zlar\u0131 izleyicilerin be\u011fenisini toplad\u0131. \u00c7imlerde g\u00fcne\u015fin ve sahilin tad\u0131n\u0131 \u00e7\u0131kartan vatanda\u015flar, o dinletiyi cep telefonlar\u0131yla \u00f6l\u00fcms\u00fczle\u015ftirdi. S\u00f6zlerinde ac\u0131y\u0131, yoksullu\u011fu, bahar\u0131 ve beraberinde umudu da anlatan \u201cEderlezi\u201dyi g\u00fcne\u015fe kar\u015f\u0131 s\u00f6yleyen Roman m\u00fczisyenler, izleyicilere duygu dolu dakikalar ya\u015fatt\u0131. Akdeniz Roman Dernekleri Federasyonu Ba\u015fkan\u0131 Ali Daylam, dinletiye damgas\u0131n\u0131 vuran Ederlezi\u2019yle ilgili \u015funlar\u0131 s\u00f6yledi:<\/p>\n<p>\u201cEderlezi Balkan m\u00fczi\u011fi olarak adland\u0131r\u0131l\u0131yor ama i\u015fin \u00f6z\u00fcnde bu Roman m\u00fczi\u011fidir. Yoksul Romanlar\u0131n bahara giri\u015fteki kutlamalar\u0131n\u0131 anlatan bir \u015fiirdir. \u0130nsanlar mutlu olmaya \u00e7al\u0131\u015f\u0131yor ama \u00fczerlerinde derin bir yoksulluk var. O yoksullu\u011fu da anlat\u0131yor. \u015eiirin i\u00e7erisinde \u2018\u00e7ok yoksul insanlar\u0131z ama bizler de e\u011flenmek, co\u015fmak ve g\u00fclmek istiyoruz\u2019 diyor asl\u0131nda.\u201d<\/p>\n<p>\u201cT\u00fcm d\u00fcnyada ayn\u0131 anda kutlan\u0131yor ve haftas\u0131nda kutlamalar devam ediyor\u201d<\/p>\n<p>T\u00fcrkiye\u2019de resmi kay\u0131tlarla 5 milyon Roman vatanda\u015f\u0131n ya\u015fad\u0131\u011f\u0131n\u0131 ancak kendi \u00e7al\u0131\u015fmalar\u0131nda bu rakam\u0131n 8 milyonu buldu\u011funu belirten Daylam, 8 Nisan\u2019\u0131n Roman vatanda\u015flar i\u00e7in \u00e7ok k\u0131ymetli oldu\u011funu vurgulad\u0131. Mersin\u2019de de 50 bin civar\u0131 Roman vatanda\u015f\u0131n ya\u015fad\u0131\u011f\u0131n\u0131 belirten Ali Daylam, \u201cRoman k\u00fclt\u00fcr\u00fcn\u00fcn i\u00e7erisinde bir\u00e7ok \u00f6zellik var. Bunun i\u00e7erisinde m\u00fczi\u011fi de var, dans\u0131 da var. Ama bunu sadece m\u00fczikle ve dansla anlatmak da zor. \u00c7\u00fcnk\u00fc onun yan\u0131nda bir\u00e7ok el sanatlar\u0131, k\u00fclt\u00fcrleri, ananeleri var. Romanlar\u0131n dili var. \u00c7ok geni\u015f bir konsepti var. Romanlar m\u00fczi\u011fi mutlaka seviyorlar, m\u00fczi\u011fi ya\u015fat\u0131yorlar. Belki de asl\u0131nda m\u00fczik yaparken ac\u0131lar\u0131n\u0131 unutuyorlar. 116 y\u0131ldan beri biz bu \u015fehirde ya\u015f\u0131yoruz. Ya\u015famaya \u00e7al\u0131\u015f\u0131yoruz asl\u0131nda, varl\u0131\u011f\u0131m\u0131z\u0131 s\u00fcrd\u00fcrmeye \u00e7al\u0131\u015f\u0131yoruz. Romanlar\u0131n \u015fu \u00fclkede ve \u015fehirde asl\u0131nda tek talebi var; insanca ya\u015famak\u201d diye konu\u015ftu.<\/p>\n<p>\u201c8 Nisan\u2019\u0131 ilk defa T\u00fcrkiye\u2019de kutluyorum\u201d<\/p>\n<p>Arnavutluk\u2019tan gelen ve bir y\u0131ld\u0131r T\u00fcrkiye\u2019de ya\u015fayan Fjorela Milanj da dinletide \u015fark\u0131 s\u00f6yledi. T\u00fcrkiye\u2019de ilk defa 8 Nisan kutlamas\u0131na kat\u0131ld\u0131\u011f\u0131n\u0131 belirten Milanj, \u201cBurada \u00e7ok farkl\u0131 kutlan\u0131yor. Ben de bir Roman\u0131m ve \u00e7ok mutluyum. Romanlar\u2019\u0131n ne derdi olursa olsun m\u00fczik oldu\u011funda mutlu oluyorlar, dertlerini unutuyorlar. D\u00fcnyadaki t\u00fcm Romanlar\u2019\u0131n g\u00fcn\u00fcn\u00fc kutluyorum\u201d ifadelerine yer verdi.<\/p>\n<p>\u201cBu aralar i\u015fler \u00e7ok k\u00f6t\u00fc, pandemi var, mekanlar kapal\u0131\u201d<\/p>\n<p>Roman m\u00fczisyenlerden Ali Can \u00d6zer, m\u00fczikle ge\u00e7imini sa\u011flad\u0131\u011f\u0131n\u0131 ancak pandemi s\u00fcrecinde zor bir s\u00fcre\u00e7 ge\u00e7irdi\u011fini belirterek, \u201cNormalde ben keman \u00e7al\u0131yorum. Ufaktan piyano da var. Bizi seven, sayd\u0131\u011f\u0131m\u0131z ki\u015filer ar\u0131yorlar, \u2018gelebilir misiniz\u2019 diyorlar. Biz de gidiyoruz. Ama bu aralar \u00e7ok s\u0131k\u0131nt\u0131l\u0131, \u00e7ok k\u00f6t\u00fc. Pandemi var. Herkes evinde, mekanlar kapal\u0131. Sokakta bile \u00e7alsak olmuyor\u201d  dedi.<\/p>\n<p>\u201cBu i\u015fe g\u00f6nl\u00fcm\u00fcz\u00fc, sevgimizi, her \u015feyimizi kat\u0131yoruz\u201d<\/p>\n<p>M\u00fczisyenlerden \u015eenol Ata\u00e7 da m\u00fczi\u011fin kendi hayat\u0131nda \u00f6nemli bir yere sahip oldu\u011funu s\u00f6yledi. Ata\u00e7, \u201cM\u00fczik benim i\u00e7in mutluluk, sayg\u0131, tebess\u00fcm demek. Bana bunlar\u0131 an\u0131msat\u0131yor. Bizim ya\u015fam bi\u00e7imimiz. Bu i\u015fe g\u00f6nl\u00fcm\u00fcz\u00fc, sevgimizi, her \u015feyimizi kat\u0131yoruz. B\u00fcy\u00fck\u015fehir Belediyesi\u2019ne de bize bu imkanlar\u0131 sa\u011flad\u0131\u011f\u0131 i\u00e7in \u00e7ok te\u015fekk\u00fcr ederiz\u201d diye konu\u015ftu.<\/p>\n<p>\u201cRomanlar m\u00fczi\u011fin i\u00e7inde yeti\u015fti\u011fi i\u00e7in mesle\u011fini yine m\u00fczikle devam ettiriyor\u201d<\/p>\n<p>Dinleti ekibinden Sibel Yerebakan da Romanlar\u2019\u0131n do\u011fu\u015ftan m\u00fczikle i\u00e7 i\u00e7e olduklar\u0131n\u0131 belirterek, \u201cRomanlar m\u00fczi\u011fin i\u00e7inde do\u011fuyor zaten. M\u00fczik kulaklar\u0131 var. Notas\u0131z bile m\u00fczik yapabiliyorlar. Aileden gelen genlerle \u00e7ocuk m\u00fczi\u011fin i\u00e7inde yeti\u015fti\u011fi i\u00e7in zaten mesle\u011fini yine m\u00fczikle devam ettiriyor. Bu b\u00f6yle devam ediyor s\u00fcrekli\u201d dedi. Mersin\u2019deki Romanlar\u2019\u0131n \u00e7o\u011funlukla Akdeniz il\u00e7esi Turgutreis Mahallesi\u2019nde ya\u015fad\u0131klar\u0131n\u0131 s\u00f6zlerine ekleyen Yerebakan, mahallede B\u00fcy\u00fck\u015fehir Belediyesi\u2019nin \u20181 Ekmek 1 \u00c7orba\u2019dan \u2018Mahalle Mutfaklar\u0131\u2019na ve g\u0131da kolisi deste\u011fine kadar bir\u00e7ok hizmetini g\u00f6rd\u00fcklerini vurgulad\u0131. Son olarak ge\u00e7im s\u0131k\u0131nt\u0131s\u0131 ya\u015fayan Roman m\u00fczisyenlere sa\u011flanan destekten de memnun olduklar\u0131n\u0131 belirten Yerebakan, \u201cZaten Roman milleti \u015fu an Vahap Se\u00e7er\u2019den \u00e7ok memnun. \u00c7\u00fcnk\u00fc belediye olarak yapt\u0131\u011f\u0131 \u00e7al\u0131\u015fmalarla zor s\u00fcre\u00e7te \u00e7ok b\u00fcy\u00fck destekler sa\u011flad\u0131. Bug\u00fcn de b\u00f6yle bir organizasyon d\u00fczenledi. Ufak gibi g\u00f6r\u00fcnse de \u00e7ok b\u00fcy\u00fckbir destek asl\u0131nda\u201d ifadelerine yer verdi.<\/p>\n<p>B\u0131k\u00e7an: \u201cHerkes m\u00fczi\u011fe susam\u0131\u015f\u201d<\/p>\n<p>Otob\u00fcsle kent turuna kat\u0131larak, Mersinliler\u2019i ezgilerle bulu\u015fturan keman sanat\u00e7\u0131s\u0131 Mahmut B\u0131k\u00e7an, m\u00fczisyen arkada\u015flar\u0131 ile birlikte uzun zamand\u0131r sahne almad\u0131klar\u0131ndan s\u00f6z etti. Yap\u0131lan etkinlikten duyduklar\u0131 memnuniyeti dile getiren B\u0131k\u00e7an, \u201cHerkes m\u00fczi\u011fe susam\u0131\u015f asl\u0131nda. Baya\u011f\u0131 b\u00fcy\u00fck bir ara verildi. Herkes \u015fu an \u00e7ok mutlu. Evlerinde otob\u00fcse bak\u0131p bizi izliyorlar\u201d dedi.<\/p>\n<p>\u201cM\u00fczik yapmaktan ziyade, bizleri birilerinin d\u00fc\u015f\u00fcnmesi daha g\u00fczel bir duygu\u201d<\/p>\n<p>M\u00fczisyen Kerim Beyazg\u00fcl de tek ge\u00e7im kayna\u011f\u0131n\u0131n m\u00fczik oldu\u011fundan s\u00f6z etti ve \u201cBa\u015fka bir i\u015f de elimden gelmiyor. K\u00fc\u00e7\u00fckl\u00fc\u011f\u00fcmden beri bu i\u015fle u\u011fra\u015f\u0131yorum. \u00c7ok mutluyuz. Daha do\u011frusu m\u00fczik yapmaktan ziyade, bizleri birilerinin d\u00fc\u015f\u00fcnmesi daha g\u00fczel bir duygu. Kimsesiz olmad\u0131\u011f\u0131m\u0131z\u0131 hissediyorum, birilerinin bizi d\u00fc\u015f\u00fcnd\u00fc\u011f\u00fcn\u00fc hissediyorum\u201d ifadelerini kulland\u0131.<\/p>\n<p>Etkinli\u011fe kat\u0131ld\u0131\u011f\u0131 i\u00e7in mutlu oldu\u011funu s\u00f6yleyen kanun sanat\u00e7\u0131s\u0131 Mehmet \u00c7aml\u0131, \u201cUmar\u0131m bir an \u00f6nce bu hastal\u0131k da biter, kurtuluruz, eski g\u00fcnlerimize d\u00f6neriz. M\u00fczikten uzak kalmak \u00e7ok k\u00f6t\u00fc hissettiriyor\u201d dedi.<\/p>\n","protected":false},"excerpt":{"rendered":"<p>Mersin B\u00fcy\u00fck\u015fehir Belediyesi, \u201c8 Nisan D\u00fcnya Romanlar G\u00fcn\u00fc\u201d dolay\u0131s\u0131yla bir dizi kutlama program\u0131 d\u00fczenledi. Kentte say\u0131s\u0131 yakla\u015f\u0131k 50 bini bulan Roman vatanda\u015flar, kutlamalar\u0131n heyecan\u0131n\u0131 ya\u015f\u0131yor. \u0130lk olarak B\u00fcy\u00fck\u015fehir\u2019in organize etti\u011fi &hellip; <a href=\"https:\/\/akdenizolaygazetesi.com\/?p=11812\" class=\"more-link\">Devam\u0131n\u0131 Oku&#8230;<\/a><\/p>\n","protected":false},"author":2,"featured_media":11814,"comment_status":"open","ping_status":"open","sticky":false,"template":"","format":"standard","meta":[],"categories":[8,34,1,3,5],"tags":[],"_links":{"self":[{"href":"https:\/\/akdenizolaygazetesi.com\/index.php?rest_route=\/wp\/v2\/posts\/11812"}],"collection":[{"href":"https:\/\/akdenizolaygazetesi.com\/index.php?rest_route=\/wp\/v2\/posts"}],"about":[{"href":"https:\/\/akdenizolaygazetesi.com\/index.php?rest_route=\/wp\/v2\/types\/post"}],"author":[{"embeddable":true,"href":"https:\/\/akdenizolaygazetesi.com\/index.php?rest_route=\/wp\/v2\/users\/2"}],"replies":[{"embeddable":true,"href":"https:\/\/akdenizolaygazetesi.com\/index.php?rest_route=%2Fwp%2Fv2%2Fcomments&post=11812"}],"version-history":[{"count":2,"href":"https:\/\/akdenizolaygazetesi.com\/index.php?rest_route=\/wp\/v2\/posts\/11812\/revisions"}],"predecessor-version":[{"id":11815,"href":"https:\/\/akdenizolaygazetesi.com\/index.php?rest_route=\/wp\/v2\/posts\/11812\/revisions\/11815"}],"wp:featuredmedia":[{"embeddable":true,"href":"https:\/\/akdenizolaygazetesi.com\/index.php?rest_route=\/wp\/v2\/media\/11814"}],"wp:attachment":[{"href":"https:\/\/akdenizolaygazetesi.com\/index.php?rest_route=%2Fwp%2Fv2%2Fmedia&parent=11812"}],"wp:term":[{"taxonomy":"category","embeddable":true,"href":"https:\/\/akdenizolaygazetesi.com\/index.php?rest_route=%2Fwp%2Fv2%2Fcategories&post=11812"},{"taxonomy":"post_tag","embeddable":true,"href":"https:\/\/akdenizolaygazetesi.com\/index.php?rest_route=%2Fwp%2Fv2%2Ftags&post=11812"}],"curies":[{"name":"wp","href":"https:\/\/api.w.org\/{rel}","templated":true}]}}