{"id":11819,"date":"2021-04-11T10:48:39","date_gmt":"2021-04-11T07:48:39","guid":{"rendered":"http:\/\/akdenizolaygazetesi.com\/?p=11819"},"modified":"2021-04-11T10:49:13","modified_gmt":"2021-04-11T07:49:13","slug":"ureticiler-kantaron-fidelerini-ilk-kez-toprakla-bulusturacak","status":"publish","type":"post","link":"https:\/\/akdenizolaygazetesi.com\/?p=11819","title":{"rendered":"\u00dcRET\u0130C\u0130LER, KANTARON F\u0130DELER\u0130N\u0130 \u0130LK KEZ TOPRAKLA BULU\u015eTURACAK"},"content":{"rendered":"<p>Mersin B\u00fcy\u00fck\u015fehir Belediye Ba\u015fkan\u0131 Vahap Se\u00e7er \u00f6nc\u00fcl\u00fc\u011f\u00fcnde hayata ge\u00e7irilen projeler ile tar\u0131ma ve hayvanc\u0131l\u0131\u011fa y\u00f6nelik destekler artarak devam ediyor. Tar\u0131msal ve Veteriner Hizmetleri Dairesi taraf\u0131ndan Mut ve Bozyaz\u0131 il\u00e7elerinde yap\u0131lan saha ara\u015ft\u0131rmalar\u0131nda y\u00f6renin iklim ve toprak ko\u015fullar\u0131 incelendi. Bu \u00e7er\u00e7evede \u00fcreticiye bu y\u0131l ilk kez \u00fcretimini sa\u011flayacaklar\u0131 kantaron fideleri da\u011f\u0131t\u0131ld\u0131. \u00dcreticiler, hem t\u0131bbi hem de bitki olarak \u00f6nem ta\u015f\u0131yan kantaron fidelerini toprakla bulu\u015fturman\u0131n heyecan\u0131n\u0131 ya\u015fad\u0131.<\/p>\n<p>Mut\u2019ta Da\u011fpazar\u0131, Elmap\u0131nar\u0131 ve Kavak\u00f6z\u00fc; Bozyaz\u0131\u2019da ise Elmakuzu ve Ard\u0131\u00e7l\u0131ta\u015f mahallelerinde ikamet eden 62 \u00fcreticiye, \u201cDestek B\u00fcy\u00fck\u015fehir\u2019den \u00dcretim \u00c7ift\u00e7iden\u201d slogan\u0131yla toplam 124 bin kantaron fidesi hibe olarak da\u011f\u0131t\u0131ld\u0131. Proje kapsam\u0131nda her bir \u00fcreticiye 2 bin kantaron fidesi verilirken, par\u00e7al\u0131 olarak kullan\u0131lan 62 arazi de tar\u0131ma kazand\u0131r\u0131lm\u0131\u015f olacak.<\/p>\n<p>\u201c\u00dcreticiden gelen talep \u00fczerine bu projeyi geli\u015ftirdik\u201d<\/p>\n<p>Tar\u0131msal ve Veteriner Hizmetleri Daire Ba\u015fkanl\u0131\u011f\u0131 Bitkisel Materyal ve Serac\u0131l\u0131k \u015eube M\u00fcd\u00fcr Vekili Sel\u00e7uk \u015eahuto\u011flu, projeyle ilgili \u015funlar\u0131 s\u00f6yledi:<\/p>\n<p>\u201cMersin B\u00fcy\u00fck\u015fehir Belediyesi olarak tar\u0131m\u0131n her kolunda destek olmaya 2021 y\u0131l\u0131nda da devam ediyoruz. Bunlardan biri de son zamanlarda \u00fclkemizde trend olan t\u0131bbi ve aromatik bitki yeti\u015ftiricili\u011fi. Bunlar\u0131n en \u00f6nemlilerinin ba\u015f\u0131nda da kantaron gelmektedir. Kantaron bir\u00e7ok alanda kullan\u0131lmakta. Gerek t\u0131bbi olarak, gerek bitki olarak kullan\u0131m amac\u0131 \u00e7ok farkl\u0131. Halk\u0131m\u0131z, da\u011flarda yabani olarak yeti\u015fen kantaronu topluyordu. Biz de \u00fcreticiden gelen talep \u00fczerine bu projeyi ger\u00e7ekle\u015ftirdik. Amac\u0131m\u0131z hem tar\u0131msal \u00fcretimi zenginle\u015ftirmek bunun yan\u0131 s\u0131ra at\u0131l halde kalan tar\u0131m arazilerini daha elveri\u015fli hale getirerek halk\u0131n \u00fcretimine sunmak. B\u00fcy\u00fck\u015fehir Belediyesi olarak yapt\u0131\u011f\u0131m\u0131z t\u00fcm projelerde y\u00f6reye uygun \u00fcr\u00fcnleri fideleri, fidanlar\u0131 se\u00e7iyoruz. Mut ve Bozyaz\u0131\u2019n\u0131n yaylalar\u0131nda bu \u00fcr\u00fcn\u00fcn yeti\u015fti\u011fini tespit ettik. Di\u011fer il\u00e7elere g\u00f6re de vermi\u015f oldu\u011fu \u00fcr\u00fcn\u00fcn miktar\u0131 daha faydal\u0131.\u201d<\/p>\n<p>\u201cBu tip hizmetlere, hibelere al\u0131\u015f\u0131k de\u011filiz\u201d<\/p>\n<p>Bozyaz\u0131 il\u00e7esi Elmakuzu Mahalle Muhtar\u0131 Yusuf \u015eakir, B\u00fcy\u00fck\u015fehir Belediyesi\u2019nin kendileri ile ileti\u015fime ge\u00e7erek, \u201cElmakuzu Mahallesi\u2019nde neler ekebiliriz? \u00dcreticiye nas\u0131l bir faydam\u0131z dokunabilir? Nas\u0131l projeler uygulayabiliriz?\u201d sorular\u0131 \u00fczerine bu projenin ilk a\u015famas\u0131nda fikir \u00fcrettiklerini s\u00f6yledi. \u015eakir, \u201cBizim b\u00f6lgemiz 1500 rak\u0131m civar\u0131nda oldu\u011fu i\u00e7in kantaron fidesinin uygun oldu\u011fu tespit edildi. Biz bu do\u011frultuda vatanda\u015flar\u0131m\u0131z\u0131 bilgilendirdik. Ekip dikme vakti de yeni geldi zaten. Kar, ya\u011fmur, \u00e7amur yeni kurumaya ba\u015flad\u0131. Dikilebilir arazisi olan, ekonomik durumu zay\u0131f olan \u00fcreticilerimize \u00f6ncelik verdik. Bir katk\u0131 olsun sonu\u00e7ta. \u00dcretim a\u015famas\u0131nda \u00e7ok da bir masraf\u0131 yok. \u0130n\u015fallah verim al\u0131r\u0131z. \u00dcreticinin y\u00fcz\u00fc g\u00fcler. Bunun i\u00e7in Mersin B\u00fcy\u00fck\u015fehir Belediye Ba\u015fkan\u0131m\u0131z Say\u0131n Vahap Se\u00e7er\u2019e \u00e7ok te\u015fekk\u00fcr ediyoruz. Bu tip hizmetlere, hibelere al\u0131\u015f\u0131k de\u011filiz. \u0130yi sonu\u00e7lar do\u011furacak in\u015fallah\u201d dedi.<\/p>\n<p>Bozyaz\u0131 il\u00e7esi Ard\u0131\u00e7l\u0131ta\u015f Mahalle Muhtar\u0131 Bekir Bak\u0131r, \u201c\u00dcreticiler memnun kalacak, \u00fcreticinin y\u00fcz\u00fcn\u00fc g\u00fcld\u00fcren bir te\u015fvik\u201d dedi.<\/p>\n<p>\u201c\u00c7ift\u00e7iler zor durumda. Bu ko\u015fullardaki \u00e7ift\u00e7ileri desteklemek iyidir\u201d<\/p>\n<p>Destekten olduk\u00e7a memnun kald\u0131\u011f\u0131n\u0131 belirten \u00fcretici Fikri G\u00fc\u011f\u00fcl, \u201c\u00c7ift\u00e7iler zaten zor bir durumda.  Bu ko\u015fullardaki \u00e7ift\u00e7ileri desteklemek iyidir. Bu kantaron fidelerinin bizim i\u00e7in b\u00fcy\u00fck bir anlam\u0131 var. \u00c7\u00fcnk\u00fc biz arasak bulamay\u0131z. Sadece \u00fcretildi\u011fini duyuyoruz. Sa\u011fl\u0131k sekt\u00f6r\u00fcnde kullan\u0131ld\u0131\u011f\u0131n\u0131 duyuyoruz. Ba\u015fkan\u0131m\u0131z sayesinde \u015fimdi deneyece\u011fiz. \u0130n\u015fallah sonucu verimli olur\u201d diye konu\u015ftu.<\/p>\n<p>\u201cDaha \u00f6nce hi\u00e7 b\u00f6yle bir destek g\u00f6rmedik\u201d<\/p>\n<p>Kad\u0131n \u00fcretici Nuray Kantar, \u201cBunu ekeriz, kantaron ya\u011f\u0131 yapar\u0131z. Bundan da\u011flarda biterdi \u00f6nceden. Oradan toplar gelirdik. \u015eimdi bah\u00e7elerimizde olacak. Allah raz\u0131 olsun, b\u00f6yle destekte bulunduklar\u0131 i\u00e7in. Daha \u00f6nce hi\u00e7 b\u00f6yle bir destek g\u00f6rmedik.  \u0130yi oldu\u201d ifadelerini kuland\u0131.<\/p>\n","protected":false},"excerpt":{"rendered":"<p>Mersin B\u00fcy\u00fck\u015fehir Belediye Ba\u015fkan\u0131 Vahap Se\u00e7er \u00f6nc\u00fcl\u00fc\u011f\u00fcnde hayata ge\u00e7irilen projeler ile tar\u0131ma ve hayvanc\u0131l\u0131\u011fa y\u00f6nelik destekler artarak devam ediyor. Tar\u0131msal ve Veteriner Hizmetleri Dairesi taraf\u0131ndan Mut ve Bozyaz\u0131 il\u00e7elerinde yap\u0131lan &hellip; <a href=\"https:\/\/akdenizolaygazetesi.com\/?p=11819\" class=\"more-link\">Devam\u0131n\u0131 Oku&#8230;<\/a><\/p>\n","protected":false},"author":2,"featured_media":11821,"comment_status":"open","ping_status":"open","sticky":false,"template":"","format":"standard","meta":[],"categories":[7,34,1,2,3],"tags":[],"_links":{"self":[{"href":"https:\/\/akdenizolaygazetesi.com\/index.php?rest_route=\/wp\/v2\/posts\/11819"}],"collection":[{"href":"https:\/\/akdenizolaygazetesi.com\/index.php?rest_route=\/wp\/v2\/posts"}],"about":[{"href":"https:\/\/akdenizolaygazetesi.com\/index.php?rest_route=\/wp\/v2\/types\/post"}],"author":[{"embeddable":true,"href":"https:\/\/akdenizolaygazetesi.com\/index.php?rest_route=\/wp\/v2\/users\/2"}],"replies":[{"embeddable":true,"href":"https:\/\/akdenizolaygazetesi.com\/index.php?rest_route=%2Fwp%2Fv2%2Fcomments&post=11819"}],"version-history":[{"count":1,"href":"https:\/\/akdenizolaygazetesi.com\/index.php?rest_route=\/wp\/v2\/posts\/11819\/revisions"}],"predecessor-version":[{"id":11820,"href":"https:\/\/akdenizolaygazetesi.com\/index.php?rest_route=\/wp\/v2\/posts\/11819\/revisions\/11820"}],"wp:featuredmedia":[{"embeddable":true,"href":"https:\/\/akdenizolaygazetesi.com\/index.php?rest_route=\/wp\/v2\/media\/11821"}],"wp:attachment":[{"href":"https:\/\/akdenizolaygazetesi.com\/index.php?rest_route=%2Fwp%2Fv2%2Fmedia&parent=11819"}],"wp:term":[{"taxonomy":"category","embeddable":true,"href":"https:\/\/akdenizolaygazetesi.com\/index.php?rest_route=%2Fwp%2Fv2%2Fcategories&post=11819"},{"taxonomy":"post_tag","embeddable":true,"href":"https:\/\/akdenizolaygazetesi.com\/index.php?rest_route=%2Fwp%2Fv2%2Ftags&post=11819"}],"curies":[{"name":"wp","href":"https:\/\/api.w.org\/{rel}","templated":true}]}}