{"id":11822,"date":"2021-04-11T10:50:40","date_gmt":"2021-04-11T07:50:40","guid":{"rendered":"http:\/\/akdenizolaygazetesi.com\/?p=11822"},"modified":"2021-04-11T10:51:25","modified_gmt":"2021-04-11T07:51:25","slug":"mersin-buyuksehir-400-gramlik-ramazan-pidesini-15-tlden-sofralara-ulastiriyor","status":"publish","type":"post","link":"https:\/\/akdenizolaygazetesi.com\/?p=11822","title":{"rendered":"MERS\u0130N B\u00dcY\u00dcK\u015eEH\u0130R, 400 GRAMLIK RAMAZAN P\u0130DES\u0130N\u0130 1,5 TL\u2019DEN SOFRALARA ULA\u015eTIRIYOR"},"content":{"rendered":"<p>Mersin B\u00fcy\u00fck\u015fehir Belediyesi MER-EK Halk Ekmek Fabrikas\u0131, Ramazan Ay\u0131 dolay\u0131s\u0131yla 400 graml\u0131k Ramazan pidelerini 1,5 TL\u2019den vatanda\u015flara ula\u015ft\u0131racak. Ramazan pideleri, ekmek b\u00fcfesi i\u015fleten kad\u0131nlar taraf\u0131ndan kentin 40 noktas\u0131nda vatanda\u015flara sunulacak. MER-EK Halk Ekmek Fabrikas\u0131\u2019nda hijyenik ko\u015fullarda yap\u0131lan ekmekler, T\u00fcrkiye\u2019nin en y\u00fcksek gramaj ve en uygun fiyata sahip Ramazan pidesi olma \u00f6zelli\u011fini ta\u015f\u0131yor.<\/p>\n<p>Ba\u015fkan Se\u00e7er, \u201cDo\u011fru yolday\u0131z, halk ad\u0131na \u00e7al\u0131\u015f\u0131yoruz\u201d dedi<\/p>\n<p>2 y\u0131ll\u0131k g\u00f6rev s\u00fcresini tamamlarken, \u201cDo\u011fru yolday\u0131z, halk ad\u0131na \u00e7al\u0131\u015f\u0131yoruz. Toplum menfaati ad\u0131na \u00e7al\u0131\u015f\u0131yoruz\u201d ifadelerine yer veren Ba\u015fkan Vahap Se\u00e7er\u2019in y\u00f6netti\u011fi Mersin B\u00fcy\u00fck\u015fehir Belediyesi yine \u2018halk\u00e7\u0131\u2019 bir uygulamaya imza att\u0131. B\u00fcy\u00fck\u015fehir, \u00f6zellikle pandemi s\u00fcrecinde zor g\u00fcnler ge\u00e7iren y\u00fcz binlerce Mersinli\u2019nin sofras\u0131na bu Ramazan Ay\u0131\u2019nda da en uygun ekme\u011fi ula\u015ft\u0131racak. MER-EK Halk Ekmek Fabrikas\u0131\u2019nda Ramazan Ay\u0131\u2019yla birlikte pide \u00fcretimine ba\u015flanacak.<\/p>\n<p>\u201c400 gram olan pidemizi yine en ucuza biz sataca\u011f\u0131z\u201d<\/p>\n<p>MER-EK Halk Ekmek Fabrikas\u0131\u2019nda g\u00f6revli g\u0131da m\u00fchendisi Dilara Aytuttu, T\u00fcrkiye\u2019nin en ucuz ekme\u011fini vatanda\u015flara ula\u015ft\u0131rd\u0131klar\u0131n\u0131 vurgulayarak, \u201cRamazan pidelerimizi 400 gram olarak \u00fcretiyoruz. Somun ekmeklerimizi 250 gram 75 kuru\u015f olarak en ucuza biz sat\u0131yoruz. \u015eu anda 400 gram olan Ramazan pidemizi 1 lira 50 kuru\u015ftan yine en ucuza biz sataca\u011f\u0131z. Ramazan boyunca di\u011fer ekmeklerimizin de \u00fcretimi devam edecek. Somun, \u00e7avdar, tam bu\u011fday, kepek ve roll ekmeklerimiz gibi \u00e7e\u015fitli ekmeklerimizin \u00fcretimi devam ediyor\u201d dedi.<\/p>\n<p>\u201cHer alanda hijyen kontrollerimiz mevcut\u201d<\/p>\n<p>Aytuttu, hijyenik ko\u015fullarda \u00fcretilen ekmeklerin 40 noktada sat\u0131\u015f\u0131n\u0131n oldu\u011funu belirterek, \u201cKaliteli hammadde ile kontroll\u00fc bir \u00fcretim ger\u00e7ekle\u015ftiriyoruz. Hammadde al\u0131m\u0131m\u0131zdan \u00fcretime, \u00fcretimden sevkiyata kadar her alanda hijyen kontrollerimiz mevcut. Merkez 4 il\u00e7emizde yer alan 40 noktada b\u00fcfelerimizi kad\u0131n i\u015fletmecilerimiz i\u015fletiyor. Kad\u0131n i\u015fletmecilerimiz elde ettikleri gelirlerle ge\u00e7imlerini sa\u011fl\u0131yorlar, b\u00f6ylece ekonomik \u00f6zg\u00fcrl\u00fcklerini de elde etmi\u015f oluyorlar\u201d diye konu\u015ftu.<\/p>\n<p>\u201cEn az\u0131ndan kendi i\u015f yerim, \u00e7ok memnunum\u201d<\/p>\n<p>B\u00fcfe i\u015fletmecisi kad\u0131nlardan \u00c7i\u011fdem Nur Tok, sosyal medya \u00fczerinden 2 y\u0131l \u00f6nce MER-EK Halk Ekmek B\u00fcfeleri\u2019ni art\u0131k kad\u0131nlar\u0131n i\u015fletece\u011fine y\u00f6nelik bir duyuru g\u00f6rd\u00fc\u011f\u00fcn\u00fc ve ba\u015fvuruda bulundu\u011funu belirterek, \u201cBirka\u00e7 yere ba\u015fvurdum. \u0130\u015f konusunda bir sonu\u00e7 alamad\u0131m ama buras\u0131 oldu. MER-EK Halk Ekmek Fabrikas\u0131\u2019na ba\u015fvurdum. Hemen kabul edildim. Burada bu ikinci senem. G\u00fczel gidiyor, al\u0131\u015ft\u0131m. En az\u0131ndan kendi i\u015f yerim. \u00c7ok memnunum \u015fu anda. Aileme destek ama\u00e7l\u0131 biraz da bu giri\u015fimde bulundum\u201d ifadelerine yer verdi.<\/p>\n<p>\u201cBuradan kazand\u0131\u011f\u0131m paray\u0131 \u00e7ocuklar\u0131m\u0131n e\u011fitimi i\u00e7in kullan\u0131yorum\u201d<\/p>\n<p>Biri 15, di\u011feri de 11 ya\u015f\u0131nda olan iki \u00e7ocuk annesi oldu\u011funu s\u00f6zlerine ekleyen Tok, \u201cMersin\u2019deki t\u00fcm b\u00fcfeler gibi buray\u0131 da bir kad\u0131n olarak ben i\u015fletiyorum. Kad\u0131nlar\u0131n ayaklar\u0131n\u0131n \u00fcst\u00fcnde durmas\u0131 \u00e7ok g\u00fczel bir \u015fey. 2 tane \u00e7ocu\u011fum var. Onlar i\u00e7in \u00e7al\u0131\u015f\u0131yorum. Deste\u011fim onlara. \u00c7ocuklar\u0131m\u0131 \u00e7ok seviyorum. Bu i\u015f bana ila\u00e7 gibi geldi. Buradan kazand\u0131\u011f\u0131m paray\u0131 \u00e7ocuklar\u0131m\u0131n e\u011fitimi i\u00e7in kullan\u0131yorum. Evime destek ama\u00e7l\u0131 kullan\u0131yorum. Mutfak, pazar masraflar\u0131m\u0131 \u00e7\u0131kar\u0131yorum. \u00c7ocuklar\u0131m\u0131n isteklerini, \u2018hay\u0131r\u2019 diyemedi\u011fim \u015feyleri almaya \u00e7al\u0131\u015f\u0131yorum. \u00d6zellikle k\u0131z\u0131m mesela, lisede. S\u00fcrekli kitap ihtiyac\u0131 oluyor. Onun kitaplar\u0131n\u0131 al\u0131yorum. O\u011flan da \u00f6yle. \u0130kisinin de kitaplar\u0131n\u0131 al\u0131yorum\u201d dedi.<\/p>\n<p>\u201cRamazan pidesi ge\u00e7en sene \u00e7ok ra\u011fbet g\u00f6rd\u00fc, bu sene de bekliyoruz\u201d<\/p>\n<p>Tok, Ramazan\u2019da pide sat\u0131\u015flar\u0131na yo\u011fun ilgi oldu\u011funu da belirterek, \u201cRamazan pidesi ge\u00e7en sene \u00e7ok ra\u011fbet g\u00f6rd\u00fc. Bu sene ikinci y\u0131l\u0131m. Bu sene de bekliyoruz ilgiyi. Soran m\u00fc\u015fterilerimiz \u00e7ok oluyor. Fiyat olarak da \u00e7ok uygun. Ramazan baya\u011f\u0131 bir yo\u011fun ge\u00e7iyor zaten. Ama \u00e7ok zevkli ge\u00e7iyor, g\u00fczel ge\u00e7iyor. Ben seviyorum. M\u00fc\u015fterilerimiz de be\u011feniyor. \u00dcretimi g\u00fczel, temiz. Ben en \u00e7ok ona g\u00fcveniyorum\u201d diye konu\u015ftu.<\/p>\n<p>\u201cKad\u0131nlar\u0131n ekmek satmas\u0131ndan m\u00fc\u015fteriler de memnun\u201d<\/p>\n<p>MER-EK Halk Ekmek B\u00fcfesi i\u015fletmecisi kad\u0131nlardan Filiz Ataizi, giri\u015fimci bir kad\u0131n olarak ekmek b\u00fcfesi i\u015fletmecili\u011fine ba\u015fvurdu\u011funu belirterek, \u201cKad\u0131nlara g\u00fczel bir i\u015f kolu. M\u00fc\u015fterilerimiz geliyor. Kad\u0131nlar\u0131n ekmek satmas\u0131ndan m\u00fc\u015fteriler de memnun. \u00c7\u00fcnk\u00fc kad\u0131nlar daha titiz, daha temiz ve g\u00fcler y\u00fczl\u00fc\u201d diye konu\u015ftu. En uygun Ramazan pidesini vatanda\u015flara ula\u015ft\u0131rmaktan memnun olduklar\u0131n\u0131 da vurgulayan Ataizi, \u201cPidelerimiz Ramazan\u2019da \u00e7ok ra\u011fbet g\u00f6r\u00fcyor. Bu pideleri biz kad\u0131nlar sat\u0131yoruz. Fabrikam\u0131zdan geliyor. Ucuz ve kaliteli pidelerimizi halk\u0131m\u0131za sat\u0131yoruz. Halk\u0131m\u0131z memnun, biz de memnunuz\u201d ifadelerine yer verdi.<\/p>\n<p>\u201cRamazan i\u00e7in haz\u0131rl\u0131klar\u0131m\u0131z tamam, pidelerimiz haz\u0131r\u201d<\/p>\n<p>Ekmek i\u015fletmecisi kad\u0131nlardan Yasemin T\u00fcrkmen de 43 ya\u015f\u0131nda oldu\u011funu ve ya\u015f\u0131 nedeniyle i\u015f bulmaktan \u00fcmidini kesti\u011fi s\u0131rada B\u00fcy\u00fck\u015fehir\u2019in duyurusuyla kar\u015f\u0131la\u015ft\u0131\u011f\u0131n\u0131 s\u00f6yledi. \u201cKa\u00e7 yere ba\u015fvurdu\u011fum halde bir t\u00fcrl\u00fc d\u00f6n\u00fc\u015f olmam\u0131\u015ft\u0131, belediye sa\u011f olsun bize b\u00f6yle bir imk\u00e2n sa\u011flad\u0131\u201d ifadelerine yer veren T\u00fcrkmen, \u201cKad\u0131nlar olarak b\u00fcfelerde i\u015fimizin ba\u015f\u0131nday\u0131z. Ramazan i\u00e7in haz\u0131rl\u0131klar\u0131m\u0131z tamam. Pidelerimiz haz\u0131r. Uygun, kaliteli, hijyenik bir \u015fekilde ge\u00e7en seneki gibi yine hizmetimize devam edece\u011fiz\u201d diye konu\u015ftu.<\/p>\n<p>\u201cHer \u015feyde zam. \u0130nsanlar da buray\u0131 tercih ediyorlar\u201d<\/p>\n<p>Vatanda\u015flardan Figen Bozkurt, \u00f6zellikle pandemi nedeniyle ekonomik olarak zor g\u00fcnler ge\u00e7irdiklerini vurgulayarak, \u201cNormalde g\u00fcvenli\u011fim ama i\u015f bulam\u0131yorum. \u00c7ok \u00fczg\u00fcn\u00fcm. \u00c7ok s\u0131k\u0131nt\u0131l\u0131. Her \u015feyde zam. Tabii ki de alamad\u0131\u011f\u0131m\u0131z zamanlar \u00e7ok oluyor. Buradan ekmek al\u0131yorum. \u00c7ok g\u00fczel, sa\u011fl\u0131kl\u0131 ve fiyatlar da g\u00fczel. Hani bir s\u0131k\u0131nt\u0131 ya\u015fam\u0131yoruz. En az\u0131ndan d\u0131\u015far\u0131daki al\u0131m g\u00fcc\u00fcnden daha iyi. \u015eimdi insanlar\u0131n g\u00fcc\u00fc tabii ki de buraya yetiyor. Her \u015fey o kadar pahal\u0131land\u0131 ki. Marketlere gidiyoruz, tabi \u00e7ocuklu insanlar\u0131z. \u00c7ocuklar\u0131n ihtiya\u00e7lar\u0131, marketlerin mecburi giderleri, evin mecburi giderleri. Tabii ki ekmek burada birazc\u0131k daha uygun\u201d dedi.<\/p>\n<p>\u201c25 kuru\u015f bile ucuz olsa \u00e7ok b\u00fcy\u00fck bir avantaj demek\u201d<\/p>\n<p>MER-EK Halk Ekmek B\u00fcfesi\u2019nden bu sene ilk defa Ramazan pidesi alaca\u011f\u0131n\u0131 s\u00f6yleyen Bozkurt, \u201cNormal ekmekleri de al\u0131yorum buradan. \u015eimdi 25 kuru\u015f bile ucuz olsa, mesela baz\u0131 yerlerde ekmekler 1.25, normal yerlerde 1 lira ama burada 75 kuru\u015f. Tabii ki de daha uygun gelecek. Mesela baz\u0131 insanlar tek ba\u015f\u0131na ya\u015far 1 ekmek t\u00fcketir ama baz\u0131 aileler var ki 4-5 taneyi bir \u00f6\u011f\u00fcnde t\u00fcketiyorlar. Bu ne demek? 25 kuru\u015ftan \u00e7ok b\u00fcy\u00fck bir avantaj demek\u201d diye konu\u015ftu.<\/p>\n<p>\u201cFiyat\u0131 ucuz, gramaj\u0131 y\u00fcksek bir ekmek\u201d<\/p>\n<p>Vatanda\u015flardan Seyran \u00d6zbay ise sunulan hizmetten memnun olduklar\u0131n\u0131 vurgulayarak, \u201cEkmeklerimiz taze, leziz. Ayn\u0131 zamanda ucuz. Kolay eri\u015filebilir noktalarda. O y\u00fczden buray\u0131 tercih ediyorum. Kad\u0131nlar\u0131n bu i\u015fte de olmas\u0131, bu i\u015fe de el atmalar\u0131 benim i\u00e7in sevindirici. \u00c7\u00fcnk\u00fc kad\u0131nlar her yerde olmal\u0131. Ramazan pideleri de taze ve leziz. O y\u00fczden pidelerimizi de buradan almay\u0131 tercih ediyoruz. Fiyat\u0131 ucuz, gramaj\u0131 y\u00fcksek bir ekmek. Memnunuz\u201d dedi.<\/p>\n","protected":false},"excerpt":{"rendered":"<p>Mersin B\u00fcy\u00fck\u015fehir Belediyesi MER-EK Halk Ekmek Fabrikas\u0131, Ramazan Ay\u0131 dolay\u0131s\u0131yla 400 graml\u0131k Ramazan pidelerini 1,5 TL\u2019den vatanda\u015flara ula\u015ft\u0131racak. Ramazan pideleri, ekmek b\u00fcfesi i\u015fleten kad\u0131nlar taraf\u0131ndan kentin 40 noktas\u0131nda vatanda\u015flara sunulacak. &hellip; <a href=\"https:\/\/akdenizolaygazetesi.com\/?p=11822\" class=\"more-link\">Devam\u0131n\u0131 Oku&#8230;<\/a><\/p>\n","protected":false},"author":2,"featured_media":11824,"comment_status":"open","ping_status":"open","sticky":false,"template":"","format":"standard","meta":[],"categories":[8,34,1,3,5],"tags":[],"_links":{"self":[{"href":"https:\/\/akdenizolaygazetesi.com\/index.php?rest_route=\/wp\/v2\/posts\/11822"}],"collection":[{"href":"https:\/\/akdenizolaygazetesi.com\/index.php?rest_route=\/wp\/v2\/posts"}],"about":[{"href":"https:\/\/akdenizolaygazetesi.com\/index.php?rest_route=\/wp\/v2\/types\/post"}],"author":[{"embeddable":true,"href":"https:\/\/akdenizolaygazetesi.com\/index.php?rest_route=\/wp\/v2\/users\/2"}],"replies":[{"embeddable":true,"href":"https:\/\/akdenizolaygazetesi.com\/index.php?rest_route=%2Fwp%2Fv2%2Fcomments&post=11822"}],"version-history":[{"count":1,"href":"https:\/\/akdenizolaygazetesi.com\/index.php?rest_route=\/wp\/v2\/posts\/11822\/revisions"}],"predecessor-version":[{"id":11823,"href":"https:\/\/akdenizolaygazetesi.com\/index.php?rest_route=\/wp\/v2\/posts\/11822\/revisions\/11823"}],"wp:featuredmedia":[{"embeddable":true,"href":"https:\/\/akdenizolaygazetesi.com\/index.php?rest_route=\/wp\/v2\/media\/11824"}],"wp:attachment":[{"href":"https:\/\/akdenizolaygazetesi.com\/index.php?rest_route=%2Fwp%2Fv2%2Fmedia&parent=11822"}],"wp:term":[{"taxonomy":"category","embeddable":true,"href":"https:\/\/akdenizolaygazetesi.com\/index.php?rest_route=%2Fwp%2Fv2%2Fcategories&post=11822"},{"taxonomy":"post_tag","embeddable":true,"href":"https:\/\/akdenizolaygazetesi.com\/index.php?rest_route=%2Fwp%2Fv2%2Ftags&post=11822"}],"curies":[{"name":"wp","href":"https:\/\/api.w.org\/{rel}","templated":true}]}}