{"id":1183,"date":"2020-11-04T18:21:46","date_gmt":"2020-11-04T15:21:46","guid":{"rendered":"http:\/\/mersinekonomipolitikagazetesi.com\/?p=1183"},"modified":"2020-11-04T18:21:46","modified_gmt":"2020-11-04T15:21:46","slug":"dunyaca-unlu-sanatcilar-ayla-erduran-ve-aysegul-saricadan-mersinde-unutulmaz-konser","status":"publish","type":"post","link":"https:\/\/akdenizolaygazetesi.com\/?p=1183","title":{"rendered":"D\u00fcnyaca \u00fcnl\u00fc sanat\u00e7\u0131lar Ayla Erduran ve Ay\u015feg\u00fcl Sar\u0131ca\u2019dan Mersin\u2019de unutulmaz konser"},"content":{"rendered":"<p>16. Mersin Uluslararas\u0131 M\u00fczik Festivali, Rengim G\u00f6kmen y\u00f6netiminde ger\u00e7ekle\u015ftirdi\u011fi \u201cUstalara Sayg\u0131 Konseri\u201d ile klasik m\u00fczi\u011fin d\u00fcnyaca \u00fcnl\u00fc duayenleri Devlet Sanat\u00e7\u0131s\u0131 Ayla Erduran, Devlet Sanat\u00e7\u0131s\u0131 Ay\u015feg\u00fcl Sar\u0131ca\u2019y\u0131 ve keman virt\u00fc\u00f6z\u00fc Cihat A\u015fk\u0131n\u2019\u0131 ayn\u0131 sahnede bulu\u015fturdu.<\/p>\n<p>16. Mersin Uluslararas\u0131 M\u00fczik Festivali, Rengim G\u00f6kmen y\u00f6netiminde ger\u00e7ekle\u015ftirdi\u011fi \u201cUstalara Sayg\u0131 Konseri\u201d ile klasik m\u00fczi\u011fin d\u00fcnyaca \u00fcnl\u00fc duayenleri Devlet Sanat\u00e7\u0131s\u0131 Ayla Erduran, Devlet Sanat\u00e7\u0131s\u0131 Ay\u015feg\u00fcl Sar\u0131ca\u2019y\u0131 ve keman virt\u00fc\u00f6z\u00fc Cihat A\u015fk\u0131n\u2019\u0131 ayn\u0131 sahnede bulu\u015fturdu.<br \/>\nMersin K\u00fclt\u00fcr Merkezi\u2019nde ger\u00e7ekle\u015ftirilen konserde, Ay\u015feg\u00fcl Sar\u0131ca, Ayla Erduran ve Cihat A\u015fk\u0131n, sanatseverlere Shostakovich, Chausson, Bach ve Bela Bartok\u2019un eserlerinden olu\u015fan unutulmaz bir konser verdi. Kar\u015f\u0131yaka Oda Orkestras\u0131\u2019n\u0131n e\u015flik etti\u011fi tarihi \u00f6nemdeki bu konser \u00f6ncesinde, 16. Mersin Uluslararas\u0131 M\u00fczik Festivali 2017 Festival Sanat \u00d6d\u00fcl\u00fc\u2019n\u00fc de alan Ay\u015feg\u00fcl Sar\u0131ca\u2019ya ve Ayla Erduran\u2019a, Nevit Kodall\u0131 Gen\u00e7 Yetenek \u00d6d\u00fcl\u00fc\u2019n\u00fc alan Aylin \u00c7elik\u2019e ve 7. Beste Yar\u0131\u015fmas\u0131 \u00d6d\u00fcl\u00fc\u2019n\u00fc kazanan Soner \u00d6zer\u2019e de \u00f6d\u00fclleri takdim edildi.<br \/>\n\u0130ki b\u00f6l\u00fcmden olu\u015fan konserde, Shostakovich\u2019in Oda Senfonisi Op. 110 Do min\u00f6r, Chausson\u2019un Keman ve Yayl\u0131lar i\u00e7in Kon\u00e7erto Op 21 Re Major, Bach\u2019\u0131n \u0130kili Keman Kon\u00e7ertosu, Bela Bartok Divertimento eserleri seslendirildi.<\/p>\n","protected":false},"excerpt":{"rendered":"<p>16. Mersin Uluslararas\u0131 M\u00fczik Festivali, Rengim G\u00f6kmen y\u00f6netiminde ger\u00e7ekle\u015ftirdi\u011fi \u201cUstalara Sayg\u0131 Konseri\u201d ile klasik m\u00fczi\u011fin d\u00fcnyaca \u00fcnl\u00fc duayenleri Devlet Sanat\u00e7\u0131s\u0131 Ayla Erduran, Devlet Sanat\u00e7\u0131s\u0131 Ay\u015feg\u00fcl Sar\u0131ca\u2019y\u0131 ve keman virt\u00fc\u00f6z\u00fc Cihat &hellip; <a href=\"https:\/\/akdenizolaygazetesi.com\/?p=1183\" class=\"more-link\">Devam\u0131n\u0131 Oku&#8230;<\/a><\/p>\n","protected":false},"author":1,"featured_media":0,"comment_status":"open","ping_status":"open","sticky":false,"template":"","format":"standard","meta":[],"categories":[],"tags":[],"_links":{"self":[{"href":"https:\/\/akdenizolaygazetesi.com\/index.php?rest_route=\/wp\/v2\/posts\/1183"}],"collection":[{"href":"https:\/\/akdenizolaygazetesi.com\/index.php?rest_route=\/wp\/v2\/posts"}],"about":[{"href":"https:\/\/akdenizolaygazetesi.com\/index.php?rest_route=\/wp\/v2\/types\/post"}],"author":[{"embeddable":true,"href":"https:\/\/akdenizolaygazetesi.com\/index.php?rest_route=\/wp\/v2\/users\/1"}],"replies":[{"embeddable":true,"href":"https:\/\/akdenizolaygazetesi.com\/index.php?rest_route=%2Fwp%2Fv2%2Fcomments&post=1183"}],"version-history":[{"count":0,"href":"https:\/\/akdenizolaygazetesi.com\/index.php?rest_route=\/wp\/v2\/posts\/1183\/revisions"}],"wp:attachment":[{"href":"https:\/\/akdenizolaygazetesi.com\/index.php?rest_route=%2Fwp%2Fv2%2Fmedia&parent=1183"}],"wp:term":[{"taxonomy":"category","embeddable":true,"href":"https:\/\/akdenizolaygazetesi.com\/index.php?rest_route=%2Fwp%2Fv2%2Fcategories&post=1183"},{"taxonomy":"post_tag","embeddable":true,"href":"https:\/\/akdenizolaygazetesi.com\/index.php?rest_route=%2Fwp%2Fv2%2Ftags&post=1183"}],"curies":[{"name":"wp","href":"https:\/\/api.w.org\/{rel}","templated":true}]}}