{"id":11840,"date":"2021-04-13T10:04:03","date_gmt":"2021-04-13T07:04:03","guid":{"rendered":"http:\/\/akdenizolaygazetesi.com\/?p=11840"},"modified":"2021-04-13T10:04:43","modified_gmt":"2021-04-13T07:04:43","slug":"mersin-buyuksehirden-249-roman-sanatciya-destek","status":"publish","type":"post","link":"https:\/\/akdenizolaygazetesi.com\/?p=11840","title":{"rendered":"MERS\u0130N B\u00dcY\u00dcK\u015eEH\u0130R\u2019DEN 249 ROMAN SANAT\u00c7IYA DESTEK"},"content":{"rendered":"<p>Mersin B\u00fcy\u00fck\u015fehir Belediyesi K\u00fclt\u00fcr ve Sosyal \u0130\u015fler Dairesi taraf\u0131ndan \u20188 Nisan D\u00fcnya Romanlar G\u00fcn\u00fc\u2019 kapsam\u0131nda d\u00fczenlenen kutlama programlar\u0131 ile kente renk geldi, \u015fehrin d\u00f6rt bir yan\u0131ndan m\u00fczik sesleri y\u00fckseldi. Kentte say\u0131s\u0131 yakla\u015f\u0131k 50 bini bulan Roman vatanda\u015flar, kutlamalar\u0131n heyecan\u0131n\u0131 ya\u015farken, Mersinliler de bu co\u015fkuya evlerinden ve balkonlar\u0131ndan e\u015flik etti.<\/p>\n<p>\u00dcst\u00fc a\u00e7\u0131k \u00fc\u00e7 otob\u00fcste verilen konserlerin son g\u00fcn\u00fcnde Roman sanat\u00e7\u0131lar, Mersin\u2019in merkez il\u00e7elerinde ya\u015fayan vatanda\u015flar\u0131n evlerine seslendirdikleri \u015fark\u0131lar ve t\u00fcrk\u00fclerle konuk oldu. B\u00fcy\u00fck\u015fehir, bu etkinliklerle toplam 249 Roman sanat\u00e7\u0131ya destek sa\u011flad\u0131.<\/p>\n<p>Konserlerle Mersinliler\u2019in evlerinde Roman havas\u0131 esti<\/p>\n<p>Verilen konserler sayesinde ge\u00e7imini m\u00fczikle sa\u011flayan ve pandemi s\u00fcrecinde zor g\u00fcnler ya\u015fayan Roman m\u00fczisyenler, hem bu d\u00f6nemde uzak kalmak zorunda kald\u0131klar\u0131 \u015fark\u0131larla bulu\u015fman\u0131n keyfini ya\u015fad\u0131 hem de verilen destek ile rahat bir nefes ald\u0131. D\u00fcnya Romanlar G\u00fcn\u00fc kapsam\u0131nda ger\u00e7ekle\u015ftirilen etkinliklerde, \u00fcst\u00fc a\u00e7\u0131k otob\u00fcste enstr\u00fcmanlar\u0131n\u0131 \u00e7alan ve \u015fark\u0131lar\u0131n\u0131 s\u00f6yleyen sanat\u00e7\u0131lar, m\u00fczikleri ile Mersinliler\u2019in evine konuk olup, kenti dola\u015ft\u0131. Sokaktaki ve evlerdeki vatanda\u015flar da yank\u0131lanan m\u00fczik sesleri ile bu e\u011flenceye ortak olurken, Roman k\u00fclt\u00fcr\u00fc sokak sokak yank\u0131land\u0131.<\/p>\n<p>A\u015fk\u0131n: \u201cSiz e\u011flenceye gidemiyorsan\u0131z, e\u011flence size gelsin dedik\u201d<\/p>\n<p>Mersin\u2019in yerel sanat\u00e7\u0131lar\u0131ndan Dilek A\u015fk\u0131n, tur ile \u00e7ok e\u011flendi\u011fini belirterek, \u201cBug\u00fcn, de\u011ferli Mersin B\u00fcy\u00fck\u015fehir Belediye Ba\u015fkan\u0131m\u0131z Vahap Se\u00e7er\u2019in d\u00fczenlemi\u015f oldu\u011fu gezi turumuzdayd\u0131k. Evlere \u015fenlik getirdik. \u0130nsanlar \u00e7ok s\u0131k\u0131lm\u0131\u015flar art\u0131k. Ger\u00e7ekten bir hareketlenme oldu. \u0130n\u015fallah daha devam\u0131 da gelecek. Baya\u011f\u0131 bir e\u011flendik. Arkada\u015flar\u0131m\u0131z otob\u00fcste \u00e7ald\u0131lar, ben s\u00f6yledim, e\u011flendik. Vahap Se\u00e7er\u2019in insanlar\u0131m\u0131z\u0131, milletimizi ne kadar d\u00fc\u015f\u00fcnd\u00fc\u011f\u00fcn\u00fc buradan herkese bildirmek isterim. Umar\u0131z gezdi\u011fimiz yerdeki vatanda\u015flar\u0131m\u0131z e\u011flenmi\u015flerdir. B\u00f6yle bir aktiviteyi getirdi\u011fi, bizlere ula\u015ft\u0131rd\u0131\u011f\u0131 i\u00e7in Ba\u015fkan\u0131m\u0131z\u2019a buradan te\u015fekk\u00fcrlerimizi iletiyoruz. Siz e\u011flenceye gidemiyorsan\u0131z, e\u011flence size gelsin dedik ve Vahap Se\u00e7er sayesinde b\u00f6yle \u00e7\u0131kt\u0131k yola\u201d dedi.<\/p>\n<p>\u201cM\u00fczisyenler a\u00e7\u0131s\u0131ndan \u00e7ok iyi oldu\u201d<\/p>\n<p>Derya Onar da b\u00f6yle bir e\u011flenceyi insanlar\u0131n ayaklar\u0131na kadar g\u00f6t\u00fcrd\u00fc\u011f\u00fc i\u00e7in B\u00fcy\u00fck\u015fehir Belediye Ba\u015fkan\u0131 Vahap Se\u00e7er\u2019e te\u015fekk\u00fcrlerini ileterek, \u201cBalkonlar\u0131ndan bizi dinlediler ve biz de insanlar\u0131 co\u015fturduk, e\u011flendiler. Baya\u011f\u0131d\u0131r sahneye de \u00e7\u0131km\u0131yorduk. M\u00fczisyenler a\u00e7\u0131s\u0131ndan da \u00e7ok iyi oldu. \u00c7ok te\u015fekk\u00fcrlerimizi sunuyoruz\u201d diye konu\u015ftu.<\/p>\n","protected":false},"excerpt":{"rendered":"<p>Mersin B\u00fcy\u00fck\u015fehir Belediyesi K\u00fclt\u00fcr ve Sosyal \u0130\u015fler Dairesi taraf\u0131ndan \u20188 Nisan D\u00fcnya Romanlar G\u00fcn\u00fc\u2019 kapsam\u0131nda d\u00fczenlenen kutlama programlar\u0131 ile kente renk geldi, \u015fehrin d\u00f6rt bir yan\u0131ndan m\u00fczik sesleri y\u00fckseldi. Kentte &hellip; <a href=\"https:\/\/akdenizolaygazetesi.com\/?p=11840\" class=\"more-link\">Devam\u0131n\u0131 Oku&#8230;<\/a><\/p>\n","protected":false},"author":2,"featured_media":11842,"comment_status":"open","ping_status":"open","sticky":false,"template":"","format":"standard","meta":[],"categories":[34,1,3,5],"tags":[],"_links":{"self":[{"href":"https:\/\/akdenizolaygazetesi.com\/index.php?rest_route=\/wp\/v2\/posts\/11840"}],"collection":[{"href":"https:\/\/akdenizolaygazetesi.com\/index.php?rest_route=\/wp\/v2\/posts"}],"about":[{"href":"https:\/\/akdenizolaygazetesi.com\/index.php?rest_route=\/wp\/v2\/types\/post"}],"author":[{"embeddable":true,"href":"https:\/\/akdenizolaygazetesi.com\/index.php?rest_route=\/wp\/v2\/users\/2"}],"replies":[{"embeddable":true,"href":"https:\/\/akdenizolaygazetesi.com\/index.php?rest_route=%2Fwp%2Fv2%2Fcomments&post=11840"}],"version-history":[{"count":1,"href":"https:\/\/akdenizolaygazetesi.com\/index.php?rest_route=\/wp\/v2\/posts\/11840\/revisions"}],"predecessor-version":[{"id":11841,"href":"https:\/\/akdenizolaygazetesi.com\/index.php?rest_route=\/wp\/v2\/posts\/11840\/revisions\/11841"}],"wp:featuredmedia":[{"embeddable":true,"href":"https:\/\/akdenizolaygazetesi.com\/index.php?rest_route=\/wp\/v2\/media\/11842"}],"wp:attachment":[{"href":"https:\/\/akdenizolaygazetesi.com\/index.php?rest_route=%2Fwp%2Fv2%2Fmedia&parent=11840"}],"wp:term":[{"taxonomy":"category","embeddable":true,"href":"https:\/\/akdenizolaygazetesi.com\/index.php?rest_route=%2Fwp%2Fv2%2Fcategories&post=11840"},{"taxonomy":"post_tag","embeddable":true,"href":"https:\/\/akdenizolaygazetesi.com\/index.php?rest_route=%2Fwp%2Fv2%2Ftags&post=11840"}],"curies":[{"name":"wp","href":"https:\/\/api.w.org\/{rel}","templated":true}]}}