{"id":11843,"date":"2021-04-13T10:05:42","date_gmt":"2021-04-13T07:05:42","guid":{"rendered":"http:\/\/akdenizolaygazetesi.com\/?p=11843"},"modified":"2021-04-13T10:06:16","modified_gmt":"2021-04-13T07:06:16","slug":"bagcilar-ihsaniye-mahallesine-bank-ve-saksilar-yerlestirildi","status":"publish","type":"post","link":"https:\/\/akdenizolaygazetesi.com\/?p=11843","title":{"rendered":"BA\u011eCILAR \u0130HSAN\u0130YE MAHALLES\u0130\u2019NE BANK VE SAKSILAR YERLE\u015eT\u0130R\u0130LD\u0130"},"content":{"rendered":"<p>Mersin B\u00fcy\u00fck\u015fehir Belediyesi, muhtarlardan ve vatanda\u015flardan gelen talepler do\u011frultusunda y\u00fcr\u00fctt\u00fc\u011f\u00fc \u00e7al\u0131\u015fmalar\u0131 s\u00fcrd\u00fcr\u00fcyor. K\u0131sa s\u00fcre \u00f6nce B\u00fcy\u00fck\u015fehir Belediyesi Genel Sekreter Yard\u0131mc\u0131s\u0131 Hasan G\u00f6kbel ve beraberindeki 8 daire ba\u015fkan\u0131, Akdeniz il\u00e7esi Ba\u011fc\u0131lar \u0130hsaniye Mahallesi\u2019ni ziyaret ederek mahallenin sorunlar\u0131n\u0131 yerinde dinlemi\u015f, vatanda\u015flardan gelen talepleri alm\u0131\u015ft\u0131.<\/p>\n<p>Mahalle Muhtar\u0131 Y\u00fccel \u015een\u2019in daveti \u00fczerine ger\u00e7ekle\u015ftirilen ziyarette, T\u00fcrkiye\u2019nin tek \u2018Giritli K\u00f6y\u00fc\u2019 olarak da bilinen mahallede turizmi canland\u0131rman\u0131n yollar\u0131 da konu\u015fulmu\u015ftu. Ekipler k\u0131sa s\u00fcrede harekete ge\u00e7erek, b\u00f6lgeye yap\u0131lacak hizmetlerin ba\u015flang\u0131c\u0131n\u0131 yapt\u0131.<\/p>\n<p>\u00c7i\u00e7ekler de banklar da B\u00fcy\u00fck\u015fehir\u2019den<\/p>\n<p>Park ve Bah\u00e7eler Dairesi\u2019ne ba\u011fl\u0131 ekipler, B\u00fcy\u00fck\u015fehir\u2019in fidanl\u0131\u011f\u0131nda yer alan marangozhanede \u00fcrettikleri ah\u015fap saks\u0131lar\u0131 ve banklar\u0131 Ba\u011fc\u0131lar \u0130hsaniye Mahallesi\u2019nde belirlenen noktalara yerle\u015ftirdi. B\u00fcy\u00fck\u015fehir fidanl\u0131\u011f\u0131nda yeti\u015ftirilen rengarenk \u00e7i\u00e7ekler, k\u00f6y\u00fcn ruhuna ve evlerin d\u0131\u015f cephesine uygun olarak mavi ve beyaz renklere boyanan ah\u015fap saks\u0131lara yerle\u015ftirildi. K\u00f6ye huzur dolu bir hava katan maviliklere, al\u0131yla moruyla \u00e7i\u00e7ekler e\u015flik etti.<\/p>\n<p>\u201cBu bir ilk\u201d<\/p>\n<p>22 y\u0131ld\u0131r Giritli k\u00f6y\u00fcnde ya\u015fad\u0131\u011f\u0131n\u0131 ifade eden Eda G\u00f6l, \u201cMersin B\u00fcy\u00fck\u015fehir Belediye Ba\u015fkan\u0131m\u0131z Vahap Se\u00e7er k\u00f6y\u00fcm\u00fcz i\u00e7in \u00e7i\u00e7eklendirme yapt\u0131. Bu bir ilk. K\u00f6y\u00fcm\u00fcz renklenecek. Banklar getirildi, daha farkl\u0131 \u015feyler de bekliyoruz. Hizmetini bizden esirgememesini istiyoruz. Te\u015fekk\u00fcr ediyorum\u201d dedi.<\/p>\n<p>\u201cBa\u015fkan\u0131m\u0131z gereken her \u015feyi yap\u0131yor\u201d<\/p>\n<p>Ba\u011fc\u0131lar \u0130hsaniye Mahallesi sakinlerinden Hatice Y\u0131ld\u0131z, \u201cBa\u015fkan\u0131m\u0131z\u2019dan memnunuz, k\u00f6y\u00fcm\u00fczle ilgileniyor. Gereken her \u015feyi yap\u0131yor, sa\u011f olsun\u201d dedi. Leyla Yal\u00e7\u0131n ise \u201c32 y\u0131ld\u0131r burada ya\u015f\u0131yorum. Mersin B\u00fcy\u00fck\u015fehir Belediye Ba\u015fkan\u0131m\u0131z Vahap Se\u00e7er, ekipleriyle k\u00f6y\u00fcm\u00fcz\u00fc g\u00fczelle\u015ftirmek, \u015fenlendirmek i\u00e7in \u00e7i\u00e7ek g\u00f6ndermi\u015f. Te\u015fekk\u00fcr ediyorum\u201d ifadelerine yer verdi.<\/p>\n<p>\u201cH\u0131zl\u0131 bir \u015fekilde \u00e7al\u0131\u015fmalara ba\u015flad\u0131k\u201d<\/p>\n<p>Ba\u011fc\u0131lar \u0130hsaniye Mahalle Muhtar\u0131 Y\u00fccel \u015een, 1898 y\u0131l\u0131nda Girit Adas\u0131\u2019ndan ka\u00e7arak gelenlerin k\u00f6y\u00fc olu\u015fturdu\u011funu ve k\u00f6y\u00fcn ba\u015fl\u0131ca ge\u00e7im kayna\u011f\u0131n\u0131n tar\u0131m oldu\u011funu s\u00f6yledi. \u015een, \u201cB\u00fcy\u00fck\u015fehir Belediyesi Daire Ba\u015fkanlar\u0131m\u0131z davetimiz \u00fczerine geldi ve k\u00f6ydeki eksikliklerin yerinde tespiti i\u00e7in bir toplant\u0131 ger\u00e7ekle\u015ftirdik. Bunun \u00fczerine h\u0131zl\u0131 bir \u015fekilde \u00e7al\u0131\u015fmalara ba\u015flad\u0131k. Bu sayede sokak aralar\u0131na saks\u0131 \u00e7i\u00e7eklerimiz, banklar\u0131m\u0131z yerle\u015ftirildi. Akabinde daha farkl\u0131 \u00e7al\u0131\u015fmalar\u0131m\u0131z da olacak. \u00d6ncelikle Vahap Ba\u015fkan\u0131m\u2019a te\u015fekk\u00fcr ediyorum, daire ba\u015fkanlar\u0131na da ayn\u0131 \u015fekilde\u201d dedi.<\/p>\n<p>K\u00f6yde turizmle ilgili \u00e7al\u0131\u015fmalar oldu\u011fundan bahseden \u015een, \u201cK\u00f6y\u00fcn ge\u00e7im kayna\u011f\u0131 tabii ki ba\u015fta tar\u0131m. Zeytin, zeytinya\u011f\u0131 yan\u0131 s\u0131ra vatanda\u015flar butik olarak kendi aileleri aras\u0131nda atadan g\u00f6rme \u015farap, sirke haneye yetecek kadar yap\u0131l\u0131yor. Tabi \u015fimdi turizmle ilgili de geli\u015fmeler oluyor. Mekanlar a\u00e7\u0131l\u0131yor. \u0130stiyoruz ki herkes yaps\u0131n. Herkes butik bir \u015fekilde kendi \u00fcretti\u011fini pazarlayabilsin\u201d diye konu\u015ftu.<\/p>\n<p>B\u00fcy\u00fck\u015fehir\u2019in b\u00fcrokratlar\u0131 sorunlar\u0131 yerinde dinlemeye devam edecek<\/p>\n<p>Park ve Bah\u00e7eler Dairesi\u2019nde Rekreasyon Uzman\u0131 olarak g\u00f6rev yapan P\u0131nar Savrun, iyile\u015ftirme \u00e7al\u0131\u015fmalar\u0131n\u0131n di\u011fer daire ba\u015fkanl\u0131klar\u0131yla koordineli olarak devam edece\u011fini ifade ederek, \u015funlar\u0131 s\u00f6yledi:<\/p>\n<p>\u201cSay\u0131n Ba\u015fkan\u0131m\u0131z Vahap Se\u00e7er ve Genel Sekreter Yard\u0131mc\u0131m\u0131z \u00f6nc\u00fcl\u00fc\u011f\u00fcnde daire ba\u015fkanlar\u0131m\u0131z kentin muhtelif yerle\u015fim yerlerinde ziyaretlerde bulunuyor. Buradaki eksiklikleri dinliyorlar, vatanda\u015flar\u0131m\u0131zdan talepler al\u0131yorlar, muhtarlarla alanlar\u0131 geziyorlar ve iyile\u015ftirme program\u0131na gidiyorlar. \u015eu an iyile\u015ftirme program\u0131yla Ba\u011fc\u0131lar \u0130hsaniye Mahallesi\u2019ndeyiz. Mahallemize, muhtar\u0131m\u0131zla belirledi\u011fimiz noktalara saks\u0131lar, banklar koyduk. Bu iyile\u015ftirme program\u0131m\u0131z di\u011fer daire ba\u015fkanl\u0131klar\u0131m\u0131zla birlikte devam edecek.\u201d<\/p>\n","protected":false},"excerpt":{"rendered":"<p>Mersin B\u00fcy\u00fck\u015fehir Belediyesi, muhtarlardan ve vatanda\u015flardan gelen talepler do\u011frultusunda y\u00fcr\u00fctt\u00fc\u011f\u00fc \u00e7al\u0131\u015fmalar\u0131 s\u00fcrd\u00fcr\u00fcyor. K\u0131sa s\u00fcre \u00f6nce B\u00fcy\u00fck\u015fehir Belediyesi Genel Sekreter Yard\u0131mc\u0131s\u0131 Hasan G\u00f6kbel ve beraberindeki 8 daire ba\u015fkan\u0131, Akdeniz il\u00e7esi Ba\u011fc\u0131lar &hellip; <a href=\"https:\/\/akdenizolaygazetesi.com\/?p=11843\" class=\"more-link\">Devam\u0131n\u0131 Oku&#8230;<\/a><\/p>\n","protected":false},"author":2,"featured_media":11845,"comment_status":"open","ping_status":"open","sticky":false,"template":"","format":"standard","meta":[],"categories":[8,34,1,3,5],"tags":[],"_links":{"self":[{"href":"https:\/\/akdenizolaygazetesi.com\/index.php?rest_route=\/wp\/v2\/posts\/11843"}],"collection":[{"href":"https:\/\/akdenizolaygazetesi.com\/index.php?rest_route=\/wp\/v2\/posts"}],"about":[{"href":"https:\/\/akdenizolaygazetesi.com\/index.php?rest_route=\/wp\/v2\/types\/post"}],"author":[{"embeddable":true,"href":"https:\/\/akdenizolaygazetesi.com\/index.php?rest_route=\/wp\/v2\/users\/2"}],"replies":[{"embeddable":true,"href":"https:\/\/akdenizolaygazetesi.com\/index.php?rest_route=%2Fwp%2Fv2%2Fcomments&post=11843"}],"version-history":[{"count":2,"href":"https:\/\/akdenizolaygazetesi.com\/index.php?rest_route=\/wp\/v2\/posts\/11843\/revisions"}],"predecessor-version":[{"id":11846,"href":"https:\/\/akdenizolaygazetesi.com\/index.php?rest_route=\/wp\/v2\/posts\/11843\/revisions\/11846"}],"wp:featuredmedia":[{"embeddable":true,"href":"https:\/\/akdenizolaygazetesi.com\/index.php?rest_route=\/wp\/v2\/media\/11845"}],"wp:attachment":[{"href":"https:\/\/akdenizolaygazetesi.com\/index.php?rest_route=%2Fwp%2Fv2%2Fmedia&parent=11843"}],"wp:term":[{"taxonomy":"category","embeddable":true,"href":"https:\/\/akdenizolaygazetesi.com\/index.php?rest_route=%2Fwp%2Fv2%2Fcategories&post=11843"},{"taxonomy":"post_tag","embeddable":true,"href":"https:\/\/akdenizolaygazetesi.com\/index.php?rest_route=%2Fwp%2Fv2%2Ftags&post=11843"}],"curies":[{"name":"wp","href":"https:\/\/api.w.org\/{rel}","templated":true}]}}