{"id":11847,"date":"2021-04-13T10:07:39","date_gmt":"2021-04-13T07:07:39","guid":{"rendered":"http:\/\/akdenizolaygazetesi.com\/?p=11847"},"modified":"2021-04-13T10:08:24","modified_gmt":"2021-04-13T07:08:24","slug":"ilk-ceyrekte-yas-meyve-sebze-ihracatimiz-yuzde-22-artisla-7745-milyon-dolara-ulasti","status":"publish","type":"post","link":"https:\/\/akdenizolaygazetesi.com\/?p=11847","title":{"rendered":"\u2018\u0130LK \u00c7EYREKTE YA\u015e MEYVE SEBZE \u0130HRACATIMIZ Y\u00dcZDE 22 ARTI\u015eLA 774,5 M\u0130LYON DOLARA ULA\u015eTI\u2019"},"content":{"rendered":"<p>Akdeniz Ya\u015f Meyve ve Sebze \u0130hracat\u00e7\u0131lar Birli\u011fi Ba\u015fkan\u0131 Nejdat Sin, 2021\u2019in ilk \u00e7eyre\u011finde T\u00fcrkiye\u2019nin ya\u015f meyve sebze ihracat\u0131n\u0131n ge\u00e7en y\u0131l\u0131n ayn\u0131 d\u00f6nemine g\u00f6re y\u00fczde 22 art\u0131\u015fla 774,5 milyon dolara ula\u015ft\u0131\u011f\u0131n\u0131 a\u00e7\u0131klad\u0131. Ge\u00e7en y\u0131l y\u00fczde 21 art\u0131\u015fla 2,73 milyar dolarl\u0131k ihracat hacmine ula\u015fan meyve sebze sekt\u00f6r\u00fcn\u00fcn 2021 y\u0131l\u0131nda da ba\u015far\u0131 hik\u00e2yeleri yazmaya devam etti\u011fini vurgulayan Ba\u015fkan Nejdat Sin, \u201cElde etti\u011fimiz bu ba\u015far\u0131larda verimli, kaliteli ve g\u00fcvenli \u00fcretimi s\u00fcrd\u00fcr\u00fclebilir k\u0131lmak ad\u0131na ortak ak\u0131lla y\u00fcr\u00fctt\u00fc\u011f\u00fcm\u00fcz \u00e7al\u0131\u015fmalar\u0131m\u0131z etkili oluyor.\u201d dedi.<\/p>\n<p>Meyve sebze ihracat\u0131nda Akdeniz\u2019in pay\u0131 y\u00fczde 42<br \/>\n2021 y\u0131l\u0131n\u0131n Ocak-Mart aylar\u0131 aras\u0131nda Akdeniz Ya\u015f Meyve ve Sebze \u0130hracat\u00e7\u0131lar Birli\u011fi\u2019nin 327,5 milyon dolarl\u0131k ihracat performans\u0131yla \u00fclke geneli sekt\u00f6r ihracat\u0131ndan y\u00fczde 42 pay ald\u0131\u011f\u0131n\u0131 kaydeden Ba\u015fkan Nejdat Sin, \u201c\u00dclkemizde \u00fcr\u00fcn deseninden toprak i\u015flemeye, bitki bak\u0131m\u0131ndan zirai m\u00fccadele y\u00f6ntemlerine kadar geli\u015fmi\u015f bir yap\u0131da tar\u0131msal faaliyetler devam ediyor. Bu yap\u0131n\u0131n g\u00fc\u00e7lenmesi i\u00e7in \u00f6zellikle son \u00fc\u00e7 y\u0131lda verimli, kaliteli ve g\u00fcvenli \u00fcretimi s\u00fcrd\u00fcr\u00fclebilir \u015fekilde devam ettirmek hedefiyle ortak ak\u0131lla y\u00fcr\u00fctt\u00fc\u011f\u00fcm\u00fcz \u00e7al\u0131\u015fmalar\u0131m\u0131z sekt\u00f6r\u00fcm\u00fcz\u00fcn yol haritas\u0131n\u0131 da b\u00fcy\u00fck \u00f6l\u00e7\u00fcde \u015fekillendiriyor.\u201d dedi.<br \/>\nCovid-19 pandemisi s\u00fcrecinde d\u00fcnya genelinde g\u0131da g\u00fcvenli\u011finin ve izlenebilirli\u011fin \u00f6n plana \u00e7\u0131kt\u0131\u011f\u0131n\u0131 ifade eden Ba\u015fkan Nejdat Sin, \u201cYeni d\u00fcnya d\u00fczeninde tarladan sofraya gelinceye kadar yeti\u015ftirilen meyve ve sebzenin izlenebilirli\u011fi ve t\u00fcm s\u00fcrecin \u015feffaf bir \u015fekilde ortaya konulmas\u0131 gerekiyor. Bu kapsamdaki \u00e7al\u0131\u015fmalar\u0131m\u0131z\u0131 ilgili bakanl\u0131klar, \u00fcretici birlikleri, ziraat odalar\u0131, ziraat m\u00fchendisleri odalar\u0131, zirai ila\u00e7 bayileri, zirai dan\u0131\u015fmanlar ile beraber y\u00fcr\u00fct\u00fcyoruz. T\u00fcm \u00fcretim, hasat ve hasat sonras\u0131 i\u015flemleri en uygun y\u00f6ntemlerle yapmaya b\u00fcy\u00fck \u00f6zen g\u00f6steriyoruz\u201d diye konu\u015ftu.<\/p>\n<p>\u2018\u00dcretim, hasat ve hasat sonras\u0131 olarak \u00fc\u00e7 a\u015fama da \u00e7ok \u00f6nemli\u2019<br \/>\nBirle\u015fmi\u015f Milletler\u2019in 2021\u2019i Uluslararas\u0131 Meyve ve Sebze Y\u0131l\u0131 ilan etti\u011fini, bu teman\u0131n d\u00fcnya sebze \u00fcretiminde 4\u2019\u00fcnc\u00fc, meyve \u00fcretiminde 5\u2019inci konumda olan T\u00fcrkiye i\u00e7in \u00f6nemli f\u0131rsatlar yaratt\u0131\u011f\u0131n\u0131 belirten Ba\u015fkan Nejdat Sin, \u015funlar\u0131 s\u00f6yledi: \u201c\u0130zlenebilirli\u011fi k\u00f6klendirmek ad\u0131na \u00e7al\u0131\u015fmalar\u0131m\u0131z\u0131 \u00fc\u00e7 a\u015famada y\u00fcr\u00fct\u00fcyoruz. Birinci a\u015famada \u00e7evre dostu olan biyolojik ve biyoteknik zirai m\u00fccadele y\u00f6ntemlerinin se\u00e7ilmesi \u00f6nem ta\u015f\u0131yor. Bu konuda k\u0131s\u0131r sinek teknolojileri, faydal\u0131 b\u00f6cek ve farkl\u0131 tuzaklar\u0131n kullan\u0131m\u0131 ile e\u011fer gerekli ise do\u011fru zamanda do\u011fru zirai m\u00fccadelenin uygulanmas\u0131n\u0131 sa\u011flamak i\u00e7in gerekli t\u00fcm \u00e7al\u0131\u015fmalar\u0131 yap\u0131yoruz. Ayr\u0131ca izlenebilir \u00fcretim konusunda sekt\u00f6r payda\u015flar\u0131m\u0131zla gerekli toplant\u0131lar\u0131 d\u00fczenli olarak yap\u0131yor, \u00fcreticilerimiz ile uzmanlar\u0131 bulu\u015fturuyoruz. Sezon \u00f6ncesinde yasakl\u0131 ila\u00e7 listesi ile uygun ila\u00e7 kombinasyonlar\u0131n\u0131 ilgili bakanl\u0131klardan g\u00f6r\u00fc\u015f alarak \u00fcreticilerimize iletiyoruz.<\/p>\n<p>\u2018\u0130hracat hacminde en y\u00fcksek art\u0131\u015flar\u0131 Suriye, Libya ve Avusturya\u2019da yakalad\u0131k\u2019<br \/>\nOcak-Mart d\u00f6nemindeki ya\u015f meyve sebze ihracat\u0131n\u0131 \u00fclkelere g\u00f6re de\u011ferlendiren Ba\u015fkan Sin, \u015f\u00f6yle konu\u015ftu: \u201cY\u0131l\u0131n ilk \u00e7eyre\u011finde en fazla ihracat\u0131 y\u00fczde 14 art\u0131\u015f ve 228,9 milyon dolar de\u011fer ile Rusya\u2019ya ger\u00e7ekle\u015ftirdik. Bu \u00fclkeyi y\u00fczde 90 art\u0131\u015f ve 76 milyon dolar de\u011fer ile Irak, y\u00fczde 17 art\u0131\u015f ve 69,2 milyon dolar de\u011fer ile Romanya takip etti. Ayn\u0131 d\u00f6nemde en fazla ihracat art\u0131\u015flar\u0131n\u0131 kaydetti\u011fimiz \u00fclkeler ise y\u00fczde 364 art\u0131\u015f ve 22,7 milyon dolar de\u011fer ile Suriye, y\u00fczde 156 art\u0131\u015f ve 6 milyon dolar de\u011fer ile Libya, y\u00fczde 112 art\u0131\u015f ve 7,3 milyon dolar de\u011fer ile Avusturya oldu. Hindistan, Birle\u015fik Krall\u0131k, Birle\u015fik Arap Emirlikleri ve Almanya pazarlar\u0131nda da \u00f6nemli art\u0131\u015flar sa\u011flad\u0131k.\u201d<\/p>\n<p>Rusya\u2019ya ihracatta domates kotas\u0131n\u0131n artt\u0131r\u0131lmas\u0131 i\u00e7in yo\u011fun g\u00f6r\u00fc\u015fmeler yap\u0131ld\u0131<br \/>\nBa\u015fkan Sin, Rusya\u2019ya domates ihracat\u0131 kotas\u0131n\u0131n artt\u0131r\u0131lmas\u0131n\u0131 teminen T\u00fcrkiye\u2019nin Moskova B\u00fcy\u00fckel\u00e7ili\u011fi, Ticaret Bakanl\u0131\u011f\u0131 ve Tar\u0131m ve Orman Bakanl\u0131\u011f\u0131 ile i\u015fbirli\u011fi i\u00e7erisinde yo\u011fun \u00e7al\u0131\u015fmalar yap\u0131ld\u0131\u011f\u0131n\u0131 ve neticede Rusya\u2019ya domates ihracat\u0131nda uygulanan 250 bin tonluk kotan\u0131n 300 bin tona \u00e7\u0131kar\u0131lmas\u0131 yolunda Rusya Tar\u0131m Bakanl\u0131\u011f\u0131\u2019n\u0131n ikna edildi\u011fini belirtti. Ba\u015fkan Sin \u201cRusya\u2019da yasal prosed\u00fcrler tamamland\u0131ktan sonra kotan\u0131n 300 bin tona \u00e7\u0131kaca\u011f\u0131n\u0131 olaca\u011f\u0131n\u0131 belirtmek isterim. Eme\u011fi ge\u00e7en herkese bir kez daha te\u015fekk\u00fcr ederiz.\u201d dedi.<\/p>\n<p>Rusya\u2019da ya\u015f meyve sebze tan\u0131t\u0131m kampanyam\u0131z b\u00fcy\u00fck \u00f6d\u00fcl kazanm\u0131\u015ft\u0131r<br \/>\nRusya\u2019da ya\u015f meyve sebze sekt\u00f6r\u00fcn\u00fcn tan\u0131t\u0131m\u0131na y\u00f6nelik olarak haz\u0131rlanan ve t\u00fcm h\u0131z\u0131yla s\u00fcren medya tan\u0131t\u0131m kampanyas\u0131 nedeniyle, bu \u00fclkedeki \u00f6nemli bir medya kurulu\u015fu olan Komsomolskaya Pravda\u2019n\u0131n T\u00fcrkiye Ya\u015f Meyve Sebze Sekt\u00f6r\u00fc\u2019n\u00fc \u2018D\u00fcnyan\u0131n En Efsanevi Markas\u0131 \u00d6d\u00fcl\u00fc\u2019ne lay\u0131k g\u00f6rd\u00fc\u011f\u00fc bilgisini payla\u015fan Ba\u015fkan Nejdat Sin, s\u00f6z konusu \u00f6d\u00fcl\u00fcn al\u0131nmas\u0131nda ba\u015fta Akdeniz Ya\u015f Meyve Sebze \u0130hracat\u00e7\u0131lar\u0131 Birli\u011fi Y\u00f6netim Kurulu olmak \u00fczere, T\u00fcrkiye Ya\u015f Meyve Sebze Sekt\u00f6r Kurulu\u2019na  sekreterya hizmeti veren AK\u0130B Genel Sekreterli\u011fi\u2019ne ve eme\u011fi ge\u00e7en herkese katk\u0131lar\u0131ndan dolay\u0131 te\u015fekk\u00fcr etti.<\/p>\n","protected":false},"excerpt":{"rendered":"<p>Akdeniz Ya\u015f Meyve ve Sebze \u0130hracat\u00e7\u0131lar Birli\u011fi Ba\u015fkan\u0131 Nejdat Sin, 2021\u2019in ilk \u00e7eyre\u011finde T\u00fcrkiye\u2019nin ya\u015f meyve sebze ihracat\u0131n\u0131n ge\u00e7en y\u0131l\u0131n ayn\u0131 d\u00f6nemine g\u00f6re y\u00fczde 22 art\u0131\u015fla 774,5 milyon dolara ula\u015ft\u0131\u011f\u0131n\u0131 &hellip; <a href=\"https:\/\/akdenizolaygazetesi.com\/?p=11847\" class=\"more-link\">Devam\u0131n\u0131 Oku&#8230;<\/a><\/p>\n","protected":false},"author":2,"featured_media":11849,"comment_status":"open","ping_status":"open","sticky":false,"template":"","format":"standard","meta":[],"categories":[8,34,1,2,3,5],"tags":[],"_links":{"self":[{"href":"https:\/\/akdenizolaygazetesi.com\/index.php?rest_route=\/wp\/v2\/posts\/11847"}],"collection":[{"href":"https:\/\/akdenizolaygazetesi.com\/index.php?rest_route=\/wp\/v2\/posts"}],"about":[{"href":"https:\/\/akdenizolaygazetesi.com\/index.php?rest_route=\/wp\/v2\/types\/post"}],"author":[{"embeddable":true,"href":"https:\/\/akdenizolaygazetesi.com\/index.php?rest_route=\/wp\/v2\/users\/2"}],"replies":[{"embeddable":true,"href":"https:\/\/akdenizolaygazetesi.com\/index.php?rest_route=%2Fwp%2Fv2%2Fcomments&post=11847"}],"version-history":[{"count":2,"href":"https:\/\/akdenizolaygazetesi.com\/index.php?rest_route=\/wp\/v2\/posts\/11847\/revisions"}],"predecessor-version":[{"id":11850,"href":"https:\/\/akdenizolaygazetesi.com\/index.php?rest_route=\/wp\/v2\/posts\/11847\/revisions\/11850"}],"wp:featuredmedia":[{"embeddable":true,"href":"https:\/\/akdenizolaygazetesi.com\/index.php?rest_route=\/wp\/v2\/media\/11849"}],"wp:attachment":[{"href":"https:\/\/akdenizolaygazetesi.com\/index.php?rest_route=%2Fwp%2Fv2%2Fmedia&parent=11847"}],"wp:term":[{"taxonomy":"category","embeddable":true,"href":"https:\/\/akdenizolaygazetesi.com\/index.php?rest_route=%2Fwp%2Fv2%2Fcategories&post=11847"},{"taxonomy":"post_tag","embeddable":true,"href":"https:\/\/akdenizolaygazetesi.com\/index.php?rest_route=%2Fwp%2Fv2%2Ftags&post=11847"}],"curies":[{"name":"wp","href":"https:\/\/api.w.org\/{rel}","templated":true}]}}